{"id":10661,"date":"2009-07-01T09:45:44","date_gmt":"2009-07-01T06:45:44","guid":{"rendered":"http:\/\/www.korhanyilmaz.com\/?p=10661"},"modified":"2009-07-01T09:45:44","modified_gmt":"2009-07-01T06:45:44","slug":"kaymakami-kizdiran-saygi-durusu","status":"publish","type":"post","link":"http:\/\/www.korhanyilmaz.com\/?p=10661","title":{"rendered":"Kaymakam\u0131 k\u0131zd\u0131ran &#039;sayg\u0131 duru\u015fu&#039;"},"content":{"rendered":"<p style=\"text-align: center;\"><img loading=\"lazy\" decoding=\"async\" class=\"aligncenter size-full wp-image-10662\" src=\"http:\/\/www.korhanyilmaz.com\/wp-content\/uploads\/2009\/07\/010720090956085858486.jpg\" alt=\"\" width=\"329\" height=\"210\" \/><\/p>\n<p style=\"text-align: justify;\">S\u00f6zde devrim \u015fehitleri ad\u0131na yap\u0131lan sayg\u0131 duru\u015funda Kaymakam \u015eefik G\u00fcldibi aya\u011fa kalkmad\u0131.<\/p>\n<p style=\"text-align: justify;\">B\u0130TL\u0130S&#8217;in Tatvan \u0130l\u00e7esi&#8217;nde Tatvan Kaymakaml\u0131\u011f\u0131 ile DTP&#8217;li Belediye taraf\u0131ndan bu y\u0131l 41&#8217;incisi d\u00fczenlenen `Tatvan Do\u011fu Anadolu Fuar\u0131&#8217;na `S\u00f6zde Sayg\u0131 Duru\u015fu&#8217; damgas\u0131n\u0131 vurdu.<\/p>\n<p style=\"text-align: justify;\">Fuar a\u00e7\u0131l\u0131\u015f\u0131nda DTP&#8217;li Mu\u015f milletvekilleri S\u0131rr\u0131 Sak\u0131k, M. Nuri Yaman, DTP&#8217;li Bitlis Belediye Ba\u015fkan\u0131 Nezir Karaba\u015f ile partililer s\u00f6zde devrim \u015fehitleri i\u00e7in 1 dakikal\u0131k sayg\u0131 duru\u015fu i\u00e7in aya\u011fa kalkarken, Kaymakam Orhan \u015eefik G\u00fcldibi ile kurum amirleri, baz\u0131 sivil toplum \u00f6rg\u00fct\u00fc temsilcilerinin yerlerinde oturmalar\u0131 ilgin\u00e7 bir g\u00f6r\u00fcnt\u00fc olu\u015fturdu. Kortej y\u00fcr\u00fcy\u00fc\u015f\u00fc s\u0131ras\u0131nda ise organizat\u00f6r firman\u0131n yetkilisi oldu\u011fu ileri s\u00fcr\u00fclen H\u00fclya Da\u011f&#8217;\u0131n sadece fuar bayraklar\u0131n\u0131n ta\u015f\u0131nmas\u0131 gerekti\u011fini belirterek T\u00fcrk Bayra\u011f\u0131&#8217;n\u0131n kald\u0131r\u0131lmas\u0131 y\u00f6n\u00fcndeki zab\u0131ta g\u00f6revlilerine yapt\u0131\u011f\u0131 uyar\u0131, sonu\u00e7suz kald\u0131.<!--more--><\/p>\n<p style=\"text-align: justify;\">Tatvan Kaymakal\u0131\u011f\u0131 ile DTP&#8217;li belediyenin birlikte organize ettikleri Tatvan Do\u011fu Anadolu Fuar\u0131, bu ak\u015fam saat 19.30 s\u0131ralar\u0131nda 41&#8217;inci kez kap\u0131lar\u0131n\u0131 a\u00e7t\u0131. A\u00e7\u0131l\u0131\u015fa DTP&#8217;li Mu\u015f miletvekilleri S\u0131rr\u0131 Sak\u0131k, M. Nuri Yaman, DTP&#8217;li Bitlis Milletvekili Nezir Karaba\u015f, Kaymakam Orhan \u015eefik G\u00fcldibi, DTP&#8217;li \u0130l\u00e7e Belediye Ba\u015fkan\u0131 Abdullah Ok ve yakla\u015f\u0131k bin 500 ki\u015fi kat\u0131ld\u0131. Tatvan Belediyesi \u00f6n\u00fcnde toplanan topluluk, fuar alan\u0131na ula\u015fmak i\u00e7in 3 kilometrelik kortej y\u00fcr\u00fcy\u00fc\u015f\u00fc ger\u00e7ekle\u015ftirdi. Ancak kalabal\u0131k, y\u00fcr\u00fcy\u00fc\u015f\u00fcn yap\u0131ld\u0131\u011f\u0131 yolda iki gruba ayr\u0131ld\u0131. Bu gruplardan birini DTP&#8217;liler olu\u015fturdu.<\/p>\n<p style=\"text-align: justify;\">\u00d6ndeki grubu olu\u015fturan Kaymakam Orhan \u015eefik G\u00fcldibi, DTP&#8217;li Belediye Ba\u015fkan\u0131 Abdullah Ok ile baz\u0131 kurum amirleri ve baz\u0131 vatanda\u015flar dev bir T\u00fcrk Bayra\u011f\u0131 e\u015fli\u011finde y\u00fcr\u00fcd\u00fc.<\/p>\n<p style=\"text-align: justify;\">Bu toplulu\u011fu yakla\u015f\u0131k 300 metre gerisinde ise Mu\u015f milletvekilleri Sak\u0131k ve Yaman ile Bitlis Milletvekili Karaba\u015f&#8217;la DTP&#8217;lilerin bulundu\u011fu grup y\u00fcr\u00fcy\u00fc\u015f\u00fc ger\u00e7ekle\u015ftirdi. Bu grubun y\u00fcr\u00fcy\u00fc\u015f\u00fc esnas\u0131nda \u00fczerinde Yurtsever Demokratik Gen\u00e7lik yaz\u0131l\u0131 olan bir flaman\u0131n a\u00e7\u0131lmas\u0131 dikkati \u00e7ekti.<\/p>\n<p style=\"text-align: justify;\"><strong>ORGAN\u0130ZAT\u00d6R YETK\u0130L\u0130S\u0130NDEN T\u00dcRK BAYRA\u011eI&#8217;NA M\u00dcDAHALE <\/strong><\/p>\n<p style=\"text-align: justify;\">Tatvan Do\u011fu Anadolu Fuar\u0131&#8217;n\u0131n a\u00e7\u0131l\u0131\u015f organizasyonunu \u00fcstlenen Diyarbak\u0131r&#8217;daki firman\u0131n g\u00f6revlisi oldu\u011fu belirtilen H\u00fclya Da\u011f, kortej y\u00fcr\u00fcy\u00fc\u015f\u00fc s\u0131ras\u0131nda T\u00fcrk Bayra\u011f\u0131&#8217;na m\u00fcdahalede bulunmak istedi. T\u00fcrk Bayra\u011f\u0131&#8217;n\u0131n bulundu\u011fu grubun yan\u0131na gelen H\u00fclya Da\u011f, zab\u0131ta memuruna &#8220;Bu bayra\u011f\u0131n burada ne i\u015fi var. L\u00fctfen m\u00fcdahale edermisiniz&#8221; uyar\u0131s\u0131nda bulundu.<\/p>\n<p style=\"text-align: justify;\">Zab\u0131ta memuru ise H\u00fclya Da\u011f&#8217;a, &#8220;Ben ona m\u00fcdahale edemem, sen bana hi\u00e7bir program veremezsin&#8221; cevab\u0131n\u0131 verdi.<\/p>\n<p style=\"text-align: justify;\">Bunun \u00fczerine Da\u011f, &#8220;T\u00fcrk Bayra\u011f\u0131 yok, sadece fuar bayraklar\u0131 var&#8221; diye konu\u015ftu.<\/p>\n<p style=\"text-align: justify;\">Bu s\u0131rada konu\u015fmalara \u015fahit olan bir vatanda\u015f, &#8220;Bayra\u011f\u0131n nesi sizi rahats\u0131z ediyor&#8221; diye araya girdi.<\/p>\n<p style=\"text-align: justify;\">DTP&#8217;li oldu\u011fu tahmin edilen bir ba\u015fka vatanda\u015f ise, &#8220;Nesi ediyorsa ediyor&#8221; diye konu\u015ftu.<\/p>\n<p style=\"text-align: justify;\">Bu diyolo\u011fun ard\u0131ndan Da\u011f, bayra\u011f\u0131 ta\u015f\u0131yan gen\u00e7lere y\u00f6nelerek, &#8220;Hay\u0131r olmayacak. Toplar m\u0131s\u0131n\u0131z&#8221; dedi, zab\u0131taya da d\u00f6nerek &#8220;M\u00fcdahale edin&#8221; diye konu\u015ftu.<\/p>\n<p style=\"text-align: justify;\">Olaya \u015fahit olan baz\u0131 DTP&#8217;liler, K\u00fcrt\u00e7e olarak Da\u011f&#8217;\u0131 yat\u0131\u015ft\u0131rmaya \u00e7al\u0131\u015ft\u0131. Bunun \u00fczerine H\u00fclya Da\u011f, oradan uzakla\u015ft\u0131 ve gerilim t\u0131rmanmadan sona erdi. Ard\u0131ndan korteje kat\u0131lan iki grup fuar alan\u0131na geldi.<\/p>\n<p style=\"text-align: justify;\"><strong>\u0130ST\u0130KLAL MAR\u015eI OKUNMADI<\/strong><\/p>\n<p style=\"text-align: justify;\">Fuar\u0131n a\u00e7\u0131l\u0131\u015f\u0131nda da ilgin\u00e7 g\u00f6r\u00fcnt\u00fcler olu\u015ftu. A\u00e7\u0131l\u0131\u015fta, bu y\u0131l istiklal mar\u015f\u0131 okunmad\u0131. Ancak DTP&#8217;liler, s\u00f6zde devrim \u015fehitleri ad\u0131na sayg\u0131 duru\u015funda bulundu. Bu s\u0131rada DTP&#8217;li Mu\u015f milletvekilleri Sak\u0131k ve Yaman ile Mu\u015f Milletvekili Karaba\u015f, Belediye Ba\u015fkan\u0131 Ok ve di\u011fer DTP&#8217;li il\u00e7e y\u00f6neticileri aya\u011fa kalkarak sayg\u0131 duru\u015funa e\u015flik ederken, Kaymakam \u015eefik G\u00fcldibi ise aya\u011fa kalmad\u0131. Protokol i\u00e7in ayr\u0131lan b\u00f6l\u00fcmde ya\u015fanan bu olay b\u00fcy\u00fck dikkat \u00e7ekti. Kaymakam G\u00fcldibi ile birlikte a\u00e7\u0131l\u0131\u015fta bulunan kurum amirleri, baz\u0131 sivil toplum \u00f6rg\u00fct\u00fc temsilcileri ve Muhtarlar da bu esnada kaymakamla birlikte yerlerinden kakmad\u0131. Herhangi bir gerginli\u011fin ya\u015fanmad\u0131\u011f\u0131 bu sayg\u0131 duru\u015funun ard\u0131ndan da a\u00e7\u0131l\u0131\u015f t\u00f6renine ge\u00e7ildi.<\/p>\n<p style=\"text-align: justify;\"><strong>K\u00dcRS\u00dcYE K\u00dcRT\u00c7E DAVET ED\u0130LD\u0130<\/strong><\/p>\n<p style=\"text-align: justify;\">Tatvan Do\u011fu Anadolu Fuar\u0131&#8217;n\u0131n a\u00e7\u0131l\u0131\u015f konu\u015fmas\u0131n\u0131 yapacak olan DTP&#8217;li Belediye Ba\u015fkan\u0131 Abdullah Ok, k\u00fcrs\u00fcye K\u00fcrt\u00e7e yap\u0131lan anonsla davet edildi. Ba\u015fkan Ok, bu y\u0131l farkl\u0131 etkinlikler yapmay\u0131 ama\u00e7lad\u0131klar\u0131n\u0131 belirterek, &#8220;Konser, sergiler, paneller, sinema g\u00f6sterileri ve bir\u00e7ok k\u00fclt\u00fcrel ve sanatsal faaliyetler ger\u00e7ekle\u015fecek. Ge\u00e7en y\u0131llarda festivalin resmi kurumlar\u0131n standlar\u0131 ile lahmacun ve d\u00fcr\u00fcm salonlar\u0131ndan farkl\u0131 olarak, bu y\u0131l halka mal olmu\u015f sanat\u00e7\u0131lar, sinema filmleri, belgeseller, y\u00f6re halk\u0131n\u0131n giyim tarz\u0131 sergiler ve bir\u00e7ok alanda paneller d\u00fczenleyecek&#8221; dedi.<\/p>\n<p style=\"text-align: justify;\"><strong>DTP&#8217;L\u0130LER KAYMAKAMI ALKI\u015eLADI<\/strong><\/p>\n<p style=\"text-align: justify;\">Belediye Ba\u015fkan\u0131 Ok&#8217;un ard\u0131ndan Kaymakam Orhan \u015eefik G\u00fcldibi, \u00f6nce K\u00fcrt\u00e7e, daha sonra da T\u00fcrk\u00e7e anons edilerek k\u00fcrs\u00fcye \u00e7a\u011fr\u0131ld\u0131. Kaymakam G\u00fcldibi, konu\u015fma k\u00fcrs\u00fcs\u00fcne gelirken, DTP&#8217;lilerin alk\u0131\u015flamas\u0131 da dikkat \u00e7ekti. Kaymakam G\u00fcldibi, il\u00e7enin g\u00fczelliklerinden s\u00f6z ederek birlik ve beraberlik mesajlar\u0131 verdi. Kaymakam G\u00fcldibi, Tatvan&#8217;\u0131n Do\u011fu Anadolu&#8217;nun incisi oldu\u011funu belirterek, &#8220;Her t\u00fcrl\u00fc do\u011fal g\u00fczelli\u011fi ve s\u0131cak kanl\u0131 insan\u0131 ile b\u00f6lgede e\u015fi benzeri yoktur. Burada Tatvan halk\u0131na hizmet etmek bizim i\u00e7in \u015fereflerin en b\u00fcy\u00fc\u011f\u00fcd\u00fcr. Mevlana misali kucaklar\u0131m\u0131z\u0131 sevgiye a\u00e7t\u0131\u011f\u0131m\u0131z zaman birbirimizi ufak tefek farkl\u0131l\u0131klardan ay\u0131rmad\u0131\u011f\u0131m\u0131z zaman hak etti\u011fi yere gelecektir. Bizler Mevlana torunuyuz. Tatvan&#8217;la ilgili \u00e7ok ciddi ad\u0131mlar\u0131m\u0131z var. Tatvan&#8217;\u0131 sa\u011fl\u0131k merkezi ve turizm merkezi haline getirece\u011fiz. Bizler g\u00fcc\u00fcm\u00fcz\u00fc da\u011f\u0131tmadan birle\u015ftirdi\u011fimiz zaman parmaklar\u0131m\u0131z\u0131 insanlar\u0131n g\u00f6z\u00fcne sokmad\u0131\u011f\u0131m\u0131z zaman ve sevgi ile kucaklad\u0131\u011f\u0131m\u0131z zaman Tatvan, Tatvan olacakt\u0131r&#8221; diye konu\u015ftu.<\/p>\n<p style=\"text-align: justify;\">Konu\u015fmalar\u0131n ard\u0131ndan 41&#8217;inci Tatvan Do\u011fu Anadolu Fuar\u0131, Kaymakam Orhan \u015eefik G\u00fcldibi, milletvekilleri ve belediye ba\u015fkan\u0131 taraf\u0131ndan fuar kurdelesinin kesilmesiyle start ald\u0131. 30 Haziran &#8211; 20 Temmuz tarihleri aras\u0131nda a\u00e7\u0131k kalacak fuar kapsam\u0131nda \u00e7e\u015fitli etkinlikler ger\u00e7ekle\u015ftirilecek.<\/p>\n<p style=\"text-align: justify;\"><span style=\"color: #888888;\">Kaynak : Fettah YE\u015e\u0130LYAPRAK\/TATVAN (Bitlis), (DHA)<\/span><\/p>\n","protected":false},"excerpt":{"rendered":"<p style=\"text-align: center;\">\n<p style=\"text-align: justify;\">S\u00f6zde devrim \u015fehitleri ad\u0131na yap\u0131lan sayg\u0131 duru\u015funda Kaymakam \u015eefik G\u00fcldibi aya\u011fa kalkmad\u0131.<\/p>\n<p style=\"text-align: justify;\">B\u0130TL\u0130S&#8217;in Tatvan \u0130l\u00e7esi&#8217;nde Tatvan Kaymakaml\u0131\u011f\u0131 ile DTP&#8217;li Belediye taraf\u0131ndan bu y\u0131l 41&#8217;incisi d\u00fczenlenen `Tatvan Do\u011fu Anadolu Fuar\u0131&#8217;na `S\u00f6zde Sayg\u0131 Duru\u015fu&#8217; damgas\u0131n\u0131 vurdu.<\/p>\n<p style=\"text-align: justify;\">Fuar a\u00e7\u0131l\u0131\u015f\u0131nda DTP&#8217;li Mu\u015f milletvekilleri S\u0131rr\u0131 Sak\u0131k, M. Nuri Yaman, DTP&#8217;li Bitlis <\/p>\n","protected":false},"author":1,"featured_media":0,"comment_status":"open","ping_status":"closed","sticky":false,"template":"","format":"standard","meta":{"footnotes":""},"categories":[105],"tags":[],"class_list":["post-10661","post","type-post","status-publish","format-standard","hentry","category-gundem","odd"],"_links":{"self":[{"href":"http:\/\/www.korhanyilmaz.com\/index.php?rest_route=\/wp\/v2\/posts\/10661","targetHints":{"allow":["GET"]}}],"collection":[{"href":"http:\/\/www.korhanyilmaz.com\/index.php?rest_route=\/wp\/v2\/posts"}],"about":[{"href":"http:\/\/www.korhanyilmaz.com\/index.php?rest_route=\/wp\/v2\/types\/post"}],"author":[{"embeddable":true,"href":"http:\/\/www.korhanyilmaz.com\/index.php?rest_route=\/wp\/v2\/users\/1"}],"replies":[{"embeddable":true,"href":"http:\/\/www.korhanyilmaz.com\/index.php?rest_route=%2Fwp%2Fv2%2Fcomments&post=10661"}],"version-history":[{"count":0,"href":"http:\/\/www.korhanyilmaz.com\/index.php?rest_route=\/wp\/v2\/posts\/10661\/revisions"}],"wp:attachment":[{"href":"http:\/\/www.korhanyilmaz.com\/index.php?rest_route=%2Fwp%2Fv2%2Fmedia&parent=10661"}],"wp:term":[{"taxonomy":"category","embeddable":true,"href":"http:\/\/www.korhanyilmaz.com\/index.php?rest_route=%2Fwp%2Fv2%2Fcategories&post=10661"},{"taxonomy":"post_tag","embeddable":true,"href":"http:\/\/www.korhanyilmaz.com\/index.php?rest_route=%2Fwp%2Fv2%2Ftags&post=10661"}],"curies":[{"name":"wp","href":"https:\/\/api.w.org\/{rel}","templated":true}]}}