{"id":10657,"date":"2009-07-01T00:02:22","date_gmt":"2009-06-30T21:02:22","guid":{"rendered":"http:\/\/www.korhanyilmaz.com\/?p=10657"},"modified":"2009-07-01T00:02:22","modified_gmt":"2009-06-30T21:02:22","slug":"kurmay-albay-cicek-cezaevine-konuldu","status":"publish","type":"post","link":"http:\/\/www.korhanyilmaz.com\/?p=10657","title":{"rendered":"Kurmay Albay \u00c7i\u00e7ek cezaevine konuldu"},"content":{"rendered":"<p><img loading=\"lazy\" decoding=\"async\" class=\"aligncenter size-full wp-image-10658\" src=\"http:\/\/www.korhanyilmaz.com\/wp-content\/uploads\/2009\/07\/010720090244099800969.jpg\" alt=\"\" width=\"320\" height=\"100\" \/><\/p>\n<p style=\"text-align: justify;\"><strong>\u0130rtica belgesinde imzas\u0131 olan Deniz Kurmay Albay Dursun \u00c7i\u00e7ek, &#8216;ter\u00f6r \u00f6rg\u00fct\u00fc&#8217; \u00fcyesi olmakla su\u00e7lan\u0131yor. <\/strong><\/p>\n<p style=\"text-align: justify;\">\u2018\u0130RT\u0130CA ile M\u00fccadele Eylem Plan\u0131\u2019 isimli belgenin alt\u0131nda imzas\u0131 bulundu\u011fu iddia edilen Albay Dursun \u00c7i\u00e7ek, d\u00fcn \u00f6nce Ergenekon savc\u0131lar\u0131na ard\u0131ndan da n\u00f6bet\u00e7i mahkemede hakimlere ifade verdikten sonra Ergenekon ter\u00f6r \u00f6rg\u00fct\u00fc \u00fcyesi olmaktan tutukland\u0131.<\/p>\n<p style=\"text-align: justify;\">Saat 11.45 s\u0131ralar\u0131nda beyaz renkli sivil plakal\u0131 ve camlar\u0131 siyah filmle kapl\u0131 bir minib\u00fcsle gelen Albay \u00c7i\u00e7ek, adliye binas\u0131na yemekhane kap\u0131s\u0131ndan al\u0131nd\u0131. Ergenekon savc\u0131lar\u0131nca sorguland\u0131ktan sonra mahkemeye sevk edilen \u00c7i\u00e7ek ise daha \u00f6nce Mustafa Balbay ile sendikac\u0131 Mustafa \u00d6zbek\u2019i tutuklayan 14. A\u011f\u0131r Ceza Mahkemesi\u2019nde ifade verdi. \u00c7i\u00e7ek\u2019in sorgusu 23.40\u2019ta tamamland\u0131. <!--more--><\/p>\n<p style=\"text-align: justify;\"><strong>Savc\u0131 \u00d6z gitti, 3 saat sonra geldi <\/strong><\/p>\n<p style=\"text-align: justify;\">Bu arada Savc\u0131 Zekeriya \u00d6z, adliyeden ayr\u0131ld\u0131ktan yakla\u015f\u0131k 3 saat sonra geri d\u00f6nd\u00fc. \u00d6z, Albay \u00c7i\u00e7ek\u2019in tutuklanmas\u0131 istemiyle mahkemeye sevk edilmesinin ard\u0131ndan adliyeden ayr\u0131lm\u0131\u015ft\u0131. \u00d6z\u2019\u00fcn ni\u00e7in geri geldi\u011fi konusunda ise herhangi bir a\u00e7\u0131klama yap\u0131lmad\u0131.<\/p>\n<p style=\"text-align: justify;\"><strong>Albay \u00c7i\u00e7ek kimdir? <\/strong><\/p>\n<p style=\"text-align: justify;\">ANKARA &#8211; \u2019\u0130rticayla M\u00fccadele Plan\u0131\u2019nda imzas\u0131 bulundu\u011fu iddias\u0131yla d\u00fcn \u00f6nce Ergenekon savc\u0131lar\u0131na ard\u0131ndan da n\u00f6bet\u00e7i mahkemede hakimlere saatlerce ifade verdikten sonra tutuklanan Deniz Kurmay Albay Dursun \u00c7i\u00e7ek kim? \u0130\u015fte yan\u0131t\u0131&#8230;<\/p>\n<p style=\"text-align: justify;\">Kamuoyu Albay Dursun \u00c7i\u00e7ek\u2019in ismini ilk kez Haziran 2008\u2019de Taraf\u2019ta yay\u0131nlanan \u2019Lahika 1\u2019 ba\u015fl\u0131kl\u0131 \u2019Bilgi Destek Plan\u0131 ve Faaliyet \u00c7izelgesi\u2019belgesiyle duydu. Genelkurmay Harekat Ba\u015fkanl\u0131\u011f\u0131 taraf\u0131ndan haz\u0131rland\u0131\u011f\u0131 iddia edilen 2006 tarihli belgede, TOBB, T\u00dcS\u0130AD, TESEV gibi sivil toplum \u00f6rg\u00fctlerine y\u00f6nelik su\u00e7lamalar vard\u0131. Belgenin Albay \u00c7i\u00e7ek taraf\u0131ndan haz\u0131rland\u0131\u011f\u0131 ileri s\u00fcr\u00fcld\u00fc. Haziran 2008\u2019de Genelkurmay Ba\u015fkan\u0131 olan Orgeneral Ya\u015far B\u00fcy\u00fckan\u0131t, tepki toplayan bu belge i\u00e7in \u201cGenelkurmay\u2019da haz\u0131rlanmad\u0131, birilerinin ucuz propagandas\u0131\u201d ifadesini kulland\u0131.<\/p>\n<p style=\"text-align: justify;\">Dursun \u00c7i\u00e7ek ismi de ard\u0131ndan neredeyse bir y\u0131l unutuldu, ta ki yine Taraf\u2019ta \u2019irticayla m\u00fccadele plan\u0131\u2019ad\u0131yla yeni bir belge yay\u0131nlanana kadar. Bu belgenin alt\u0131nda da yine Deniz Kurmay Albay Dursun \u00c7i\u00e7ek\u2019in imzas\u0131n\u0131n oldu\u011fu iddia edildi.<\/p>\n<p style=\"text-align: justify;\"><strong>Hep dereceyle mezun oldu <\/strong><\/p>\n<p style=\"text-align: justify;\">Albay Dursun \u00c7i\u00e7ek, 1960 y\u0131l\u0131nda Tokat\u2019ta do\u011fdu. Sivas Y\u0131ld\u0131zeli\u2019ne ba\u011fl\u0131 Pamukp\u0131nar \u00d6\u011fretmen Okulu\u2019nu bitirdi. 1976\u2019da kazand\u0131\u011f\u0131 Kara Harp Okulu\u2019n-dan 1980\u2019da d\u00f6nem \u00fc\u00e7\u00fcnc\u00fcs\u00fc olarak mezun oldu. Deniz Piyade s\u0131n\u0131f\u0131yla tan\u0131\u015fmas\u0131 Fo\u00e7a\u2019daki Amfibi Deniz Piyade Alay Komutanl\u0131\u011f\u0131\u2019ndaki g\u00f6reviyle oldu. Kara Harp Akademisi ve Silahl\u0131 Kuvvetler Akademisi\u2019ni de d\u00f6nem ikincisi olarak bitirdi.<\/p>\n<p style=\"text-align: justify;\"><strong>\u015e\u0131rnak\u2019ta da g\u00f6rev yapt\u0131&#8230; <\/strong><\/p>\n<p style=\"text-align: justify;\">1990\u2019l\u0131 y\u0131llarda PKK ter\u00f6r\u00fcyle m\u00fccadeleye Deniz Kuvvetleri\u2019nin \u00f6zel birlikleri de kat\u0131l\u0131yordu. Albay \u00c7i\u00e7ek, \u015e\u0131rnak\u2019ta konu\u015flu \u00f6zel amfibi taburunun komutanl\u0131\u011f\u0131n\u0131 yapt\u0131. \u015e\u0131rnak\u2019ta g\u00f6rev yapt\u0131\u011f\u0131 bu d\u00f6nemde Ergenekon operasyonunda tutuklanan eski \u00f6zel kuvvet\u00e7i Levent G\u00f6kta\u015f ve Kayseri Jandarma Alay Komutan\u0131 Cemal Temiz\u00f6z\u2019le \u00e7al\u0131\u015ft\u0131\u011f\u0131 ileri s\u00fcr\u00fcld\u00fc. \u00c7i\u00e7ek, 1997-99\u2019da Arnavutluk\u2019taki T\u00fcrk Birli\u011fi\u2019nde de g\u00f6rev yapt\u0131.<\/p>\n<p style=\"text-align: justify;\"><span style=\"color: #888888;\">Kaynak : Vatan<\/span><\/p>\n","protected":false},"excerpt":{"rendered":"<\/p>\n<p style=\"text-align: justify;\">\u0130rtica belgesinde imzas\u0131 olan Deniz Kurmay Albay Dursun \u00c7i\u00e7ek, &#8216;ter\u00f6r \u00f6rg\u00fct\u00fc&#8217; \u00fcyesi olmakla su\u00e7lan\u0131yor. <\/p>\n<p style=\"text-align: justify;\">\u2018\u0130RT\u0130CA ile M\u00fccadele Eylem Plan\u0131\u2019 isimli belgenin alt\u0131nda imzas\u0131 bulundu\u011fu iddia edilen Albay Dursun \u00c7i\u00e7ek, d\u00fcn \u00f6nce Ergenekon savc\u0131lar\u0131na ard\u0131ndan da n\u00f6bet\u00e7i mahkemede hakimlere ifade verdikten sonra Ergenekon ter\u00f6r \u00f6rg\u00fct\u00fc \u00fcyesi olmaktan tutukland\u0131.<\/p>\n<p style=\"text-align:  \n\n","protected":false},"author":1,"featured_media":0,"comment_status":"open","ping_status":"closed","sticky":false,"template":"","format":"standard","meta":{"footnotes":""},"categories":[105],"tags":[],"class_list":["post-10657","post","type-post","status-publish","format-standard","hentry","category-gundem","odd"],"_links":{"self":[{"href":"http:\/\/www.korhanyilmaz.com\/index.php?rest_route=\/wp\/v2\/posts\/10657","targetHints":{"allow":["GET"]}}],"collection":[{"href":"http:\/\/www.korhanyilmaz.com\/index.php?rest_route=\/wp\/v2\/posts"}],"about":[{"href":"http:\/\/www.korhanyilmaz.com\/index.php?rest_route=\/wp\/v2\/types\/post"}],"author":[{"embeddable":true,"href":"http:\/\/www.korhanyilmaz.com\/index.php?rest_route=\/wp\/v2\/users\/1"}],"replies":[{"embeddable":true,"href":"http:\/\/www.korhanyilmaz.com\/index.php?rest_route=%2Fwp%2Fv2%2Fcomments&post=10657"}],"version-history":[{"count":0,"href":"http:\/\/www.korhanyilmaz.com\/index.php?rest_route=\/wp\/v2\/posts\/10657\/revisions"}],"wp:attachment":[{"href":"http:\/\/www.korhanyilmaz.com\/index.php?rest_route=%2Fwp%2Fv2%2Fmedia&parent=10657"}],"wp:term":[{"taxonomy":"category","embeddable":true,"href":"http:\/\/www.korhanyilmaz.com\/index.php?rest_route=%2Fwp%2Fv2%2Fcategories&post=10657"},{"taxonomy":"post_tag","embeddable":true,"href":"http:\/\/www.korhanyilmaz.com\/index.php?rest_route=%2Fwp%2Fv2%2Ftags&post=10657"}],"curies":[{"name":"wp","href":"https:\/\/api.w.org\/{rel}","templated":true}]}}