{"id":10649,"date":"2009-06-30T17:31:35","date_gmt":"2009-06-30T14:31:35","guid":{"rendered":"http:\/\/www.korhanyilmaz.com\/?p=10649"},"modified":"2009-06-30T17:31:35","modified_gmt":"2009-06-30T14:31:35","slug":"bicak-timi-albayin-ensesine-tek-kursun-sikti","status":"publish","type":"post","link":"http:\/\/www.korhanyilmaz.com\/?p=10649","title":{"rendered":"&#039;B\u0131\u00e7ak Timi&#039;, Albay&#039;\u0131n ensesine tek kur\u015fun s\u0131kt\u0131"},"content":{"rendered":"<p style=\"text-align: center;\"><img loading=\"lazy\" decoding=\"async\" class=\"aligncenter size-full wp-image-10650\" src=\"http:\/\/www.korhanyilmaz.com\/wp-content\/uploads\/2009\/07\/010720090339094920907.jpg\" alt=\"\" width=\"329\" height=\"210\" \/><\/p>\n<p style=\"text-align: justify;\"><strong>\u0130hbar mektubuyla gelen \u015fok iddia.<\/strong><\/p>\n<p style=\"text-align: justify;\">Diyarbak\u0131r\u2019da \u00f6zel yetkili bir savc\u0131, 90\u2019larda faili me\u00e7hul cinayetler i\u015fledikleri ileri s\u00fcr\u00fclen 10 ki\u015filik bir timi ara\u015ft\u0131rmaya ba\u015flad\u0131. \u2019B\u0131\u00e7ak Timi\u2019 ad\u0131 verilen ve aralar\u0131nda PKK itiraf\u00e7\u0131lar\u0131n\u0131n da oldu\u011fu bu timi ise bir ihbar mektubu ortaya \u00e7\u0131kard\u0131. Mektupta, 1995\u2019te \u00e7at\u0131\u015fmada \u00f6ld\u00fc\u011f\u00fc s\u00f6ylenen Albay R\u0131dvan \u00d6zden\u2019i de \u2019B\u0131\u00e7ak Timi\u2019nin \u00f6ld\u00fcrd\u00fc\u011f\u00fc iddia edildi.<!--more--><\/p>\n<p style=\"text-align: justify;\">G\u00fcneydo\u011fu\u2019da g\u00f6rev yapan Jandarma Albay R\u0131dvan \u00d6zden, 14 A\u011fustos 1995\u2019te Mardin yak\u0131nlar\u0131nda \u015fehit olmu\u015ftu. \u00d6zden\u2019in Savur il\u00e7esi Ormanc\u0131k K\u00f6y\u00fc k\u0131rsal\u0131nda PKK ile girdi\u011fi \u00e7at\u0131\u015fmada hayat\u0131n\u0131 kaybetti\u011fi a\u00e7\u0131kland\u0131. Genelkurmay\u2019dan yap\u0131lan a\u00e7\u0131klamada, \u201c\u00d6zden, takviye olarak b\u00f6lgeye sevk edilen Jandarma Asayi\u015f Komando B\u00f6l\u00fc\u011f\u00fc\u2019nden bir komando timi ve b\u00f6l\u00fck komutan\u0131 ile birlikte en \u00f6n saflarda \u00e7arp\u0131\u015fm\u0131\u015ft\u0131r. PKK b\u00f6l\u00fcc\u00fc ter\u00f6r \u00f6rg\u00fct\u00fc mensuplar\u0131nca a\u00e7\u0131lan ate\u015f sonucu, \u00f6nce jandarma \u00f6zel harekat timinden bir astsubay, bir uzman erba\u015f, devam\u0131nda saat 17.30 sular\u0131nda Jandarma Albay R\u0131dvan \u00d6zden \u015fehit olmu\u015ftur. Ayn\u0131 \u00e7at\u0131\u015fmada 3 er ve 1 ge\u00e7ici k\u00f6y korucusu yaralanm\u0131\u015f, 5 ter\u00f6rist silahlar\u0131 ile birlikte \u00f6l\u00fc olarak ele ge\u00e7irilmi\u015ftir\u201d denmi\u015fti.<\/p>\n<p style=\"text-align: justify;\"><strong>E\u015fi Ergenekon savc\u0131s\u0131na gitti <\/strong><\/p>\n<p style=\"text-align: justify;\">Ancak Albay \u00d6zden\u2019in e\u015fi Tomris \u00d6zden y\u0131llarca e\u015fini PKK\u2019l\u0131lar\u0131n de\u011fil, \u2019\u00e7ete\u2019nin \u00f6ld\u00fcrd\u00fc\u011f\u00fcn\u00fc iddia etti. Hatta ge\u00e7en y\u0131l Ergenekon savc\u0131lar\u0131ndan e\u015finin cesedine otopsi yap\u0131lmas\u0131n\u0131 istedi. Tam 14 y\u0131l sonra, Tomris \u00d6zden\u2019in bu iddias\u0131n\u0131 destekler nitelikte bir ihbar mektubu, Diyarbak\u0131r\u2019da ba\u015fka bir soru\u015fturmay\u0131 ba\u015flad\u0131. Diyarbak\u0131r Cumhuriyet Ba\u015fsavc\u0131l\u0131\u011f\u0131\u2019na ihbarda bulunan bir ki\u015fi, aralar\u0131nda ter\u00f6r \u00f6rg\u00fct\u00fc PKK itiraf\u00e7\u0131lar\u0131n\u0131n da bulundu\u011fu 10 ki\u015filik \u2018B\u0131\u00e7ak Timi\u2019nin 1990\u2019l\u0131 y\u0131llarda i\u015fledi\u011fi ileri s\u00fcr\u00fclen cinayetleri anlatt\u0131.<\/p>\n<p style=\"text-align: justify;\"><strong>P\u0131nardere\u2019de d\u00f6rt \u00f6\u011fretmeni katlettiler <\/strong><\/p>\n<p style=\"text-align: justify;\">Savc\u0131l\u0131\u011fa yap\u0131lan ve soru\u015fturma dosyas\u0131na konulan ihbar mektubunda, \u2018B\u0131\u00e7ak Timi\u2019nin, \u201cen tehlikeli PKK itiraf\u00e7\u0131lar\u0131ndan olu\u015ftu\u011fu\u201d iddia edildi. Mektupta, 5 Kas\u0131m 1994 g\u00fcn\u00fc, Mardin\u2019in Savur il\u00e7esi P\u0131nardere K\u00f6y\u00fc yolu kesilerek ara\u00e7taki 4 \u00f6\u011fretmenin katledilmesi olay\u0131n\u0131n da B\u0131\u00e7ak Timi taraf\u0131ndan ger\u00e7ekle\u015ftirildi\u011fi ileri s\u00fcr\u00fcld\u00fc. \u0130\u015fte mektuptan \u00e7arp\u0131c\u0131 iddialar:<\/p>\n<p style=\"text-align: justify;\">\u201cO d\u00f6nemde Mardin Jandarma Alay Komutan\u0131 olan Albay R\u0131dvan \u00d6zden, \u2019B\u0131\u00e7ak Timi\u2019ne kar\u015f\u0131 \u00e7\u0131k\u0131yordu. \u00d6\u011fretmenlerin \u00f6ld\u00fcr\u00fclmesi olay\u0131yla ilgili onlarla bir toplant\u0131 yapt\u0131. Toplant\u0131da, \u2019Neden \u00f6\u011fretmenleri vurdunuz?\u2019 diye \u00e7\u0131k\u0131\u015fan Albaya, itiraf\u00e7\u0131lar a\u011fza al\u0131nmayacak k\u00fcf\u00fcrler etti ve tehditler savurdu. 14 A\u011fustos 1995\u2019de, Mardin\u2019in Savur il\u00e7esine ba\u011fl\u0131 Ormanc\u0131k k\u00f6y\u00fc k\u0131rsal kesiminde \u2019B\u0131\u00e7ak Timi\u2019, ald\u0131\u011f\u0131 iyi bir istihbaratla ter\u00f6ristlerle \u00e7at\u0131\u015fmaya girdi. 6\u2019s\u0131 \u00f6l\u00fc 11\u2019i sa\u011f olmak \u00fczere 17 \u00f6rg\u00fct \u00fcyesi etkisiz hale getirildi. B\u0131\u00e7ak Timi, sa\u011f ele ge\u00e7en 11 ki\u015fiyi de kur\u015funa dizerek \u00f6ld\u00fcrd\u00fc. Olay yerine korumalar\u0131yla gelen Albay \u00d6zden de ensesine tek kur\u015fun s\u0131k\u0131larak \u00f6ld\u00fcr\u00fcld\u00fc. Rahmetli bu time hep kar\u015f\u0131 \u00e7\u0131kard\u0131 ve s\u00fcrekli kavga ederdi.\u201d<\/p>\n<p style=\"text-align: justify;\"><strong>\u20195 k\u00f6yl\u00fcy\u00fc \u00f6ld\u00fcr\u00fcp ma\u011faraya g\u00f6md\u00fcler\u2019 <\/strong><\/p>\n<p style=\"text-align: justify;\">\u201cB\u0131\u00e7ak Timi K\u0131z\u0131ltepe\u2019de de 5 k\u00f6yl\u00fcy\u00fc sorgulad\u0131ktan sonra \u00f6ld\u00fcrd\u00fc. K\u0131z\u0131ltepe\u2019de Sema ma\u011faras\u0131 diye bir yer var. Onun tam \u00f6n\u00fcnde 5 ki\u015finin mezar\u0131 var. Bu tim, bu \u015fah\u0131slar\u0131 k\u00f6yden al\u0131p \u00f6ld\u00fcrd\u00fckten sonra oraya g\u00f6md\u00fc. Herkes o ma\u011faray\u0131 bilir. Oras\u0131 kaz\u0131l\u0131rsa, o zaman bana inan\u0131rs\u0131n\u0131z.\u201d<\/p>\n<p style=\"text-align: justify;\"><strong>PKK-J\u0130TEM ili\u015fkisini ortaya \u00e7\u0131karm\u0131\u015ft\u0131 <\/strong><\/p>\n<p style=\"text-align: justify;\">ALBAY R\u0131dvan \u00d6zden, \u015faibeli bir helikopter kazas\u0131nda \u015fehit d\u00fc\u015fen Jandarma Genel Komutan\u0131 E\u015fref Bitlis\u2019in ekibindeydi. Mardin\u2019e gitmeden \u00f6nce g\u00f6rev yapt\u0131\u011f\u0131 \u0130stanbul\u2019da ka\u00e7ak\u00e7\u0131l\u0131k faaliyetlerinin \u00fczerine gitti. Akaryak\u0131t ka\u00e7ak\u00e7\u0131l\u0131\u011f\u0131nda kullan\u0131lan ara\u00e7lar\u0131n Jandarma\u2019ya ait tesislerden birinde sakland\u0131\u011f\u0131n\u0131 belirledi. Olay yarg\u0131ya ta\u015f\u0131nd\u0131. 1994\u2019te tayini Mardin\u2019e \u00e7\u0131kt\u0131. Mardin\u2019de g\u00f6rev yaparken s\u0131n\u0131rda J\u0130TEM\u2019in PKK ile koordineli yapt\u0131\u011f\u0131 ka\u00e7ak\u00e7\u0131l\u0131k ve uyu\u015fturucu sevk\u0131yat\u0131n\u0131 ortaya \u00e7\u0131kard\u0131. Baz\u0131 g\u00f6revliler hakk\u0131nda dava a\u00e7\u0131lmas\u0131n\u0131 sa\u011flad\u0131. \u00d6zden\u2019in b\u00f6lgedeki bu faaliyetleri onunla J\u0130TEM\u2019in aras\u0131n\u0131 a\u00e7t\u0131. 1997\u2019de J\u0130TEM ad\u0131na tetik\u00e7ilik, \u00e7ek-senet tahsilat\u00e7\u0131l\u0131\u011f\u0131 yapt\u0131klar\u0131n\u0131, bir \u00e7ok cinayet ve i\u015fkence olay\u0131na kar\u0131\u015ft\u0131klar\u0131n\u0131 anlatan PKK itiraf\u00e7\u0131lar\u0131 Murat Demir ve Murat \u0130pek, Albay \u00d6zden\u2019i J\u0130TEM\u2019in \u00f6ld\u00fcrd\u00fc\u011f\u00fcn\u00fc itiraf etmi\u015flerdi. Sanat\u00e7\u0131 \u015eanar Yurdatapan\u2019\u0131n kaydetti\u011fi itiraflarda Murat \u0130pek, R\u0131dvan \u00d6zden\u2019in b\u00f6lgedeki silah ve uyu\u015fturucu ka\u00e7ak\u00e7\u0131l\u0131\u011f\u0131n\u0131 fark edince kendi b\u00f6lgesini temizlemeye karar verdi\u011fini belirterek \u015funlar\u0131 anlatm\u0131\u015ft\u0131: \u201cMesela elimizde ERNK makbuzlar\u0131 vard\u0131. Bir gece Midyat\u2019ta elektri\u011fi kestirip, b\u00fct\u00fcn ev, otomobil, d\u00fckkanlar\u0131n \u00f6n\u00fcne bu makbuzlar\u0131 b\u0131rakt\u0131k ve hepsinden iki\u015fer bin dolar istedik. Kimi verdi, kimi vermedi. R\u0131dvan Albay bunu \u00f6\u011frenmi\u015fti. Bu i\u015flere kar\u015f\u0131 oldu\u011funu hepimiz biliyorduk. R\u0131dvan Albay bu y\u00fczden harcand\u0131. Bu i\u015flerin ba\u015f\u0131nda da Yarbay C. K. vard\u0131. \u00d6zden\u2019i vuran ki\u015finin \u2019Zeki\u2019 kod adl\u0131 \u0130. Y. oldu\u011funu biliyoruz. Zaten o b\u00f6lgede b\u00fct\u00fcn infazlar\u0131 Zeki yapard\u0131. Bir ba\u015fka kod ad\u0131 da \u2019Zana\u2019yd\u0131. Biz ona \u00f6yle derdik, aram\u0131zda.\u201d<\/p>\n<p style=\"text-align: justify;\"><strong>Y\u0131llarca, \u2018E\u015fimi PKK \u00f6ld\u00fcrmedi\u2019 diye ba\u011f\u0131rd\u0131 <\/strong><\/p>\n<p style=\"text-align: justify;\">Tomris \u00d6zden, y\u0131llarca e\u015fini PKK\u2019n\u0131n \u00f6ld\u00fcrmedi\u011fini kan\u0131tlamaya \u00e7al\u0131\u015ft\u0131. Resmi a\u00e7\u0131klamalarda Albay \u00d6zden\u2019in PKK kur\u015funuyla aln\u0131ndan vuruldu\u011fu s\u00f6yleniyordu. Tomris Han\u0131m, e\u015finin ensesinden vuruldu\u011funu ve vuruldu\u011fu g\u00fcnden iki g\u00fcn sonra \u015fehit edilmi\u015f gibi rapor tutuldu\u011funu \u00f6ne s\u00fcrerek otopsi yap\u0131lmas\u0131n\u0131 istedi. Ancak bu talebi sonu\u00e7suz kald\u0131. Albay \u00d6zden\u2019in silah\u0131 diye e\u015fine teslim edilen silah ile \u00d6zden\u2019in her zaman ta\u015f\u0131d\u0131\u011f\u0131 silah\u0131n\u0131n seri numaralar\u0131 birbirini tutmuyordu. Tomris \u00d6zden, silah\u0131 teslim ederek balistik incelemesinin yap\u0131lmas\u0131n\u0131 istedi ancak bu da yap\u0131lmad\u0131. Olay esrar\u0131n\u0131 korurken PKK itiraf\u00e7\u0131s\u0131 \u0130. Y., Tomris \u00d6zden\u2019e giderek, Albay \u00d6zden\u2019in PKK de\u011fil, J\u0130TEM taraf\u0131ndan \u00f6ld\u00fcr\u00fcld\u00fc\u011f\u00fcn\u00fc s\u00f6yledi ve ilgin\u00e7 detaylar verdi. Tomris \u00d6zden, bunun \u00fczerine askeri savc\u0131l\u0131\u011fa \u015fikayette bulundu. Ancak bu \u015fikayeti de takipsizlikle sonu\u00e7land\u0131. Tomris \u00d6zden, e\u015fine Veli K\u00fc\u00e7\u00fck ve \u00e7evresinden \u201cJ\u0130TEM\u2019e gir\u201d bask\u0131s\u0131 yap\u0131ld\u0131\u011f\u0131n\u0131 ileri s\u00fcrerek, \u201c\u0130TEM\u2019de \u00e7al\u0131\u015ft\u0131 m\u0131 tam olarak bilmiyorum. Bir kere Kuzey Irak\u2019a kod ad\u0131 kullanarak g\u00f6reve gitmi\u015fti. Ancak, Veli K\u00fc\u00e7\u00fck ve ekibinin kendisine J\u0130TEM\u2019e gir y\u00f6n\u00fcnde bask\u0131 yapt\u0131\u011f\u0131n\u0131 ima etmi\u015fti\u201d diyordu. J\u0130TEM\u2019in kurucular\u0131ndan Ergenekon san\u0131\u011f\u0131 Albay Arif Do\u011fan\u2019\u0131n da e\u015fine J\u0130TEM i\u00e7in bask\u0131 yapt\u0131\u011f\u0131n\u0131 s\u00f6yleyen Tomris \u00d6zden, ge\u00e7ti\u011fimiz aylarda, \u201cE\u015fim s\u0131n\u0131rda ka\u00e7ak\u00e7\u0131l\u0131k ve uyu\u015fturucu i\u015finden \u00e7ok rahats\u0131zd\u0131. J\u0130TEM ve \u00f6rg\u00fctler beraber yap\u0131yordu bu i\u015fi. \u2019Bu i\u015flerin k\u00f6k\u00fcn\u00fc kaz\u0131yaca\u011f\u0131m\u2019 diyordu. Ama kendisinin sonu oldu\u201d demi\u015fti. Tomris \u00d6zden, ge\u00e7en y\u0131l Kas\u0131m ay\u0131nda Ergenekon Savc\u0131s\u0131 Zekeriya \u00d6z\u2019e 5 saatlik bilgi verdi ve e\u015fine ait g\u00fcnl\u00fckleri \u00d6z\u2019e teslim etti. \u00d6zden, Savc\u0131 \u00d6z\u2019\u00fcn \u201cArt\u0131k Albay \u00d6zden dosyas\u0131n\u0131 Mardin\u2018den isteyelim. Otopsi yap\u0131lmas\u0131n\u0131 da sa\u011flayal\u0131m\u201d dedi\u011fini s\u00f6yledi. Dosya bu \u015fekilde Ergenekon soru\u015fturmas\u0131na dahil edildi.<\/p>\n<p style=\"text-align: justify;\"><span style=\"color: #888888;\">Kaynak : Vatan<\/span><\/p>\n","protected":false},"excerpt":{"rendered":"<p style=\"text-align: center;\">\n<p style=\"text-align: justify;\">\u0130hbar mektubuyla gelen \u015fok iddia.<\/p>\n<p style=\"text-align: justify;\">Diyarbak\u0131r\u2019da \u00f6zel yetkili bir savc\u0131, 90\u2019larda faili me\u00e7hul cinayetler i\u015fledikleri ileri s\u00fcr\u00fclen 10 ki\u015filik bir timi ara\u015ft\u0131rmaya ba\u015flad\u0131. \u2019B\u0131\u00e7ak Timi\u2019 ad\u0131 verilen ve aralar\u0131nda PKK itiraf\u00e7\u0131lar\u0131n\u0131n da oldu\u011fu bu timi ise bir ihbar mektubu ortaya \u00e7\u0131kard\u0131. Mektupta, 1995\u2019te \u00e7at\u0131\u015fmada \u00f6ld\u00fc\u011f\u00fc s\u00f6ylenen Albay R\u0131dvan <\/p>\n","protected":false},"author":1,"featured_media":0,"comment_status":"open","ping_status":"closed","sticky":false,"template":"","format":"standard","meta":{"footnotes":""},"categories":[105],"tags":[],"class_list":["post-10649","post","type-post","status-publish","format-standard","hentry","category-gundem","odd"],"_links":{"self":[{"href":"http:\/\/www.korhanyilmaz.com\/index.php?rest_route=\/wp\/v2\/posts\/10649","targetHints":{"allow":["GET"]}}],"collection":[{"href":"http:\/\/www.korhanyilmaz.com\/index.php?rest_route=\/wp\/v2\/posts"}],"about":[{"href":"http:\/\/www.korhanyilmaz.com\/index.php?rest_route=\/wp\/v2\/types\/post"}],"author":[{"embeddable":true,"href":"http:\/\/www.korhanyilmaz.com\/index.php?rest_route=\/wp\/v2\/users\/1"}],"replies":[{"embeddable":true,"href":"http:\/\/www.korhanyilmaz.com\/index.php?rest_route=%2Fwp%2Fv2%2Fcomments&post=10649"}],"version-history":[{"count":0,"href":"http:\/\/www.korhanyilmaz.com\/index.php?rest_route=\/wp\/v2\/posts\/10649\/revisions"}],"wp:attachment":[{"href":"http:\/\/www.korhanyilmaz.com\/index.php?rest_route=%2Fwp%2Fv2%2Fmedia&parent=10649"}],"wp:term":[{"taxonomy":"category","embeddable":true,"href":"http:\/\/www.korhanyilmaz.com\/index.php?rest_route=%2Fwp%2Fv2%2Fcategories&post=10649"},{"taxonomy":"post_tag","embeddable":true,"href":"http:\/\/www.korhanyilmaz.com\/index.php?rest_route=%2Fwp%2Fv2%2Ftags&post=10649"}],"curies":[{"name":"wp","href":"https:\/\/api.w.org\/{rel}","templated":true}]}}