{"id":10645,"date":"2009-06-30T15:42:02","date_gmt":"2009-06-30T13:42:02","guid":{"rendered":"http:\/\/www.korhanyilmaz.com\/?p=10645"},"modified":"2009-06-30T15:42:02","modified_gmt":"2009-06-30T13:42:02","slug":"senerden-akpye-salvo","status":"publish","type":"post","link":"http:\/\/www.korhanyilmaz.com\/?p=10645","title":{"rendered":"\u015eener&#039;den AKP&#039;ye salvo!"},"content":{"rendered":"<p><img loading=\"lazy\" decoding=\"async\" class=\"aligncenter size-full wp-image-10646\" src=\"http:\/\/www.korhanyilmaz.com\/wp-content\/uploads\/2009\/06\/300620091945133263035.jpg\" alt=\"\" width=\"320\" height=\"100\" \/><\/p>\n<p style=\"text-align: justify;\"><strong>AKP i\u00e7in \u00f6yle s\u00f6zler s\u00f6yledi ki&#8230; <\/strong><\/p>\n<p style=\"text-align: justify;\">\u015eener, partisinin genel merkezinde yapt\u0131\u011f\u0131 bas\u0131n toplant\u0131s\u0131nda bug\u00fcn a\u00e7\u0131klanan b\u00fcy\u00fcme rakam\u0131n\u0131 an\u0131msatarak, T\u00fcrkiye ekonomisinin 2009\u2019un ilk \u00e7eyre\u011finde y\u00fczde 13,8\u2019lik daralma a\u00e7\u0131klamas\u0131n\u0131n kritik MGK toplant\u0131s\u0131 ile ayn\u0131 g\u00fcnde yap\u0131lmas\u0131na dikkat \u00e7ekti. Ekonomik verilerin \u00f6nemli veriler oldu\u011funu, di\u011fer g\u00fcndem maddeleri i\u00e7inde bo\u011fulamamas\u0131 gerekti\u011fini ifade eden \u015eener, H\u00fck\u00fcmet\u2019in ekonomik sorunlar\u0131 \u00e7\u00f6zmek yerine g\u00fcndem maddeleri aras\u0131na serpi\u015ftirdi\u011fini kaydetti. T\u00fcrkiye\u2019nin OECD \u00fclkeleri aras\u0131nda ekonomik krizden en fazla zarar g\u00f6ren, \u00fcretim kapasitesi en fazla d\u00fc\u015fen, k\u00fc\u00e7\u00fclme oran\u0131 en fazla olan \u00fclke oldu\u011funu vurgulayan \u015eener, \u201cBir \u00fclkenin \u00fcretimi yok oluyorsa, b\u00fct\u00fcn sekt\u00f6rleri zarar ediyorsa ortada bir sorun var demektir, bu \u00fclkenin ekonomi y\u00f6netiminde bir sorun var demektir\u201d diye konu\u015ftu. <!--more--><\/p>\n<p style=\"text-align: justify;\">T\u00fcrkiye\u2019nin en y\u00fcksek i\u015fsizlik oran\u0131na sahip 3. \u00fclke olarak g\u00f6r\u00fcnd\u00fc\u011f\u00fcn\u00fc s\u00f6yleyen \u015eener, ger\u00e7ek i\u015fsizlik rakamlar\u0131na bak\u0131ld\u0131\u011f\u0131nda T\u00fcrkiye\u2019nin d\u00fcnyadaki en y\u00fcksek i\u015fsizlik oran\u0131na sahip oldu\u011funu savundu. \u015eener, T\u00fcrkiye\u2019de n\u00fcfusun y\u00fczde 30\u2019unun tar\u0131m kesimi oldu\u011funu ve tar\u0131m\u0131n gizli i\u015fsizlerin s\u0131\u011f\u0131nma yeri oldu\u011funu, tar\u0131md\u0131\u015f\u0131 i\u015fsizli\u011fin y\u00fczde 18, gen\u00e7 n\u00fcfustaki i\u015fsizlik oran\u0131n\u0131n ise y\u00fczde 27,5 oldu\u011funu kaydederek, i\u015f bulamad\u0131\u011f\u0131 i\u00e7in aramaktan vazge\u00e7enlerin de hesaba kat\u0131lmas\u0131 durumunda T\u00fcrkiye\u2019deki ger\u00e7ek i\u015fsizli\u011fin y\u00fczde 30\u2019a yak\u0131n oldu\u011funu s\u00f6yledi.<\/p>\n<p style=\"text-align: justify;\">-\u201cKR\u0130Z\u0130N DAMARDAN G\u0130RD\u0130\u011e\u0130 TEK \u00dcLKE T\u00dcRK\u0130YE\u201d-<\/p>\n<p style=\"text-align: justify;\">Krizin etkisi bak\u0131m\u0131ndan d\u00fcnyadaki \u00fclkelerini \u201ckrizin te\u011fet ge\u00e7ti\u011fi \u00fclkeler\u201d, \u201ckrizin damardan girdi\u011fi \u00fclkeler\u201d ve \u201cdi\u011fer \u00fclkeler\u201d olarak 3\u2019e ay\u0131ran \u015eener, \u201ckrizin te\u011fet ge\u00e7ti\u011fi \u00fclkeler\u201d olarak adland\u0131rd\u0131\u011f\u0131 birinci grupta 2009\u2019un ilk \u00e7eyre\u011finde y\u00fczde 6 b\u00fcy\u00fcyen \u00c7in, y\u00fczde 5.8 b\u00fcy\u00fcyen Hindistan, y\u00fczde 4,4 b\u00fcy\u00fcyen Endonezya, M\u0131s\u0131r, Yunanistan, Polonya, Arjantin, Venezuela, \u0130srail\u2019in yer ald\u0131\u011f\u0131n\u0131, bu \u00fclkelerin krizden etkilenmediklerini, aksine ekonomilerini b\u00fcy\u00fctt\u00fcklerini anlatt\u0131. \u201cKrizin damardan girdi\u011fi \u00fclkeler\u201d olarak adland\u0131rd\u0131\u011f\u0131 ikinci gruptaki tek \u00fclkenin T\u00fcrkiye oldu\u011funu \u00f6ne s\u00fcren \u015eener, T\u00fcrkiye\u2019nin \u00e7ift haneli k\u00fc\u00e7\u00fclme oran\u0131na sahip olan tek \u00fclke oldu\u011funu ifade etti. Bu grupta say\u0131labilecek Singapur ve Tayvan\u2019\u0131n \u00f6zel durumdaki k\u00fc\u00e7\u00fck \u00fclkeler olduklar\u0131 i\u00e7in hesaba kat\u0131lmamas\u0131 gerekti\u011fini bildiren \u015eener, bu iki \u00fclke hesaba kat\u0131lmad\u0131\u011f\u0131nda d\u00fcnyada T\u00fcrkiye\u2019den ba\u015fka hi\u00e7bir \u00fclkenin bu kadar derin bir k\u00fc\u00e7\u00fclme ya\u015famad\u0131\u011f\u0131n\u0131 ifade etti. T\u00fcrkiye ekonomisindeki k\u00fc\u00e7\u00fclmenin H\u00fck\u00fcmet ve Ba\u015fbakan\u2019\u0131n ekonomi y\u00f6netimine olan duyars\u0131zl\u0131\u011f\u0131ndan kaynakland\u0131\u011f\u0131n\u0131 ileri s\u00fcren \u015eener, \u201c2007 se\u00e7imlerinden beri \u2018\u015eunu yapt\u0131k, iyi yapt\u0131k\u2019 diyebilecekleri tek bir \u015fey yok\u201d dedi.<\/p>\n<p style=\"text-align: justify;\"><strong>-\u201cD\u00dcNYANIN EN BA\u015eARISIZ H\u00dcK\u00dcMET\u0130\u201d-<\/strong><\/p>\n<p style=\"text-align: justify;\">\u015eener, H\u00fck\u00fcmet\u2019in \u00fclkede kutupla\u015fma yaratarak sorunlar\u0131 g\u00f6rmezden gelmeye \u00e7al\u0131\u015ft\u0131\u011f\u0131n\u0131 ifade ederek s\u00f6zlerini \u015f\u00f6yle s\u00fcrd\u00fcrd\u00fc:<\/p>\n<p style=\"text-align: justify;\">\u201cEkonomi, \u00fczerinde durulmas\u0131 gereken en temel sorundur. Verdi\u011fimiz tablo a\u00e7\u0131kt\u0131r. T\u00fcrkiye, i\u015fsizlikte d\u00fcnya rekoru k\u0131rmaktad\u0131r, ekonomik k\u00fc\u00e7\u00fclmede d\u00fcnya rekoru k\u0131rmaktad\u0131r. Ekonomi y\u00f6netiminde Recep Tayyip Erdo\u011fan h\u00fck\u00fcmeti d\u00fcnyan\u0131n en ba\u015far\u0131s\u0131z h\u00fck\u00fcmetidir. Halk\u0131n taleplerine duyars\u0131z olan h\u00fck\u00fcmetin de d\u00fcnyan\u0131n en ba\u015far\u0131s\u0131z h\u00fck\u00fcmeti olmas\u0131 do\u011fald\u0131r.\u201d<\/p>\n<p style=\"text-align: justify;\"><strong>-\u201c\u015eU ANK\u0130 KR\u0130Z 2001\u2019DEN DAHA DER\u0130N\u201d- <\/strong><\/p>\n<p style=\"text-align: justify;\">Bir soru \u00fczerine, \u015fu anki krizin 2001 krizinden daha derin ve y\u0131prat\u0131c\u0131 oldu\u011funu ifade eden \u015eener, bu krizle d\u00fcnya ekonomisinin yeniden yap\u0131land\u0131r\u0131laca\u011f\u0131n\u0131, ancak H\u00fck\u00fcmet\u2019in kriz sonras\u0131 \u00fclke ekonomisinin nas\u0131l yeniden yap\u0131lanaca\u011f\u0131na ili\u015fkin vizyonunun olmad\u0131\u011f\u0131n\u0131, bu y\u00fczden T\u00fcrkiye\u2019nin krizin merkezindeki \u00fclkelerden daha fazla k\u00fc\u00e7\u00fcld\u00fc\u011f\u00fcn\u00fc s\u00f6yledi. Merkez Bankas\u0131 Ba\u015fkan\u0131 Durmu\u015f Y\u0131lmaz\u2019\u0131n &#8220;T\u00fcnelin sonunda bir \u0131\u015f\u0131k g\u00f6r\u00fcnd\u00fc. Ancak bu \u0131\u015f\u0131k t\u00fcnelin \u00f6b\u00fcr tarafa \u00e7\u0131k\u0131\u015f\u0131n\u0131 m\u0131 g\u00f6steriyor, yoksa \u00fczerimize gelen arabay\u0131 m\u0131?&#8221; s\u00f6zlerini de de\u011ferlendiren \u015eener, \u201cO \u0131\u015f\u0131k t\u00fcnelde \u00fczerimize yakla\u015fan bir trenin \u0131\u015f\u0131\u011f\u0131d\u0131r\u201d dedi.<\/p>\n<p style=\"text-align: justify;\">T\u00fcrkiye\u2019nin ekonomisiyle d\u0131\u015far\u0131dan yeniden yap\u0131land\u0131r\u0131ld\u0131\u011f\u0131n\u0131 s\u00f6yleyen \u015eener, siyasetin d\u0131\u015f etkilerden korunmas\u0131 gerekti\u011fini ifade etti. \u015eener \u015f\u00f6yle konu\u015ftu:<\/p>\n<p style=\"text-align: justify;\">\u201cBu \u00fclkenin sahibi bu insanlard\u0131r. Biz bu insanlarla birlikte kurumlar\u0131m\u0131zla birlikte dayan\u0131\u015fma i\u00e7inde olmak zorunday\u0131z. Kurumlararas\u0131 g\u00fcvensizli\u011fin T\u00fcrkiye\u2019yi k\u00f6t\u00fc noktalara s\u00fcr\u00fckleyece\u011fi kanaatindeyim. T\u00fcrkiye\u2019nin kendi gelece\u011fine sahip olmas\u0131 laz\u0131m. \u00dclkede kurumlar ve insanlar birbirlerine g\u00fcvenmezlerse \u00fclkenin gelece\u011fine ili\u015fkin senaryolar d\u0131\u015far\u0131da haz\u0131rlan\u0131rlar. Bu, arzu edilen bir durum de\u011fildir. T\u00fcm kurumlarla birlikte yeniden bu \u00fclkenin bir araya gelmesi gereklidir.\u201d<\/p>\n<p style=\"text-align: justify;\">H\u00fck\u00fcmet\u2019in a\u00e7\u0131klad\u0131\u011f\u0131 ekonomik te\u015fvik paketini \u201cDostlar al\u0131\u015fveri\u015fte g\u00f6r\u00fcns\u00fcn paketi\u201d olarak niteleyen \u015eener, mevcut sekt\u00f6rler \u00e7\u00f6kerken yeni yat\u0131r\u0131mlara te\u015fvik vermenin anlaml\u0131 olmad\u0131\u011f\u0131n\u0131 kaydetti.<\/p>\n<p style=\"text-align: justify;\">T\u00fcrkiye\u2019nin g\u00fcndemini bir s\u00fcredir me\u015fgul eden \u201c\u0130rticayla M\u00fccadele Eylem Plan\u0131\u201dna ili\u015fkin soruyu da yan\u0131tlayan \u015eener, her hal\u00fbkarda demokrasiden, hukuk devletinden ve insan haklar\u0131ndan yana olduklar\u0131n\u0131 belirterek olu\u015fan g\u00fcndemin T\u00fcrkiye\u2019ye zarar verdi\u011fini, demokrasinin g\u00fc\u00e7lendirilmesi i\u00e7in t\u00fcm kurumlar\u0131n \u00e7al\u0131\u015fmas\u0131 gerekti\u011fini ifade etti. \u201cM\u00fcdahale d\u00f6nemleri yarg\u0131lanabilmelidir\u201d diyen \u015eener, askerlerin sivil mahkemelerde yarg\u0131lanmas\u0131na ili\u015fkin de\u011fi\u015fikli\u011fi temel itibariyle do\u011fru bulsalar da kamuoyunda, komisyonlarda, TBMM Genel Kurulunda g\u00f6r\u00fc\u015f\u00fclmeden yap\u0131lmas\u0131n\u0131 yad\u0131rgad\u0131klar\u0131n\u0131 belirterek \u201cSanki bir yerlerden bir \u015feyler ka\u00e7\u0131r\u0131l\u0131yormu\u015f gibi olmamal\u0131yd\u0131\u201d dedi.<\/p>\n<p style=\"text-align: justify;\"><span style=\"color: #888888;\">Kaynak : Vatan<\/span><\/p>\n","protected":false},"excerpt":{"rendered":"<\/p>\n<p style=\"text-align: justify;\">AKP i\u00e7in \u00f6yle s\u00f6zler s\u00f6yledi ki&#8230; <\/p>\n<p style=\"text-align: justify;\">\u015eener, partisinin genel merkezinde yapt\u0131\u011f\u0131 bas\u0131n toplant\u0131s\u0131nda bug\u00fcn a\u00e7\u0131klanan b\u00fcy\u00fcme rakam\u0131n\u0131 an\u0131msatarak, T\u00fcrkiye ekonomisinin 2009\u2019un ilk \u00e7eyre\u011finde y\u00fczde 13,8\u2019lik daralma a\u00e7\u0131klamas\u0131n\u0131n kritik MGK toplant\u0131s\u0131 ile ayn\u0131 g\u00fcnde yap\u0131lmas\u0131na dikkat \u00e7ekti. Ekonomik verilerin \u00f6nemli veriler oldu\u011funu, di\u011fer g\u00fcndem maddeleri i\u00e7inde bo\u011fulamamas\u0131 gerekti\u011fini ifade eden <\/p>\n","protected":false},"author":1,"featured_media":0,"comment_status":"open","ping_status":"closed","sticky":false,"template":"","format":"standard","meta":{"footnotes":""},"categories":[105],"tags":[],"class_list":["post-10645","post","type-post","status-publish","format-standard","hentry","category-gundem","odd"],"_links":{"self":[{"href":"http:\/\/www.korhanyilmaz.com\/index.php?rest_route=\/wp\/v2\/posts\/10645","targetHints":{"allow":["GET"]}}],"collection":[{"href":"http:\/\/www.korhanyilmaz.com\/index.php?rest_route=\/wp\/v2\/posts"}],"about":[{"href":"http:\/\/www.korhanyilmaz.com\/index.php?rest_route=\/wp\/v2\/types\/post"}],"author":[{"embeddable":true,"href":"http:\/\/www.korhanyilmaz.com\/index.php?rest_route=\/wp\/v2\/users\/1"}],"replies":[{"embeddable":true,"href":"http:\/\/www.korhanyilmaz.com\/index.php?rest_route=%2Fwp%2Fv2%2Fcomments&post=10645"}],"version-history":[{"count":0,"href":"http:\/\/www.korhanyilmaz.com\/index.php?rest_route=\/wp\/v2\/posts\/10645\/revisions"}],"wp:attachment":[{"href":"http:\/\/www.korhanyilmaz.com\/index.php?rest_route=%2Fwp%2Fv2%2Fmedia&parent=10645"}],"wp:term":[{"taxonomy":"category","embeddable":true,"href":"http:\/\/www.korhanyilmaz.com\/index.php?rest_route=%2Fwp%2Fv2%2Fcategories&post=10645"},{"taxonomy":"post_tag","embeddable":true,"href":"http:\/\/www.korhanyilmaz.com\/index.php?rest_route=%2Fwp%2Fv2%2Ftags&post=10645"}],"curies":[{"name":"wp","href":"https:\/\/api.w.org\/{rel}","templated":true}]}}