{"id":10641,"date":"2009-06-29T16:57:59","date_gmt":"2009-06-29T13:57:59","guid":{"rendered":"http:\/\/www.korhanyilmaz.com\/?p=10641"},"modified":"2009-06-29T16:57:59","modified_gmt":"2009-06-29T13:57:59","slug":"yeni-sivas-valisini-karsilama-kuyrugu","status":"publish","type":"post","link":"http:\/\/www.korhanyilmaz.com\/?p=10641","title":{"rendered":"Yeni Sivas Valisi&#039;ni kar\u015f\u0131lama kuyru\u011fu"},"content":{"rendered":"<p style=\"text-align: center;\"><a href=\"http:\/\/www.korhanyilmaz.com\/wp-content\/uploads\/2009\/06\/fft5_mf198940.Jpeg\"  class=\"lightview\"><img loading=\"lazy\" decoding=\"async\" class=\"aligncenter size-full wp-image-10642\" src=\"http:\/\/www.korhanyilmaz.com\/wp-content\/uploads\/2009\/06\/fft5_mf198940.Jpeg\" alt=\"\" width=\"360\" height=\"206\" \/><\/a><\/p>\n<p style=\"text-align: justify;\">\u0130\u00e7i\u015fleri Bakanl\u0131\u011f\u0131&#8217;n\u0131n son kararnamesi ile Emniyet Genel M\u00fcd\u00fcr Yard\u0131mc\u0131s\u0131 iken Sivas Valili\u011fi&#8217;ne atanan Ali Kolat, bug\u00fcn kente gelerek g\u00f6revine ba\u015flad\u0131. \u0130l protokol\u00fc, Valilik binas\u0131 \u00f6n\u00fcnde uzun bir kar\u015f\u0131lama kuyru\u011fu olu\u015fturulurken, emniyet k\u00f6kenli vali i\u00e7in polis m\u00fcd\u00fcrleri de tam kadro haz\u0131r bulundu.<\/p>\n<p style=\"text-align: justify;\">Sivas Valili\u011fi g\u00f6revine atanan eski Emniyet Genel M\u00fcd\u00fcr Yard\u0131mc\u0131s\u0131 Ali Kolat, T\u00fcrk Hava Yollar\u0131&#8217;n\u0131n tarifeli u\u00e7a\u011f\u0131 ile kente geldi. Kolat&#8217;\u0131n iste\u011fi \u00fczerine havaalan\u0131nda t\u00f6ren yap\u0131lmad\u0131. Vali Ali Kolat&#8217;\u0131 havalan\u0131nda Vali Yard\u0131mc\u0131s\u0131 Kemal \u015eahin, Belediye Ba\u015fkan\u0131 BBP&#8217;li Do\u011fan \u00dcrg\u00fcp, \u0130l Emniyet M\u00fcd\u00fcr\u00fc Yahya Bal ve \u0130l Jandarma Komutan\u0131 Albay Hakan Do\u011fan kar\u015f\u0131lad\u0131. <!--more--><\/p>\n<p style=\"text-align: justify;\">Karayolu ile Valililik makam\u0131na hareket eden Kolat&#8217;\u0131 Valilik giri\u015finde geni\u015f bir protokol grubu kar\u015f\u0131lad\u0131. \u00c7e\u015fitli daire m\u00fcd\u00fcrleri, Valilik personeli, sivil toplum \u00f6rg\u00fctleri temsilcilerinin de haz\u0131r bulundu\u011fu kar\u015f\u0131lama t\u00f6renindeki kalabal\u0131k dikkat \u00e7ekti. Makam arac\u0131dan inen Vali Ali Kolat ilk olarak polislerden olu\u015fan t\u00f6ren birli\u011fini selamlad\u0131. Vali Kolat, kendisine ho\u015fgeldin \u00e7i\u00e7e\u011fi veren minik bir \u00e7ocu\u011fu da sevdikten sonra, kar\u015f\u0131lamaya gelenler ile tek tek tokala\u015farak makam\u0131na ge\u00e7ti.<\/p>\n<p style=\"text-align: justify;\">Bir s\u00fcre makam\u0131nda kalan Vali Kolat, daha sonra d\u00fczenledi\u011fi bas\u0131n toplant\u0131s\u0131nda Sivas gibi tarihi ve k\u00fclt\u00fcrel g\u00fczellikleri olan bir kente atanmaktan dolay\u0131 mutlu oldu\u011funu dile getirdi. Sivas&#8217;a lay\u0131k olmaya \u00e7al\u0131\u015facaklar\u0131n\u0131 ifade eden Kolat, \u201cBurada hizmet eden \u00f6nceki valiliremize te\u015fek\u00fcr ediyorum. Burada kurum ve kurulu\u015flar\u0131m\u0131zla birlikte \u00e7al\u0131\u015fma y\u00fcr\u00fctece\u011fiz. Her y\u00f6n\u00fc ile bir deste\u011fe ihtiyac\u0131m\u0131z olacak. Vatanda\u015f\u0131m\u0131za, kentimize en iyi hizmeti sunma azim ve kararl\u0131\u011f\u0131 i\u00e7erisinde olaca\u011f\u0131z\u201d diye konu\u015ftu. Kolat\u2019\u0131n ilk olarak Emniyet M\u00fcd\u00fcrl\u00fc\u011f\u00fc\u2019n\u00fc ziyaret edece\u011fi \u00f6\u011frenildi.<\/p>\n<p style=\"text-align: justify;\"><strong>Ali Kolat kimdir? <\/strong><\/p>\n<p style=\"text-align: justify;\">1951 y\u0131l\u0131nda Malatya\u2019n\u0131n Darende \u0130l\u00e7esi\u2019nde d\u00fcnyaya gelen Kolat, 1974 y\u0131l\u0131nda Ankara \u00dcniversitesi Hukuk Fak\u00fcltesi\u2019ni bitirdi. \u0130\u00e7i\u015fleri Bakanl\u0131\u011f\u0131&#8217;nda g\u00f6reve ba\u015flayan Kolat, 1976 y\u0131l\u0131nda Kaymakaml\u0131k s\u0131nav\u0131n\u0131 kazanarak Kayseri Maiyet Memurlu\u011funa atand\u0131. \u00c7e\u015fitli il\u00e7elerde Kaymakaml\u0131k yapt\u0131ktan sonra Bel\u00e7ika&#8217;da Belediyecilik ve Adli Polis okullar\u0131nda ara\u015ft\u0131rma ve incelemelerde bulundu. 1988 y\u0131l\u0131nda Emniyet Genel M\u00fcd\u00fcrl\u00fc\u011f\u00fc Personel Daire Ba\u015fkanl\u0131\u011f\u0131na atanan Kolat, 1991 y\u0131l\u0131nda Ba\u015fm\u00fcfetti\u015f oldu. 2004 y\u0131l\u0131nda Tefti\u015f Kurulu Ba\u015fkan\u0131 olan Ali Kolat&#8217;a Polis Bak\u0131m ve Yard\u0131m Sand\u0131\u011f\u0131 Y\u00f6netim Kurulu Ba\u015fkanl\u0131\u011f\u0131 g\u00f6revi de verildi. 2008 y\u0131l\u0131nda Personelden sorumlu Emniyet Genel M\u00fcd\u00fcr Yard\u0131mc\u0131 olan Kolat evli ve 3 \u00e7ocuk babas\u0131.<\/p>\n<p style=\"text-align: justify;\"><span style=\"color: #888888;\">Kaynak : Radikal<\/span><\/p>\n","protected":false},"excerpt":{"rendered":"<p style=\"text-align: center;\">\n<p style=\"text-align: justify;\">\u0130\u00e7i\u015fleri Bakanl\u0131\u011f\u0131&#8217;n\u0131n son kararnamesi ile Emniyet Genel M\u00fcd\u00fcr Yard\u0131mc\u0131s\u0131 iken Sivas Valili\u011fi&#8217;ne atanan Ali Kolat, bug\u00fcn kente gelerek g\u00f6revine ba\u015flad\u0131. \u0130l protokol\u00fc, Valilik binas\u0131 \u00f6n\u00fcnde uzun bir kar\u015f\u0131lama kuyru\u011fu olu\u015fturulurken, emniyet k\u00f6kenli vali i\u00e7in polis m\u00fcd\u00fcrleri de tam kadro haz\u0131r bulundu.<\/p>\n<p style=\"text-align: justify;\">Sivas Valili\u011fi g\u00f6revine atanan eski Emniyet Genel <\/p>\n","protected":false},"author":1,"featured_media":0,"comment_status":"open","ping_status":"closed","sticky":false,"template":"","format":"standard","meta":{"footnotes":""},"categories":[105],"tags":[],"class_list":["post-10641","post","type-post","status-publish","format-standard","hentry","category-gundem","odd"],"_links":{"self":[{"href":"http:\/\/www.korhanyilmaz.com\/index.php?rest_route=\/wp\/v2\/posts\/10641","targetHints":{"allow":["GET"]}}],"collection":[{"href":"http:\/\/www.korhanyilmaz.com\/index.php?rest_route=\/wp\/v2\/posts"}],"about":[{"href":"http:\/\/www.korhanyilmaz.com\/index.php?rest_route=\/wp\/v2\/types\/post"}],"author":[{"embeddable":true,"href":"http:\/\/www.korhanyilmaz.com\/index.php?rest_route=\/wp\/v2\/users\/1"}],"replies":[{"embeddable":true,"href":"http:\/\/www.korhanyilmaz.com\/index.php?rest_route=%2Fwp%2Fv2%2Fcomments&post=10641"}],"version-history":[{"count":0,"href":"http:\/\/www.korhanyilmaz.com\/index.php?rest_route=\/wp\/v2\/posts\/10641\/revisions"}],"wp:attachment":[{"href":"http:\/\/www.korhanyilmaz.com\/index.php?rest_route=%2Fwp%2Fv2%2Fmedia&parent=10641"}],"wp:term":[{"taxonomy":"category","embeddable":true,"href":"http:\/\/www.korhanyilmaz.com\/index.php?rest_route=%2Fwp%2Fv2%2Fcategories&post=10641"},{"taxonomy":"post_tag","embeddable":true,"href":"http:\/\/www.korhanyilmaz.com\/index.php?rest_route=%2Fwp%2Fv2%2Ftags&post=10641"}],"curies":[{"name":"wp","href":"https:\/\/api.w.org\/{rel}","templated":true}]}}