{"id":10633,"date":"2009-06-29T16:49:19","date_gmt":"2009-06-29T13:49:19","guid":{"rendered":"http:\/\/www.korhanyilmaz.com\/?p=10633"},"modified":"2009-06-29T16:49:19","modified_gmt":"2009-06-29T13:49:19","slug":"hondurasli-siviller-rahatsiz","status":"publish","type":"post","link":"http:\/\/www.korhanyilmaz.com\/?p=10633","title":{"rendered":"Hondurasl\u0131 siviller rahats\u0131z!"},"content":{"rendered":"<p style=\"text-align: center;\"><img loading=\"lazy\" decoding=\"async\" class=\"aligncenter size-full wp-image-10634\" src=\"http:\/\/www.korhanyilmaz.com\/wp-content\/uploads\/2009\/06\/300620090149160921676.jpg\" alt=\"\" width=\"329\" height=\"210\" \/><\/p>\n<p style=\"text-align: justify;\"><strong>Honduras\u2019ta solcu Devlet Ba\u015fkan\u0131 Zelaya\u2019n\u0131n konutunu bas\u0131p \u00fclkenin d\u0131\u015f\u0131na g\u00f6nderen orduya halk kar\u015f\u0131 koyuyor. <\/strong><\/p>\n<p style=\"text-align: justify;\">ORTA Amerika\u2019da So\u011fuk Sava\u015f\u2019tan beri yap\u0131lan ilk darbeye sahne olan Honduras\u2019ta tansiyon y\u00fckseliyor. Ordunun \u00f6nceki sabah konutunu basarak yaka pa\u00e7a g\u00f6zalt\u0131na ald\u0131\u011f\u0131, ard\u0131ndan Kosta Rika\u2019ya s\u00fcrg\u00fcne g\u00f6nderdi\u011fi solcu Devlet Ba\u015fkan\u0131 Manuel Zelaya\u2019ya kar\u015f\u0131 yap\u0131lan darbe halk\u0131 sokaklara d\u00f6kerken, b\u00f6lgede sava\u015f \u00e7anlar\u0131n\u0131n \u00e7almas\u0131na da neden oldu. Ordunun, Zelaya\u2019n\u0131n yerine ge\u00e7ici olarak atad\u0131\u011f\u0131 Kongre Ba\u015fkan\u0131 Roberto Micheletti, 48 saatlik soka\u011fa \u00e7\u0131kma yasa\u011f\u0131 ilan etse, y\u00fczlerce maskeli g\u00f6sterici Ba\u015fkanl\u0131k Saray\u0131\u2019n\u0131n \u00e7evresinde topland\u0131.<!--more--><\/p>\n<p style=\"text-align: justify;\">G\u00f6stericiler yollarda barikatlar kurdu. Ta\u015f ve sopalarla askerlere kar\u015f\u0131 koydular. Cesar Ham adl\u0131 milletvekilinin de kendisini tutuklamaya \u00e7al\u0131\u015fan askerlere kar\u015f\u0131 direndi\u011fi, karga\u015fada askerin silah\u0131ndan \u00e7\u0131kan kur\u015funla \u00f6ld\u00fc\u011f\u00fc belirtildi.<\/p>\n<p style=\"text-align: justify;\">Latin Amerika\u2019n\u0131n solcu liderleri de Nikaragua\u2019da acil bir zirve d\u00fczenleyerek Zelaya\u2019y\u0131 \u201cHonduras\u2019\u0131n me\u015fru lideri\u201d ilan etti.<\/p>\n<p style=\"text-align: justify;\"><strong>\u2019Gerekirse sava\u015f\u0131r\u0131z\u2019 <\/strong><\/p>\n<p style=\"text-align: justify;\">Zelaya\u2019n\u0131n da kat\u0131ld\u0131\u011f\u0131 zirvede konu\u015fan sol blo\u011fun lideri Venezuela Devlet Ba\u015fkan\u0131 Hugo Chavez, \u201cOnlara bir ders vermek laz\u0131m. Ma\u011fara devrine geri d\u00f6n\u00fclmesine izin veremeyiz. Venezuela halk\u0131 ve silahl\u0131 g\u00fc\u00e7leriyle Honduras\u2019\u0131n yan\u0131ndad\u0131r\u201d dedi. Nikaragua ve Ekvador liderleri de askeri bir m\u00fcdahale gerekirse Zelaya\u2019ya destek vereceklerini a\u00e7\u0131klad\u0131. Bu tehdide Honduras\u2019ta y\u00f6netim sert yan\u0131t verdi. Ge\u00e7ici Ba\u015fkan Micheletti, \u201cSilahl\u0131 g\u00fc\u00e7lerimiz \u00fclkeyi savunmaya haz\u0131rd\u0131r\u201d dedi.<\/p>\n<p style=\"text-align: justify;\"><span style=\"color: #888888;\">Kaynak : Vatan<\/span><\/p>\n","protected":false},"excerpt":{"rendered":"<p style=\"text-align: center;\">\n<p style=\"text-align: justify;\">Honduras\u2019ta solcu Devlet Ba\u015fkan\u0131 Zelaya\u2019n\u0131n konutunu bas\u0131p \u00fclkenin d\u0131\u015f\u0131na g\u00f6nderen orduya halk kar\u015f\u0131 koyuyor. <\/p>\n<p style=\"text-align: justify;\">ORTA Amerika\u2019da So\u011fuk Sava\u015f\u2019tan beri yap\u0131lan ilk darbeye sahne olan Honduras\u2019ta tansiyon y\u00fckseliyor. Ordunun \u00f6nceki sabah konutunu basarak yaka pa\u00e7a g\u00f6zalt\u0131na ald\u0131\u011f\u0131, ard\u0131ndan Kosta Rika\u2019ya s\u00fcrg\u00fcne g\u00f6nderdi\u011fi solcu Devlet Ba\u015fkan\u0131 Manuel Zelaya\u2019ya kar\u015f\u0131 <\/p>\n","protected":false},"author":1,"featured_media":0,"comment_status":"open","ping_status":"closed","sticky":false,"template":"","format":"standard","meta":{"footnotes":""},"categories":[3],"tags":[],"class_list":["post-10633","post","type-post","status-publish","format-standard","hentry","category-dunya","odd"],"_links":{"self":[{"href":"http:\/\/www.korhanyilmaz.com\/index.php?rest_route=\/wp\/v2\/posts\/10633","targetHints":{"allow":["GET"]}}],"collection":[{"href":"http:\/\/www.korhanyilmaz.com\/index.php?rest_route=\/wp\/v2\/posts"}],"about":[{"href":"http:\/\/www.korhanyilmaz.com\/index.php?rest_route=\/wp\/v2\/types\/post"}],"author":[{"embeddable":true,"href":"http:\/\/www.korhanyilmaz.com\/index.php?rest_route=\/wp\/v2\/users\/1"}],"replies":[{"embeddable":true,"href":"http:\/\/www.korhanyilmaz.com\/index.php?rest_route=%2Fwp%2Fv2%2Fcomments&post=10633"}],"version-history":[{"count":0,"href":"http:\/\/www.korhanyilmaz.com\/index.php?rest_route=\/wp\/v2\/posts\/10633\/revisions"}],"wp:attachment":[{"href":"http:\/\/www.korhanyilmaz.com\/index.php?rest_route=%2Fwp%2Fv2%2Fmedia&parent=10633"}],"wp:term":[{"taxonomy":"category","embeddable":true,"href":"http:\/\/www.korhanyilmaz.com\/index.php?rest_route=%2Fwp%2Fv2%2Fcategories&post=10633"},{"taxonomy":"post_tag","embeddable":true,"href":"http:\/\/www.korhanyilmaz.com\/index.php?rest_route=%2Fwp%2Fv2%2Ftags&post=10633"}],"curies":[{"name":"wp","href":"https:\/\/api.w.org\/{rel}","templated":true}]}}