{"id":10623,"date":"2009-06-29T17:34:32","date_gmt":"2009-06-29T14:34:32","guid":{"rendered":"http:\/\/www.korhanyilmaz.com\/?p=10623"},"modified":"2009-06-29T17:34:32","modified_gmt":"2009-06-29T14:34:32","slug":"albay-cicek-ve-8-subay-gelmedi","status":"publish","type":"post","link":"http:\/\/www.korhanyilmaz.com\/?p=10623","title":{"rendered":"Albay \u00c7i\u00e7ek ve 8 subay gelmedi"},"content":{"rendered":"<p style=\"text-align: center;\"><img loading=\"lazy\" decoding=\"async\" class=\"aligncenter size-full wp-image-10624\" src=\"http:\/\/www.korhanyilmaz.com\/wp-content\/uploads\/2009\/06\/300620090101508976335.jpg\" alt=\"\" width=\"329\" height=\"210\" \/><\/p>\n<p style=\"text-align: justify;\"><strong>Ergenekon soru\u015fturmas\u0131 kapsam\u0131nda bug\u00fcn \u0130stanbul&#8217;da ifadeleri al\u0131nacak olan 8 subay, ifade vermeye gelmedi. <\/strong><\/p>\n<p style=\"text-align: justify;\">Ergenekon soru\u015fturmas\u0131 kapsam\u0131nda d\u00fcn ifade vermesi beklenen 8 albay ile \u201c\u0130rtica ile M\u00fccadele Eylem Plan\u0131\u201d belgesinde imzas\u0131 oldu\u011fu iddia edilen Albay Dursun \u00c7i\u00e7ek, d\u00fcn ifade vermeye gelmedi. \u00c7i\u00e7ek ve 8 albay\u0131n bug\u00fcn (sal\u0131) ifade vermesi bekleniyor. Sabah\u0131n erken saatlerinde adliye \u00f6n\u00fcne gelen gazeteciler g\u00fcn boyunca bekledi. Adliye personelinin \u00e7\u0131k\u0131\u015f saatinde adliye binas\u0131ndan ayr\u0131lan \u0130stanbul Cumhuriyet Ba\u015fsavc\u0131 Vekili Turan \u00c7olakkad\u0131 protokol kap\u0131s\u0131nda bekleyen gazetecilere, bulunduklar\u0131 yerde beklenilmesine yasak koydu\u011funu s\u00f6yledi. <!--more-->\u0130rticayla M\u00fccadele Eylem Plan\u0131\u2019n\u0131n alt\u0131ndaki imzan\u0131n sahibi oldu\u011fu iddia edilen Albay Dursun \u00c7i\u00e7ek ile Harp Akademileri ve SAT Komutanl\u0131\u011f\u0131\u2019nda g\u00f6rev yapt\u0131klar\u0131 \u00f6\u011frenilen 8 subay ifadeye \u00e7a\u011fr\u0131lm\u0131\u015ft\u0131. \u0130fadeye \u00e7a\u011fr\u0131lan 8 albay\u0131n, Beykoz Poyrazk\u00f6y\u2019de yap\u0131lan aramalarda ele ge\u00e7irilen cephanelik ve Ergenekon tutuklusu emekli Albay Levent G\u00f6kta\u015f\u2019\u0131n ikinci eylem ekibi olduklar\u0131 iddias\u0131yla sorgulanacaklar\u0131 \u00f6ne s\u00fcr\u00fclm\u00fc\u015ft\u00fc.<\/p>\n<p style=\"text-align: justify;\"><span style=\"color: #888888;\">Kaynak : Vatan<\/span><\/p>\n","protected":false},"excerpt":{"rendered":"<p style=\"text-align: center;\">\n<p style=\"text-align: justify;\">Ergenekon soru\u015fturmas\u0131 kapsam\u0131nda bug\u00fcn \u0130stanbul&#8217;da ifadeleri al\u0131nacak olan 8 subay, ifade vermeye gelmedi. <\/p>\n<p style=\"text-align: justify;\">Ergenekon soru\u015fturmas\u0131 kapsam\u0131nda d\u00fcn ifade vermesi beklenen 8 albay ile \u201c\u0130rtica ile M\u00fccadele Eylem Plan\u0131\u201d belgesinde imzas\u0131 oldu\u011fu iddia edilen Albay Dursun \u00c7i\u00e7ek, d\u00fcn ifade vermeye gelmedi. \u00c7i\u00e7ek ve 8 albay\u0131n bug\u00fcn (sal\u0131) ifade <\/p>\n","protected":false},"author":1,"featured_media":0,"comment_status":"open","ping_status":"closed","sticky":false,"template":"","format":"standard","meta":{"footnotes":""},"categories":[105],"tags":[],"class_list":["post-10623","post","type-post","status-publish","format-standard","hentry","category-gundem","odd"],"_links":{"self":[{"href":"http:\/\/www.korhanyilmaz.com\/index.php?rest_route=\/wp\/v2\/posts\/10623","targetHints":{"allow":["GET"]}}],"collection":[{"href":"http:\/\/www.korhanyilmaz.com\/index.php?rest_route=\/wp\/v2\/posts"}],"about":[{"href":"http:\/\/www.korhanyilmaz.com\/index.php?rest_route=\/wp\/v2\/types\/post"}],"author":[{"embeddable":true,"href":"http:\/\/www.korhanyilmaz.com\/index.php?rest_route=\/wp\/v2\/users\/1"}],"replies":[{"embeddable":true,"href":"http:\/\/www.korhanyilmaz.com\/index.php?rest_route=%2Fwp%2Fv2%2Fcomments&post=10623"}],"version-history":[{"count":0,"href":"http:\/\/www.korhanyilmaz.com\/index.php?rest_route=\/wp\/v2\/posts\/10623\/revisions"}],"wp:attachment":[{"href":"http:\/\/www.korhanyilmaz.com\/index.php?rest_route=%2Fwp%2Fv2%2Fmedia&parent=10623"}],"wp:term":[{"taxonomy":"category","embeddable":true,"href":"http:\/\/www.korhanyilmaz.com\/index.php?rest_route=%2Fwp%2Fv2%2Fcategories&post=10623"},{"taxonomy":"post_tag","embeddable":true,"href":"http:\/\/www.korhanyilmaz.com\/index.php?rest_route=%2Fwp%2Fv2%2Ftags&post=10623"}],"curies":[{"name":"wp","href":"https:\/\/api.w.org\/{rel}","templated":true}]}}