{"id":10620,"date":"2009-06-29T11:27:35","date_gmt":"2009-06-29T08:27:35","guid":{"rendered":"http:\/\/www.korhanyilmaz.com\/?p=10620"},"modified":"2009-06-29T11:27:35","modified_gmt":"2009-06-29T08:27:35","slug":"acil-zirvede-iki-kritik-konu","status":"publish","type":"post","link":"http:\/\/www.korhanyilmaz.com\/?p=10620","title":{"rendered":"&#039;Acil zirve&#039;de iki kritik konu"},"content":{"rendered":"<p style=\"text-align: center;\"><img loading=\"lazy\" decoding=\"async\" class=\"aligncenter size-full wp-image-10621\" src=\"http:\/\/www.korhanyilmaz.com\/wp-content\/uploads\/2009\/06\/300620090112377477724.jpg\" alt=\"\" width=\"329\" height=\"210\" \/><\/p>\n<p style=\"text-align: justify;\"><strong>Ba\u015fbakan Erdo\u011fan ve Org. \u0130lker Ba\u015fbu\u011f&#8217;un 1.5 saat s\u00fcren g\u00f6r\u00fc\u015fmesine Adalet Bakan\u0131 Sadullah Ergin de kat\u0131ld\u0131. <\/strong><\/p>\n<p style=\"text-align: justify;\">Ba\u015fbakan ile Org. Ba\u015fbu\u011f bug\u00fcnk\u00fc MGK \u00f6ncesi ba\u015f ba\u015fa 1.5 saat konu\u015ftu. Kulislere g\u00f6re zirvede, \u201cbelge-ka\u011f\u0131t polemi\u011fine\u201d yol a\u00e7an dok\u00fcman ile \u2018geceyar\u0131s\u0131 yasas\u0131\u2019 ele al\u0131nd\u0131. Org. Ba\u015fbu\u011f ak\u015fam saatlerinde de M\u0130T M\u00fcste\u015far\u0131\u2019yla g\u00f6r\u00fc\u015ft\u00fc.<\/p>\n<p style=\"text-align: justify;\">ANKARA- Ba\u015fbakan Erdo\u011fan, Genelkurmay Ba\u015fkan\u0131 Org. \u0130lker Ba\u015fbu\u011f\u2019u kritik MGK toplant\u0131s\u0131ndan bir g\u00fcn \u00f6nce kabul etti. Ba\u015fbakanl\u0131k\u2019ta ger\u00e7ekle\u015fen acil zirve 1 saat 35 dakika s\u00fcrd\u00fc. Org. Ba\u015fbu\u011f d\u00fcn ak\u015fam saatlerinde de M\u0130T M\u00fcste\u015far\u0131 Emre Taner\u2019le de bir araya geldi. Erdo\u011fan zirve i\u00e7in Ba\u015fbakanl\u0131k Merkez Binas\u0131\u2019na Adalet Bakan\u0131 Sadullah Ergin ile birlikte geldi. G\u00f6r\u00fc\u015fme s\u0131ras\u0131nda Ergin\u2019in Ba\u015fbakanl\u0131k\u2019ta bulunmas\u0131na ra\u011fmen Erdo\u011fan ve Ba\u015fbu\u011f\u2019un ba\u015f ba\u015fa g\u00f6r\u00fc\u015ft\u00fckleri bildirildi. Zirvenin ard\u0131ndan bir a\u00e7\u0131klama yap\u0131lmad\u0131. Ancak kulislerde yay\u0131lan iddialara g\u00f6re zirvede iki temel konu \u00fczerinde duruldu ve hem \u201cbelge-ka\u011f\u0131t polemi\u011fine\u201d yol a\u00e7an dok\u00fcman, hem de askerlere sivil yarg\u0131 yolunu a\u00e7an \u201cgeceyar\u0131s\u0131 yasas\u0131\u201d ele al\u0131nd\u0131. Kulislere g\u00f6re, g\u00f6r\u00fc\u015fme Genelkurmay Ba\u015fkan\u0131\u2019n\u0131n talebi \u00fczerine ger\u00e7ekle\u015fti. <!--more--><\/p>\n<p style=\"text-align: justify;\">Ge\u00e7en Cuma g\u00fcn\u00fc d\u00fczenledi\u011fi bas\u0131n toplant\u0131s\u0131nda \u201cBelgeye ili\u015fkin askeri mahkemelere, savc\u0131lara y\u00f6neltilen d\u00fc\u015f\u00fcnce ve su\u00e7lamalar, ger\u00e7ek d\u0131\u015f\u0131 ve maksatl\u0131d\u0131r. Habere konu belgeyle ilgili geli\u015fmeler, 30 Haziran Sal\u0131 g\u00fcn\u00fc yap\u0131lacak MGK\u2019da g\u00fcndeme getirilecek. Biz hukuk devleti ilkelerine ve hukuka sayg\u0131l\u0131y\u0131z, ba\u011fl\u0131y\u0131z. Bu konulara ili\u015fkin g\u00f6r\u00fc\u015f ve d\u00fc\u015f\u00fcncelerimizi yasal platformlarda getiririz\u201d diyen Orgeneral Ba\u015fbu\u011f, MGK\u2019n\u0131n toplant\u0131s\u0131ndan \u00f6nce \u00f6nce Ba\u015fbakan\u2019a bu konuda bilgi sundu. Cuma g\u00fcnk\u00fc bas\u0131n toplant\u0131s\u0131nda \u201cTSK\u2019ya kar\u015f\u0131 medya \u00fczerinden asimetrik bir psikolojik harekat y\u00fcr\u00fctmeye son verilmesini\u201d isteyen Orgeneral Ba\u015fbu\u011f, \u201casimetrik psikolojik harekat y\u00fcr\u00fct\u00fcld\u00fc\u011f\u00fc\u201d g\u00f6r\u00fc\u015f\u00fcne var\u0131lmas\u0131na neden olan geli\u015fmeleri de\u011ferlendirdi. \u201cBelge-ka\u011f\u0131t par\u00e7as\u0131\u201d polemi\u011fine neden olan \u201c\u0130rticayla M\u00fccadele Plan\u0131\u201d isimli d\u00f6k\u00fcman\u0131n haz\u0131rlanmas\u0131, bir avukat\u0131n b\u00fcrosunda bulunmas\u0131, bir gazetede haber olmas\u0131 konusunda Genelkurmay\u2019a ula\u015fan bilgi ve duyumlar bulundu\u011funu anlatan Org. Ba\u015fbu\u011f, bu konuda yap\u0131lmas\u0131 gereken \u00e7al\u0131\u015fmalar konusundaki g\u00f6r\u00fc\u015flerini de aktard\u0131.<\/p>\n<p style=\"text-align: justify;\"><strong>Darbe yasas\u0131 <\/strong><\/p>\n<p style=\"text-align: justify;\">Kulislerdeki iddialara g\u00f6re Genelkurmay Ba\u015fkan\u0131, AKP ile muhalefet aras\u0131nda tart\u0131\u015fma yaratan \u201cgeceyar\u0131s\u0131 yasas\u0131\u201d konusunu da g\u00fcndeme getirdi. Genelkurmay Ba\u015fkanl\u0131\u011f\u0131\u2019na bu yasada A\u0130HM\u2019in T\u00fcrkiye aleyhine kararlar almas\u0131na yol a\u00e7an sivillerin askeri yarg\u0131da yarg\u0131lanmas\u0131n\u0131 engelleyecek d\u00fczenleme yap\u0131laca\u011f\u0131 konusunda genel bilgi verildi\u011fine i\u015faret etti. Ancak muvazzaf ve emekli askerlere askeri mahalde i\u015flenmi\u015f su\u00e7lar i\u00e7in de sivil yarg\u0131 yolunu a\u00e7an d\u00fczenleme konusunda kendilerine bilgi verilmedi\u011fini s\u00f6yledi.<\/p>\n<p style=\"text-align: justify;\"><strong>5 ayda 9 kez g\u00f6r\u00fc\u015ft\u00fcler <\/strong><\/p>\n<p style=\"text-align: justify;\">Ba\u015fbakan Erdo\u011fan ile Org. \u0130lker Ba\u015fbu\u011f aras\u0131nda \u201cola\u011fan g\u00f6r\u00fc\u015fme\u201d trafi\u011fi, Ergenekon\u2019da 11. dalga operasyonunun yap\u0131ld\u0131\u011f\u0131 22 Ocak g\u00fcn\u00fc ba\u015flad\u0131. Ba\u015fbakan ve Genelkurmay Ba\u015fkan\u0131, o tarihten bu yana 9 defa bir araya geldiler. Bu g\u00f6r\u00fc\u015fmelerin 16 Haziran ve d\u00fcn yap\u0131lan iki g\u00f6r\u00fc\u015fme d\u0131\u015f\u0131nda, 31 Mart\u2019taki de Ba\u015fbakan\u2019\u0131n yurt d\u0131\u015f\u0131 seyahat program\u0131 nedeniyle Per\u015fembe g\u00fcn\u00fc yerine Sal\u0131 g\u00fcn\u00fc ger\u00e7ekle\u015fti.<\/p>\n<p style=\"text-align: justify;\"><strong>\u0130kinci zirve M\u0130T\u2019te&#8230; <\/strong><\/p>\n<p style=\"text-align: justify;\">Genelkurmay Ba\u015fkan\u0131 ve kuvvet komutanlar\u0131, TSK\u2019ya kar\u015f\u0131 medya \u00fczerinden y\u00fcr\u00fct\u00fclen asimetrik psikolojik harekat konusunu M\u0130T M\u00fcste\u015far\u0131 Emre Taner ile g\u00f6r\u00fc\u015ft\u00fcler. Org. Ba\u015fbu\u011f\u2019un Erdo\u011fan\u2019a irticayla m\u00fccadele plan\u0131 isimli dok\u00fcman\u0131n haz\u0131rlanmas\u0131 ve bir gazetede haber olmas\u0131 konusunda kendilerine duyumlar ile ya\u015fanan ku\u015fkular konusunda bilgi vermesinden sonra ikinci bir zirve toplant\u0131s\u0131 yap\u0131ld\u0131. Genelkurmay Ba\u015fkan\u0131 ile g\u00f6r\u00fc\u015fmenin ard\u0131ndan Ba\u015fbakan Erdo\u011fan\u2019\u0131n verdi\u011fi talimat do\u011frultusunda M\u0130T M\u00fcste\u015far\u0131 Emre Taner Genelkurmay karargah\u0131na gitti. Taner ile Genelkurmay Ba\u015fkan\u0131\u2019n\u0131n ba\u015f ba\u015fa bir g\u00f6r\u00fc\u015fme yapt\u0131\u011f\u0131 daha sonra da kuvvet komutanlar\u0131n\u0131n da kat\u0131ld\u0131\u011f\u0131 bir toplant\u0131 ger\u00e7ekle\u015ftirildi\u011fi \u00f6\u011frenildi.<\/p>\n<p style=\"text-align: justify;\"><strong>BA\u015e BA\u015eA G\u00d6R\u00dc\u015eT\u00dcLER <\/strong><\/p>\n<p style=\"text-align: justify;\">Ba\u015fbakan Erdo\u011fan, zirve g\u00f6r\u00fc\u015fmesi \u00f6ncesinde Adalet Bakan\u0131 Sadullah Ergin ile biraraya gelerek durum de\u011ferlendirmesi yapt\u0131. Ba\u015fbakan ve Genelkurmay Ba\u015fkan\u0131\u2019n\u0131n g\u00f6r\u00fc\u015fmesi 11.00\u2019de ba\u015flad\u0131. Adalet Bakan\u0131\u2019n\u0131n da Ba\u015fbakanl\u0131k\u2019ta olmas\u0131na ra\u011fmen g\u00f6r\u00fc\u015fmeye kat\u0131lmad\u0131\u011f\u0131 ve g\u00f6r\u00fc\u015fmenin ba\u015f ba\u015fa ger\u00e7ekle\u015fti\u011fi bildirildi.<\/p>\n<p style=\"text-align: justify;\"><span style=\"color: #888888;\">Kaynak : Vatan<\/span><\/p>\n","protected":false},"excerpt":{"rendered":"<p style=\"text-align: center;\">\n<p style=\"text-align: justify;\">Ba\u015fbakan Erdo\u011fan ve Org. \u0130lker Ba\u015fbu\u011f&#8217;un 1.5 saat s\u00fcren g\u00f6r\u00fc\u015fmesine Adalet Bakan\u0131 Sadullah Ergin de kat\u0131ld\u0131. <\/p>\n<p style=\"text-align: justify;\">Ba\u015fbakan ile Org. Ba\u015fbu\u011f bug\u00fcnk\u00fc MGK \u00f6ncesi ba\u015f ba\u015fa 1.5 saat konu\u015ftu. Kulislere g\u00f6re zirvede, \u201cbelge-ka\u011f\u0131t polemi\u011fine\u201d yol a\u00e7an dok\u00fcman ile \u2018geceyar\u0131s\u0131 yasas\u0131\u2019 ele al\u0131nd\u0131. Org. Ba\u015fbu\u011f ak\u015fam saatlerinde de M\u0130T <\/p>\n","protected":false},"author":1,"featured_media":0,"comment_status":"open","ping_status":"closed","sticky":false,"template":"","format":"standard","meta":{"footnotes":""},"categories":[105],"tags":[],"class_list":["post-10620","post","type-post","status-publish","format-standard","hentry","category-gundem","odd"],"_links":{"self":[{"href":"http:\/\/www.korhanyilmaz.com\/index.php?rest_route=\/wp\/v2\/posts\/10620","targetHints":{"allow":["GET"]}}],"collection":[{"href":"http:\/\/www.korhanyilmaz.com\/index.php?rest_route=\/wp\/v2\/posts"}],"about":[{"href":"http:\/\/www.korhanyilmaz.com\/index.php?rest_route=\/wp\/v2\/types\/post"}],"author":[{"embeddable":true,"href":"http:\/\/www.korhanyilmaz.com\/index.php?rest_route=\/wp\/v2\/users\/1"}],"replies":[{"embeddable":true,"href":"http:\/\/www.korhanyilmaz.com\/index.php?rest_route=%2Fwp%2Fv2%2Fcomments&post=10620"}],"version-history":[{"count":0,"href":"http:\/\/www.korhanyilmaz.com\/index.php?rest_route=\/wp\/v2\/posts\/10620\/revisions"}],"wp:attachment":[{"href":"http:\/\/www.korhanyilmaz.com\/index.php?rest_route=%2Fwp%2Fv2%2Fmedia&parent=10620"}],"wp:term":[{"taxonomy":"category","embeddable":true,"href":"http:\/\/www.korhanyilmaz.com\/index.php?rest_route=%2Fwp%2Fv2%2Fcategories&post=10620"},{"taxonomy":"post_tag","embeddable":true,"href":"http:\/\/www.korhanyilmaz.com\/index.php?rest_route=%2Fwp%2Fv2%2Ftags&post=10620"}],"curies":[{"name":"wp","href":"https:\/\/api.w.org\/{rel}","templated":true}]}}