{"id":10612,"date":"2009-06-29T14:15:15","date_gmt":"2009-06-29T11:15:15","guid":{"rendered":"http:\/\/www.korhanyilmaz.com\/?p=10612"},"modified":"2009-06-29T14:15:15","modified_gmt":"2009-06-29T11:15:15","slug":"gericilige-ustun-hizmet-madalyasi","status":"publish","type":"post","link":"http:\/\/www.korhanyilmaz.com\/?p=10612","title":{"rendered":"Gericili\u011fe \u00dcst\u00fcn Hizmet Madalyas\u0131"},"content":{"rendered":"<p style=\"text-align: center;\"><img loading=\"lazy\" decoding=\"async\" class=\"size-full wp-image-10613 aligncenter\" src=\"http:\/\/www.korhanyilmaz.com\/wp-content\/uploads\/2009\/06\/actuel_1246274136.jpg\" alt=\"\" width=\"288\" height=\"190\" \/><\/p>\n<div id=\"news_content\" style=\"margin: 10px 3px 2px 10px;\">\n<p style=\"text-align: justify;\">Meclis\u2019in \u2018\u00dcst\u00fcn Hizmet \u00d6d\u00fcl\u00fc\u2019 verdi\u011fi T\u00fcrkiye Yazarlar Birli\u011fi\u2019nin internet sitesindeki makaleler, ba\u015fta Meclis olmak \u00fczere bir\u00e7ok kesim ve ki\u015fiyle dalga ge\u00e7iyor<\/p>\n<p style=\"text-align: justify;\"><strong>YA\u015eAR KEMAL \u0130LE DALGA GE\u00c7\u0130YOR<\/strong><br \/>\nBMM\u2019nin bu y\u0131l \u201c\u00dcst\u00fcn Hizmet\u201d verdi\u011fi kurulu\u015flardan biri olan T\u00fcrkiye Yazarlar Birli\u011fi ideolojik ve siyasi yap\u0131s\u0131yla tan\u0131n\u0131yor. TBMM Ba\u015fkan\u0131 K\u00f6ksal Toptan\u2019\u0131n \u00f6vg\u00fcyle s\u00f6z etti\u011fi derne\u011fin internet sitesinde, \u00fcye \u00fcnl\u00fc yazarlar\u0131n makaleleri yer al\u0131yor, makalelerde, \u201cYeni feylozofumuz \u015ea\u015far Kemal (Pardon Ya\u015far Kemal)\u201d, \u201cDans\u00f6z oynatmak veya \u00e7\u0131plakl\u0131k ilericili\u011fin, \u00e7a\u011fda\u015fl\u0131\u011f\u0131n, hatta Atat\u00fcrk\u00e7\u00fcl\u00fc\u011f\u00fcn simgelerinden biri haline geldi\u201d, \u201c31 Mart Vakas\u0131\u2019n\u0131n 100. Y\u0131ld\u00f6n\u00fcm\u00fc kutlu olsun\u201d gibi ifadeler dikkat \u00e7ekiyor.<!--more--><\/p>\n<p style=\"text-align: justify;\"><strong>MECL\u0130S\u0130 MEBUSAN DAHA \u0130Y\u0130YD\u0130<\/strong><br \/>\nBMM\u2019den \u00fcst\u00fcn hizmet \u00f6d\u00fcl\u00fc alan Yazarlar Birli\u011fi asl\u0131nda Meclis-i Meb\u2019us\u00e2n\u2019\u0131 bu Meclis\u2019ten daha iyi buluyor. Konuyla ilgili internet sitesindeki de\u011ferlendirme \u015f\u00f6yle: \u201cHukukun \u00fcst\u00fcnl\u00fc\u011f\u00fc a\u00e7\u0131s\u0131ndan bak\u0131lacak olursa, 1908 y\u0131l\u0131nda il\u00e2n edilen Me\u015fruti Y\u00f6netim, halk ir\u00e2desini, 1923 sonras\u0131na nispetle daha \u00e7ok yans\u0131tmaktayd\u0131. Halkoyu ile se\u00e7ilmi\u015f bir meclis, bu mecliste temsil edilen farkl\u0131 siyasi g\u00f6r\u00fc\u015fler ve bu g\u00f6r\u00fc\u015fleri \u00e7at\u0131s\u0131 alt\u0131nda bar\u0131nd\u0131ran partiler, Osmanl\u0131 Meclis-i Meb\u2019us\u00e2n\u0131\u2019ndaki \u00e7ok seslili\u011fi besliyordu.\u201d\n<\/p>\n<p style=\"text-align: justify;\">TBMM, bu y\u0131l \u201c\u00dcst\u00fcn hizmet\u201d madalyas\u0131n\u0131 kendini a\u015fa\u011f\u0131layan ve internet sitesinde gerici, fa\u015fizan yaz\u0131lara yer veren T\u00fcrkiye Yazarlar Birli\u011fine verdi. T\u00fcrkiye Yazarlar Birli\u011fi\u2019nin sitesinde yer alan makalelerde, \u201cHeykele \u00e7elenk koymak hurafedir\u201d, \u201cYeni feylozofumuz \u015ea\u015far Kemal (Pardon Ya\u015far Kemal)\u201d, \u201cDans\u00f6z oynatmak veya \u00e7\u0131plakl\u0131k ilericili\u011fin, \u00e7a\u011fda\u015fl\u0131\u011f\u0131n, hatta Atat\u00fcrk\u00e7\u00fcl\u00fc\u011f\u00fcn simgelerinden biri haline geldi\u201d gibi ifadeler yer al\u0131yor.<\/p>\n<p style=\"text-align: justify;\">TBMM Ba\u015fkan\u0131 K\u00f6ksal Toptan, 26 Haziran g\u00fcn\u00fc TBMM \u00dcst\u00fcn Hizmet \u00d6d\u00fcllerini kazananlar\u0131 a\u00e7\u0131klad\u0131. A\u00e7\u0131klamada, 2009 Y\u0131l\u0131 \u00dcst\u00fcn Hizmet \u00d6d\u00fcl\u00fc&#8217;ne 160 ki\u015fi, dernek ve vakf\u0131n aday g\u00f6sterildi\u011fini, TBMM Ba\u015fkanl\u0131k Divan\u0131\u2019n\u0131n yapt\u0131\u011f\u0131 de\u011ferlendirme sonucunda alt\u0131s\u0131 dernek ve vak\u0131f, 62\u2019si \u015fah\u0131s olmak \u00fczere toplam 68 sivil toplum \u00f6rg\u00fct\u00fc ve \u015fahsa \u00f6d\u00fcl verilmesi karar\u0131 al\u0131nd\u0131\u011f\u0131n\u0131 bildirdi. Toptan \u00f6d\u00fcller konusunda \u015f\u00f6yle konu\u015ftu: \u201cG\u00f6sterdikleri \u00f6zverili, ba\u015far\u0131l\u0131 ve yararl\u0131 \u00e7al\u0131\u015fmalar\u0131yla \u00fclkemize \u00f6nemli katk\u0131larda bulunan de\u011ferli ki\u015fi ve kurumlara verilen bu \u00f6d\u00fcller, T\u00fcrkiye B\u00fcy\u00fck Millet Meclisi&#8217;nin milletimiz ad\u0131na te\u015fekk\u00fcr\u00fcd\u00fcr. Yine bu anlaml\u0131 \u00f6d\u00fcller, \u00fclkemize e\u011fitim, sa\u011fl\u0131k ba\u015fta olmak \u00fczere \u00e7e\u015fitli alanlarda hizmet eden fedakar insanlar\u0131m\u0131za g\u00f6n\u00fcl borcunun, minnet duygular\u0131n\u0131n bir ifadesidir. Milletimizi temsil eden Y\u00fcce Meclisimiz, bu \u00f6d\u00fclleri halk\u0131m\u0131z ad\u0131na b\u00fcy\u00fck bir gururla vermektedir\u201d.<\/p>\n<p style=\"text-align: justify;\"><strong>OSMANLI MECL\u0130S\u0130 DAHA \u0130Y\u0130YD\u0130<\/strong><br \/>\nT\u00fcrkiye Yazarlar Birli\u011fi 30 y\u0131l \u00f6nce kuruldu. Kurucu Ba\u015fkanl\u0131\u011f\u0131n\u0131 D.Mehmet Do\u011fan\u2019\u0131n yapt\u0131\u011f\u0131 T\u00fcrkiye Yazarlar Birli\u011fi ideolojik bir fikir \u00f6rg\u00fct\u00fc olarak \u00e7al\u0131\u015fmalar\u0131n\u0131 s\u00fcrd\u00fcrd\u00fc. TBMM\u2019nin belli bir siyasi g\u00f6r\u00fc\u015f y\u00f6n\u00fcnde \u00e7al\u0131\u015fmalar y\u00fcr\u00fcten T\u00fcrkiye Yazarlar Birli\u011fi\u2019ne hangi \u00f6l\u00e7\u00fclere g\u00f6re \u00f6d\u00fcl verdi\u011fi tart\u0131\u015f\u0131l\u0131rken, kurumun internet sitesinde yer verilen \u201cse\u00e7mece\u201d makalelerde derne\u011fe \u00fcye yazarlar\u0131n de\u011ferlendirmeleri dikkat \u00e7ekti.<br \/>\nOsmanl\u0131 Meclisi\u2019nin TBMM\u2019den daha iyi oldu\u011funu savunan M.\u00c7etin Baydar adl\u0131 yazar, T\u00fcrkiye Yazarlar Birli\u011fi\u2019nin internet sitesindeki makalesinde \u015f\u00f6yle dedi:<br \/>\n\u201cDiktat\u00f6rl\u00fck, bir devrimi korumak i\u00e7in kurulmaz; bir diktat\u00f6rl\u00fck kurmak i\u00e7in devrim yap\u0131l\u0131r\u201d George Orwell \u2026 Hukukun \u00fcst\u00fcnl\u00fc\u011f\u00fc a\u00e7\u0131s\u0131ndan bak\u0131lacak olursa, 1908 y\u0131l\u0131nda il\u00e2n edilen Me\u015fruti Y\u00f6netim, halk ir\u00e2desini, 1923 sonras\u0131na nispetle daha \u00e7ok yans\u0131tmaktayd\u0131. Halkoyu ile se\u00e7ilmi\u015f bir meclis, bu mecliste temsil edilen farkl\u0131 siyasi g\u00f6r\u00fc\u015fler ve bu g\u00f6r\u00fc\u015fleri \u00e7at\u0131s\u0131 alt\u0131nda bar\u0131nd\u0131ran partiler, Osmanl\u0131 Meclis-i Meb\u2019us\u00e2n\u0131\u2019ndaki \u00e7ok seslili\u011fi besliyordu. Osmanl\u0131 Padi\u015fahlar\u0131, Kanun-i Es\u00e2si gere\u011fi me\u015fr\u00fbt\u00ee birer h\u00fck\u00fcmdard\u0131. Yasama, y\u00fcr\u00fctme ve yarg\u0131 konusundaki Padi\u015fah Yetkileri, bug\u00fcnk\u00fc Cumhurba\u015fkanl\u0131\u011f\u0131 yetkileri kadar bile de\u011fildi.\u201d<\/p>\n<p style=\"text-align: justify;\"><strong>&#8220;YEN\u0130 FEYLOZOFUMUZ \u015eA\u015eAR KEMAL&#8221;<\/strong><br \/>\nTYB\u2019de Ya\u015far Kemal\u2019le ilgili \u201cYa\u015far Kemal Yeni Feylozofumuz\u201d adl\u0131 ilgin\u00e7 bir yaz\u0131 da yer al\u0131yor. Vakit gazetesinde de yaz\u0131lar\u0131 yay\u0131mlanan D. Mehmet Do\u011fan yaz\u0131s\u0131nda da \u015f\u00f6yle s\u00f6yl\u00fcyor: \u201c Te\u015fekk\u00fcr fasl\u0131ndan sonra \u00e7ok b\u00fcy\u00fck \u015feyler s\u00f6yleyecekmi\u015f edas\u0131yla yumurtlad\u0131\u011f\u0131 hikmetler salonda ba\u015flang\u0131\u00e7ta h\u00e2kim olan \u201cYazar Kemal\u201d imaj\u0131n\u0131 \u201c\u015ea\u015far Kemal\u201de d\u00f6n\u00fc\u015fm\u00fc\u015ft\u00fcr! Ya\u015far (pardon \u015ea\u015far) Kemal, hazuruna yazarl\u0131k \u00f6tesi feylesofane fikrlerini ka\u011f\u0131ttan okuyarak savurturmaya ba\u015flam\u0131\u015ft\u0131r. Bu at\u0131\u015f s\u0131ras\u0131nda b\u00fct\u00fcn d\u00fcnyan\u0131n e\u011fitim sisteminin k\u00f6t\u00fcl\u00fc\u011f\u00fc \u00f6nc\u00fcl\u00fcn\u00fcn arkas\u0131ndan k\u00f6y enstit\u00fclerinin harikal\u0131\u011f\u0131n\u0131 il\u00e2n etmi\u015ftir!.. Cumhurba\u015fkanl\u0131\u011f\u0131 B\u00fcy\u00fck \u00d6d\u00fcl\u00fcn\u00fc alan \u201c\u015ea\u015far Kemal\u201d, bunca kitap yazm\u0131\u015fl\u0131\u011f\u0131n belirtilerini \u00fcst\u00fcnde ta\u015f\u0131yan bir \u015fehirli kimli\u011fi ortaya koyamad\u0131, ne yaz\u0131k ki.<\/p>\n<p style=\"text-align: justify;\"><strong>\u2018AZ\u0130ZE TURKAN\u2019<\/strong><br \/>\nYazar\u0131n ba\u015fka bir yaz\u0131s\u0131nda ise T\u00fcrkan Saylan&#8217;la ilgili \u015fu ifadeler yer al\u0131yor: \u201cManzara, evveliyat\u0131n\u0131 ve zamirini ara\u015ft\u0131rmayanlar i\u00e7in y\u00fcrek yak\u0131c\u0131 idi. Ya\u015fl\u0131 ve hasta bir kad\u0131n\u0131n evini polisler didik didik ediyordu. Gazeteler, hayat\u0131n\u0131 e\u011fitime ve bilhassa gen\u00e7 k\u0131zlar\u0131n e\u011fitimine adam\u0131\u015f hasta ve ya\u015fl\u0131 bir kad\u0131n\u0131n b\u00f6yle bir muameleye t\u00e2bi tutulmas\u0131na s\u00fctunlar\u0131nda geni\u015f geni\u015f yer verdiler.<br \/>\n\u201cO an sand\u0131m ki, Vatikan, bu hasta ve ya\u015fl\u0131 han\u0131m\u0131 azize il\u00e2n etmemek i\u00e7in kendini zor tutuyor. \u2018Azize T\u00fcrkan\/Sent Turkan\u2019 kula\u011fa \u00e2henkli gelmiyor mu? Soyad\u0131n\u0131 da eklerseniz daha da \u00e2henkli oluyor sanki! \u00dcsk\u00fcp\u2019te do\u011fmu\u015f Rahibe Teraza\u2019dan sonra, \u0130stanbul\u2019da tevell\u00fcd etmi\u015f T\u00fcrkan kad\u0131n&#8230;\u201d<\/p>\n<p style=\"text-align: justify;\"><strong>\u2018BA\u015e\u00d6RT\u00dc D\u00dc\u015eMANLI\u011eI: R\u00d6VAN\u015e\u2019<\/strong><br \/>\n\u00dcst\u00fcn Hizmet \u00f6d\u00fcl\u00fc alan TYB\u2019nin sitesinde Ahmet Fidan imzal\u0131 bir yaz\u0131da ise ilgin\u00e7 g\u00f6r\u00fc\u015fler yer al\u0131yor: \u201cBa\u015f\u00f6rt\u00fcs\u00fc D\u00fc\u015fmanl\u0131\u011f\u0131 m\u0131: Beni Kaynuka Sava\u015f\u0131 sonras\u0131nda Yahudiler Medine\u2019den \u00e7\u0131kar\u0131larak kuzeye s\u00fcr\u00fclm\u00fc\u015flerdir.<br \/>\n\u201cT\u00fcrkiye\u2019de halen s\u00fcrmekte olan ba\u015f\u00f6rt\u00fcs\u00fc m\u00fccadelesinde taraf olanlar\u0131n kin, husumet ve dayatmalar\u0131n\u0131n temelinde Beni Kaynuka\u2019n\u0131n intikam\u0131 yahut r\u00f6van\u015f\u0131 m\u0131 yat\u0131yor? Soru nas\u0131l cevapland\u0131r\u0131l\u0131rsa cevapland\u0131r\u0131ls\u0131n bug\u00fcnk\u00fc olaylar\u0131n temelinde Beni Kaynuka\u2019n\u0131n r\u00f6van\u015f\u0131 yatmaktad\u0131r.\u201d\n<\/p>\n<p style=\"text-align: justify;\"><span style=\"color: #888888;\">Kaynak : BirG\u00fcn<\/span><\/p>\n<\/div>\n","protected":false},"excerpt":{"rendered":"<p style=\"text-align: center;\">\n<p style=\"text-align: justify;\">Meclis\u2019in \u2018\u00dcst\u00fcn Hizmet \u00d6d\u00fcl\u00fc\u2019 verdi\u011fi T\u00fcrkiye Yazarlar Birli\u011fi\u2019nin internet sitesindeki makaleler, ba\u015fta Meclis olmak \u00fczere bir\u00e7ok kesim ve ki\u015fiyle dalga ge\u00e7iyor<\/p>\n<p style=\"text-align: justify;\">YA\u015eAR KEMAL \u0130LE DALGA GE\u00c7\u0130YOR BMM\u2019nin bu y\u0131l \u201c\u00dcst\u00fcn Hizmet\u201d verdi\u011fi kurulu\u015flardan biri olan T\u00fcrkiye Yazarlar Birli\u011fi ideolojik ve siyasi yap\u0131s\u0131yla tan\u0131n\u0131yor. TBMM Ba\u015fkan\u0131 K\u00f6ksal Toptan\u2019\u0131n \u00f6vg\u00fcyle <\/p>\n","protected":false},"author":1,"featured_media":0,"comment_status":"open","ping_status":"closed","sticky":false,"template":"","format":"standard","meta":{"footnotes":""},"categories":[105],"tags":[],"class_list":["post-10612","post","type-post","status-publish","format-standard","hentry","category-gundem","odd"],"_links":{"self":[{"href":"http:\/\/www.korhanyilmaz.com\/index.php?rest_route=\/wp\/v2\/posts\/10612","targetHints":{"allow":["GET"]}}],"collection":[{"href":"http:\/\/www.korhanyilmaz.com\/index.php?rest_route=\/wp\/v2\/posts"}],"about":[{"href":"http:\/\/www.korhanyilmaz.com\/index.php?rest_route=\/wp\/v2\/types\/post"}],"author":[{"embeddable":true,"href":"http:\/\/www.korhanyilmaz.com\/index.php?rest_route=\/wp\/v2\/users\/1"}],"replies":[{"embeddable":true,"href":"http:\/\/www.korhanyilmaz.com\/index.php?rest_route=%2Fwp%2Fv2%2Fcomments&post=10612"}],"version-history":[{"count":0,"href":"http:\/\/www.korhanyilmaz.com\/index.php?rest_route=\/wp\/v2\/posts\/10612\/revisions"}],"wp:attachment":[{"href":"http:\/\/www.korhanyilmaz.com\/index.php?rest_route=%2Fwp%2Fv2%2Fmedia&parent=10612"}],"wp:term":[{"taxonomy":"category","embeddable":true,"href":"http:\/\/www.korhanyilmaz.com\/index.php?rest_route=%2Fwp%2Fv2%2Fcategories&post=10612"},{"taxonomy":"post_tag","embeddable":true,"href":"http:\/\/www.korhanyilmaz.com\/index.php?rest_route=%2Fwp%2Fv2%2Ftags&post=10612"}],"curies":[{"name":"wp","href":"https:\/\/api.w.org\/{rel}","templated":true}]}}