{"id":10606,"date":"2009-06-29T10:00:07","date_gmt":"2009-06-29T08:00:07","guid":{"rendered":"http:\/\/www.korhanyilmaz.com\/?p=10606"},"modified":"2009-06-29T10:00:07","modified_gmt":"2009-06-29T08:00:07","slug":"askere-sivil-yargi-yolu-boyle-acildi","status":"publish","type":"post","link":"http:\/\/www.korhanyilmaz.com\/?p=10606","title":{"rendered":"Askere sivil yarg\u0131 yolu b\u00f6yle a\u00e7\u0131ld\u0131"},"content":{"rendered":"<p style=\"text-align: center;\"><img loading=\"lazy\" decoding=\"async\" class=\"size-full wp-image-10607 aligncenter\" src=\"http:\/\/www.korhanyilmaz.com\/wp-content\/uploads\/2009\/06\/fft28_mf198823.Jpeg\" alt=\"\" width=\"321\" height=\"214\" \/><\/p>\n<p style=\"text-align: justify;\">AKP taraf\u0131ndan gece yar\u0131s\u0131 yap\u0131lan de\u011fi\u015fiklikle askere sivil mahkemede yarg\u0131lanma yolu a\u00e7\u0131ld\u0131. G\u00f6r\u00fc\u015fmelerde \u201chali dahil\u201d kelimesi \u201chalinde\u201dyle de\u011fi\u015ftirildi. Muhalefet \u201cBize bilgi vermediler\u201d derken, AKP buna kar\u015f\u0131 \u00e7\u0131k\u0131yor. \u0130\u015fte o gecenin tutana\u011f\u0131&#8230;<\/p>\n<p style=\"text-align: justify;\"><span style=\"color: #888888;\">\u0130STANBUL &#8211; <\/span>TBMM Genel Kurulu\u2019nda Cuma gecesi TCK ve baz\u0131 kanunlarda de\u011fi\u015fiklik yap\u0131lmas\u0131n\u0131 \u00f6ng\u00f6ren yasa tasar\u0131s\u0131nda AKP milletvekilleri taraf\u0131ndan verilen iki \u00f6nergeyle de\u011fi\u015fiklik yap\u0131ld\u0131.<\/p>\n<p style=\"text-align: justify;\">Tasar\u0131, askerlerin bar\u0131\u015f zaman\u0131nda a\u011f\u0131r ceza mahkemelerinin yetkisine giren bir su\u00e7u i\u015flemeleri halinde sivil mahkemelerde yarg\u0131lanmas\u0131na yol a\u00e7\u0131yordu.<\/p>\n<p style=\"text-align: justify;\">Muhalefet de\u011fi\u015fikli\u011finin kendilerine bilgi verilmeden yap\u0131ld\u0131\u011f\u0131n\u0131 s\u00f6ylerken, Meclis Ba\u015fkan\u0131 K\u00f6ksal Toptan da \u201cBenim de haberim yoktu\u201d demi\u015fti. <!--more--><\/p>\n<p style=\"text-align: justify;\"><strong>AKP ise muhalefete bilgi verdi\u011fini savunuyor.<\/strong><\/p>\n<p style=\"text-align: justify;\">\u00d6te yandan, d\u00fczenlemenin Taraf gazetesinde yay\u0131mlanan &#8220;\u0130rtica ile M\u00fccadele Eylem Plan\u0131&#8221;nda imzas\u0131 oldu\u011fu \u00f6ne s\u00fcr\u00fclen Albay Dursun \u00c7i\u00e7ek&#8217;in yarg\u0131lanmas\u0131 i\u00e7in yap\u0131ld\u0131\u011f\u0131 da iddia ediliyor.<\/p>\n<p style=\"text-align: justify;\"><strong>O gece Meclis Genel Kurulu\u2019nda yap\u0131lan oturuma ait tutanak \u015f\u00f6yle:<\/strong><\/p>\n<p style=\"text-align: justify;\"><strong>T\u00fcrkiye B\u00fcy\u00fck Millet Meclisi Ba\u015fkanl\u0131\u011f\u0131\u2019na <\/strong><\/p>\n<p style=\"text-align: justify;\">G\u00f6r\u00fc\u015f\u00fclmekte olan &#8220;T\u00fcrk Ceza Kanunu ile Baz\u0131 Kanunlarda De\u011fi\u015fiklik Yap\u0131lmas\u0131na Dair Kanun Tasar\u0131s\u0131&#8221;na \u00e7er\u00e7eve 5 inci maddeden sonra gelmek \u00fczere a\u015fa\u011f\u0131daki maddenin eklenmesini ve devam\u0131ndaki maddelerin buna g\u00f6re tesels\u00fcl ettirilmesini arz ve teklif ederiz.<\/p>\n<p style=\"text-align: justify;\">Bekir Bozda\u011f (Yozgat), Mustafa Elita\u015f (Kayseri), Ahmet Ayd\u0131n (Ad\u0131yaman), Mehmet Ceylan (Karab\u00fck), Yahya Do\u011fan (G\u00fcm\u00fc\u015fhane), A. M\u00fcfit Yetkin (\u015eanl\u0131urfa)<\/p>\n<p style=\"text-align: justify;\"><strong>MADDE 6- <\/strong>4\/12\/2004 tarihli ve 5271 say\u0131l\u0131 Ceza Muhakemesi Kanunu&#8217;nun 3 \u00fcnc\u00fc maddesine a\u015fa\u011f\u0131daki f\u0131kra eklenmi\u015ftir.<\/p>\n<p style=\"text-align: justify;\">&#8220;(2) Bar\u0131\u015f zaman\u0131nda, asker olmayan ki\u015filerin Askeri Ceza Kanununda veya di\u011fer kanunlarda yer alan askeri mahkemelerin yarg\u0131 yetkisine tabi bir su\u00e7u tek ba\u015f\u0131na veya asker ki\u015filerle i\u015ftirak halinde i\u015flemesi durumunda(x) soru\u015fturmalar\u0131 Cumhuriyet savc\u0131lar\u0131, kovu\u015fturmalar\u0131 adli yarg\u0131 mahkemeleri taraf\u0131ndan yap\u0131l\u0131r.&#8221;<\/p>\n<p style=\"text-align: justify;\">((x) Tasar\u0131n\u0131n t\u00fcm\u00fcn\u00fcn oylanmas\u0131ndan \u00f6nce, \u201casker ki\u015filerle i\u015ftirak halinde i\u015flemesi durumunda\u201d ibaresinden sonra gelmek \u00fczere, \u201casker olmayan ki\u015filerin\u201d ibaresi -Komisyon Ba\u015fkan\u0131n\u0131n-Ahmet \u0130yimaya- redaksiyon talebi \u00fczerine- eklenmi\u015ftir.)<\/p>\n<p style=\"text-align: justify;\"><strong>BA\u015eKAN \u2013<\/strong> Komisyon \u00f6nergeye kat\u0131l\u0131yor mu?<\/p>\n<p style=\"text-align: justify;\"><strong>ADALET KOM\u0130SYONU BA\u015eKANI AHMET \u0130Y\u0130MAYA <\/strong>(Ankara) \u2013 Kat\u0131l\u0131yoruz efendim.<\/p>\n<p style=\"text-align: justify;\"><strong>BA\u015eKAN<\/strong> \u2013 Salt \u00e7o\u011funlukla?<\/p>\n<p style=\"text-align: justify;\"><strong>ADALET KOM\u0130SYONU BA\u015eKANI AHMET \u0130Y\u0130MAYA<\/strong> (Ankara) \u2013 Salt \u00e7o\u011funlukla, 87\u2019nci maddeye g\u00f6re.<\/p>\n<p style=\"text-align: justify;\"><strong>BA\u015eKAN <\/strong>\u2013 Evet, Komisyon \u00f6nergeye salt \u00e7o\u011funlukla kat\u0131ld\u0131\u011f\u0131 i\u00e7in yeni bir madde olarak i\u015flem yapaca\u011f\u0131m.<\/p>\n<p style=\"text-align: justify;\">Madde \u00fczerinde s\u00f6z talebi? Yok.<\/p>\n<p style=\"text-align: justify;\">Maddeyi oylar\u0131n\u0131za sunuyorum: Kabul edenler\u2026Kabul etmeyenler\u2026 Kabul edilmi\u015ftir.<\/p>\n<p style=\"text-align: justify;\">B\u00f6ylece yeni bir madde eklemi\u015f olduk tasar\u0131 metnine.<\/p>\n<p style=\"text-align: justify;\">6\u2019nc\u0131 maddeyi 7\u2019nci madde olarak okutuyorum:<\/p>\n<p style=\"text-align: justify;\"><strong>MADDE 7<\/strong>&#8211; 4\/12\/2004 tarihli ve 5271 say\u0131l\u0131 Ceza Muhakemesi Kanununun 250 nci maddesinin birinci f\u0131kras\u0131n\u0131n (a) bendi a\u015fa\u011f\u0131daki \u015fekilde de\u011fi\u015ftirilmi\u015ftir.<\/p>\n<p style=\"text-align: justify;\">\u201c<strong>a)<\/strong> \u00d6rg\u00fct faaliyeti \u00e7er\u00e7evesinde i\u015flenen uyu\u015fturucu veya uyar\u0131c\u0131 madde imal ve ticareti su\u00e7u veya su\u00e7tan kaynaklanan malvarl\u0131\u011f\u0131 de\u011ferini aklama su\u00e7u,\u201d<\/p>\n<p style=\"text-align: justify;\"><strong>BA\u015eKAN<\/strong> \u2013 Madde \u00fczerinde bir adet \u00f6nerge vard\u0131r, \u00f6nergeyi okutuyorum:<\/p>\n<p style=\"text-align: justify;\">T\u00fcrkiye B\u00fcy\u00fck Millet Meclisi Ba\u015fkanl\u0131\u011f\u0131na<\/p>\n<p style=\"text-align: justify;\">G\u00f6r\u00fc\u015f\u00fclmekte olan T\u00fcrk Ceza Kanunu ile Baz\u0131 Kanunlarda De\u011fi\u015fiklik Yap\u0131lmas\u0131na Dair Kanun Tasar\u0131s\u0131n\u0131n \u00e7er\u00e7eve 7 nci maddesinin a\u015fa\u011f\u0131daki \u015fekilde de\u011fi\u015ftirilmesini arz ve teklif ederiz.<\/p>\n<p style=\"text-align: justify;\">Bekir Bozda\u011f (Yozgat), Mustafa Elita\u015f (Kayseri), Ahmet Ayd\u0131n (Ad\u0131yaman), Mehmet Ceylan (Karab\u00fck), Yahya Do\u011fan (G\u00fcm\u00fc\u015fhane), A. M\u00fcfit Yetkin (\u015eanl\u0131urfa)<\/p>\n<p style=\"text-align: justify;\"><strong>MADDE 7<\/strong>&#8211; 5271 say\u0131l\u0131 Ceza Muhakemesi Kanununun 250 nci maddesinin birinci f\u0131kras\u0131n\u0131n (a) bendi a\u015fa\u011f\u0131daki \u015fekilde, maddenin \u00fc\u00e7\u00fcnc\u00fc f\u0131kras\u0131n\u0131n son c\u00fcmlesinde ge\u00e7en \u201ch\u00e2li dahil\u201d ibaresi ise \u201ch\u00e2linde \u201c \u015feklinde de\u011fi\u015ftirilmi\u015ftir.<\/p>\n<p style=\"text-align: justify;\">\u201c<strong>a) <\/strong>\u00d6rg\u00fct faaliyeti \u00e7er\u00e7evesinde i\u015flenen uyu\u015fturucu ve uyar\u0131c\u0131 madde im\u00e2l ve ticareti su\u00e7u veya su\u00e7tan kaynaklanan malvarl\u0131\u011f\u0131 de\u011ferini aklama su\u00e7u,\u201d<\/p>\n<p style=\"text-align: justify;\"><strong>BA\u015eKAN <\/strong>\u2013 Komisyon \u00f6nergeye kat\u0131l\u0131yor mu?<\/p>\n<p style=\"text-align: justify;\"><strong>ADALET KOM\u0130SYONU BA\u015eKANI AHMET \u0130Y\u0130MAYA <\/strong>(Ankara) \u2013 Kat\u0131l\u0131yoruz efendim.<\/p>\n<p style=\"text-align: justify;\"><strong>BA\u015eKAN <\/strong>\u2013 H\u00fck\u00fbmet?<\/p>\n<p style=\"text-align: justify;\"><strong>ADALET BAKANI SADULLAH ERG\u0130N<\/strong> (Hatay) \u2013 Kat\u0131l\u0131yoruz.<\/p>\n<p style=\"text-align: justify;\"><strong>BA\u015eKAN <\/strong>\u2013 Gerek\u00e7eyi okutuyorum:<\/p>\n<p style=\"text-align: justify;\"><strong>Gerek\u00e7e: <\/strong><\/p>\n<p style=\"text-align: justify;\">\u00d6rg\u00fct faaliyeti \u00e7er\u00e7evesinde i\u015flenen uyu\u015fturucu ve uyar\u0131c\u0131 madde im\u00e2l ve ticareti su\u00e7u ile su\u00e7tan kaynaklanan malvarl\u0131\u011f\u0131 de\u011ferini aklama su\u00e7unun daha etkin bir \u015fekilde soru\u015fturulmas\u0131 ve kovu\u015fturulmas\u0131 amac\u0131yla, bu su\u00e7lar\u0131n da Ceza Muhakemesi Kanununun 250 nci maddesine g\u00f6re g\u00f6revlendirilen a\u011f\u0131r ceza mahkemelerinde g\u00f6r\u00fclmesi; ayr\u0131ca, asker ki\u015filerin bar\u0131\u015f zaman\u0131nda, 250 nci madde uyar\u0131nca kurulan a\u011f\u0131r ceza mahkemelerinin yarg\u0131 yetkisine giren bir su\u00e7u i\u015flemeleri h\u00e2linde, bu mahkemeler taraf\u0131ndan yarg\u0131lanmas\u0131 amac\u0131yla bu de\u011fi\u015fiklik \u00f6nergesi verilmi\u015ftir. Buna kar\u015f\u0131l\u0131k, sava\u015f ve s\u0131k\u0131y\u00f6netim h\u00e2linde i\u015flenen su\u00e7larda ise asker\u00ee mahkemelerin yarg\u0131 yetkisi korunmaktad\u0131r.<\/p>\n<p style=\"text-align: justify;\"><strong>BA\u015eKAN <\/strong>\u2013 \u00d6nergeyi oylar\u0131n\u0131za sunuyorum: Kabul edenler\u2026 Kabul etmeyenler\u2026 Kabul edilmi\u015ftir.<\/p>\n<p style=\"text-align: justify;\">Kabul edilen \u00f6nerge istikametinde 7\u2019nci maddeyi oylar\u0131n\u0131za sunuyorum: Kabul edenler\u2026 Kabul etmeyenler\u2026 Kabul edilmi\u015ftir.<\/p>\n<p style=\"text-align: justify;\"><span style=\"color: #888888;\">Kaynak : Radikal<\/span><\/p>\n","protected":false},"excerpt":{"rendered":"<p style=\"text-align: center;\">\n<p style=\"text-align: justify;\">AKP taraf\u0131ndan gece yar\u0131s\u0131 yap\u0131lan de\u011fi\u015fiklikle askere sivil mahkemede yarg\u0131lanma yolu a\u00e7\u0131ld\u0131. G\u00f6r\u00fc\u015fmelerde \u201chali dahil\u201d kelimesi \u201chalinde\u201dyle de\u011fi\u015ftirildi. Muhalefet \u201cBize bilgi vermediler\u201d derken, AKP buna kar\u015f\u0131 \u00e7\u0131k\u0131yor. \u0130\u015fte o gecenin tutana\u011f\u0131&#8230;<\/p>\n<p style=\"text-align: justify;\">\u0130STANBUL &#8211; TBMM Genel Kurulu\u2019nda Cuma gecesi TCK ve baz\u0131 kanunlarda de\u011fi\u015fiklik yap\u0131lmas\u0131n\u0131 \u00f6ng\u00f6ren yasa tasar\u0131s\u0131nda AKP <\/p>\n","protected":false},"author":1,"featured_media":0,"comment_status":"open","ping_status":"closed","sticky":false,"template":"","format":"standard","meta":{"footnotes":""},"categories":[105],"tags":[],"class_list":["post-10606","post","type-post","status-publish","format-standard","hentry","category-gundem","odd"],"_links":{"self":[{"href":"http:\/\/www.korhanyilmaz.com\/index.php?rest_route=\/wp\/v2\/posts\/10606","targetHints":{"allow":["GET"]}}],"collection":[{"href":"http:\/\/www.korhanyilmaz.com\/index.php?rest_route=\/wp\/v2\/posts"}],"about":[{"href":"http:\/\/www.korhanyilmaz.com\/index.php?rest_route=\/wp\/v2\/types\/post"}],"author":[{"embeddable":true,"href":"http:\/\/www.korhanyilmaz.com\/index.php?rest_route=\/wp\/v2\/users\/1"}],"replies":[{"embeddable":true,"href":"http:\/\/www.korhanyilmaz.com\/index.php?rest_route=%2Fwp%2Fv2%2Fcomments&post=10606"}],"version-history":[{"count":0,"href":"http:\/\/www.korhanyilmaz.com\/index.php?rest_route=\/wp\/v2\/posts\/10606\/revisions"}],"wp:attachment":[{"href":"http:\/\/www.korhanyilmaz.com\/index.php?rest_route=%2Fwp%2Fv2%2Fmedia&parent=10606"}],"wp:term":[{"taxonomy":"category","embeddable":true,"href":"http:\/\/www.korhanyilmaz.com\/index.php?rest_route=%2Fwp%2Fv2%2Fcategories&post=10606"},{"taxonomy":"post_tag","embeddable":true,"href":"http:\/\/www.korhanyilmaz.com\/index.php?rest_route=%2Fwp%2Fv2%2Ftags&post=10606"}],"curies":[{"name":"wp","href":"https:\/\/api.w.org\/{rel}","templated":true}]}}