{"id":10596,"date":"2009-06-28T17:44:58","date_gmt":"2009-06-28T14:44:58","guid":{"rendered":"http:\/\/www.korhanyilmaz.com\/?p=10596"},"modified":"2009-06-28T17:44:58","modified_gmt":"2009-06-28T14:44:58","slug":"%e2%80%98ortulu-fasizm-yerlestiriliyor%e2%80%99","status":"publish","type":"post","link":"http:\/\/www.korhanyilmaz.com\/?p=10596","title":{"rendered":"\u2018\u00d6rt\u00fcl\u00fc fa\u015fizm yerle\u015ftiriliyor\u2019"},"content":{"rendered":"<p style=\"text-align: center;\"><img loading=\"lazy\" decoding=\"async\" class=\"size-full wp-image-10597 aligncenter\" src=\"http:\/\/www.korhanyilmaz.com\/wp-content\/uploads\/2009\/06\/290620090133245229991.jpg\" alt=\"\" width=\"329\" height=\"210\" \/><\/p>\n<p style=\"text-align: justify;\"><strong>CHP\u2019li K\u0131l\u0131\u00e7daro\u011flu\u2019na g\u00f6re AKP h\u00fck\u00fcmeti uygulamalar\u0131yla demokrasi kisvesi alt\u0131nda fa\u015fizme gidiyor. <\/strong><\/p>\n<p style=\"text-align: justify;\">CHP TBMM Grup Ba\u015fkanvekili Kemal K\u0131l\u0131\u00e7daro\u011flu ve Konya Milletvekili Atilla Kart, \u0130ngiltere\u2019nin ba\u015fkenti Londra\u2019da bir yerel gazete taraf\u0131ndan d\u00fczenlenen \u201cBa\u011f\u0131ms\u0131zl\u0131k, demokrasi ve temiz toplum\u201d konulu konferansa kat\u0131larak birer konu\u015fma yapt\u0131lar.<\/p>\n<p style=\"text-align: justify;\">Kemal K\u0131l\u0131\u00e7daro\u011flu, konferanstaki konu\u015fmas\u0131nda Demokrasinin bir kurallar rejimi oldu\u011funu, kimseye s\u0131n\u0131rs\u0131z \u00f6zg\u00fcrl\u00fck vermedi\u011fini, \u00e7a\u011fda\u015f demokrasilerde g\u00fcc\u00fcn kuvvetler aras\u0131nda b\u00f6l\u00fc\u015ft\u00fcr\u00fcld\u00fc\u011f\u00fcn\u00fc hat\u0131rtaltt\u0131.<\/p>\n<p style=\"text-align: justify;\">K\u0131l\u0131\u00e7daro\u011flu, AKP iktidar\u0131 ve Ba\u015fbakan Erdo\u011fan\u2019\u0131, kendilerini di\u011fer 2 kuvvetin \u00fcst\u00fcnde g\u00f6rmekle su\u00e7lad\u0131. T\u00fcrkiye\u2019de, demokrasi kisvesi alt\u0131nda \u00f6rt\u00fcl\u00fc fa\u015fist bir rejimin yerle\u015ftirilmeye \u00e7al\u0131\u015f\u0131ld\u0131\u011f\u0131n\u0131 ileri s\u00fcren K\u0131l\u0131\u00e7daro\u011flu, Bolu Valisi Halil \u0130brahim Akp\u0131nar\u2019\u0131 da ele\u015ftirdi ve \u201cBolu Valisi konu\u015fuyor, sanki ba\u015fbakan konu\u015fuyor. <!--more--><\/p>\n<p style=\"text-align: justify;\"><strong>\u2018Devlet parti gibi\u2019 <\/strong><\/p>\n<p style=\"text-align: justify;\">Kendisi sanki valili\u011fi b\u0131rakm\u0131\u015f da bir parti lideri olmu\u015f. D\u00fcr\u00fcst bir siyasi iktidar b\u00f6yle bir kimseyi bir g\u00fcn bile o g\u00f6revde tutmaz. Devletin valisi otomobilinde T\u00fcrk bayra\u011f\u0131n\u0131 ta\u015f\u0131yan cumhurba\u015fkan\u0131 ve b\u00fcy\u00fckel\u00e7iler d\u0131\u015f\u0131ndaki tek devlet g\u00f6revlisidir. Hem devleti, hem h\u00fck\u00fcmeti temsil eder. Bu olay\u0131n ayr\u0131m\u0131na varmam\u0131\u015f bir valiyi orada tutuyorsan\u0131z, devleti bir parti devleti haline getirmi\u015f oluyorsunuz\u201d diye konu\u015ftu.<\/p>\n<p style=\"text-align: justify;\"><strong>\u2018Darbeye kar\u015f\u0131y\u0131z\u2019 <\/strong><\/p>\n<p style=\"text-align: justify;\">Telefon dinlemeleri ve sahte belge tart\u0131\u015fmalar\u0131na da de\u011finen K\u0131l\u0131\u00e7daro\u011flu, CHP olarak hi\u00e7bir ko\u015fulda \u00fclkede bir darbe ya\u015fanmas\u0131n\u0131 istemediklerini de belirtirken, \u201cT\u00fcrkiye Cumhuriyeti bir muz devleti de\u011fildir. Eksiklikleri vard\u0131r ama hi\u00e7bir zaman bir darbenin iktidara oturmas\u0131n\u0131 istemeyiz. Ama unutulmas\u0131n ki Ba\u015fbakan Erdo\u011fan\u2019\u0131n varl\u0131\u011f\u0131, 1980 darbesine ba\u011fl\u0131d\u0131r\u201d iddias\u0131nda bulundu. Demokrasilerde halk\u0131n yeterince bilin\u00e7lenememesinin sorumlusunun da iktidarlar, siyasal partiler, \u00fcniversiteler ve sivil toplum kurulu\u015flar\u0131 oldu\u011funu belirten K\u0131l\u0131\u00e7daro\u011flu, T\u00fcrkiye\u2019de yolsuzluk ve vergi ka\u00e7\u0131rmalar\u0131n ulusal spor durumuna geldi\u011fini \u00f6ne s\u00fcrd\u00fc.<\/p>\n<p style=\"text-align: justify;\"><strong>\u2018AKP devleti\u2019 <\/strong><\/p>\n<p style=\"text-align: justify;\">CHP Konya Milletvekili Atilla Kart da AKP\u2019nin T\u00fcrkiye\u2019yi y\u00f6netme k\u00fclt\u00fcr\u00fcn\u00fcn bulunmad\u0131\u011f\u0131, cumhuriyetin temel de\u011ferleriyle kavgal\u0131 oldu\u011funun g\u00f6r\u00fcld\u00fc\u011f\u00fcn\u00fc savunan Kart, iktidar\u0131n T\u00fcrkiye i\u00e7inde bir AKP devleti in\u015fa etmek istedi\u011fini \u00f6ne s\u00fcrd\u00fc.<\/p>\n<p style=\"text-align: justify;\">AKP\u2019nin, devlet b\u00fcrokrasisini \u201cparti memuru\u201d durumuna getirdi\u011fini \u00f6ne s\u00fcren Kart, \u00f6zellikle polis i\u00e7inde belli bir gruba ba\u011fl\u0131 bir yap\u0131lanman\u0131n meydana geldi\u011fini iddia etti.<\/p>\n<p style=\"text-align: justify;\"><span style=\"color: #888888;\">Kaynak : Vatan<\/span><\/p>\n","protected":false},"excerpt":{"rendered":"<p style=\"text-align: center;\">\n<p style=\"text-align: justify;\">CHP\u2019li K\u0131l\u0131\u00e7daro\u011flu\u2019na g\u00f6re AKP h\u00fck\u00fcmeti uygulamalar\u0131yla demokrasi kisvesi alt\u0131nda fa\u015fizme gidiyor. <\/p>\n<p style=\"text-align: justify;\">CHP TBMM Grup Ba\u015fkanvekili Kemal K\u0131l\u0131\u00e7daro\u011flu ve Konya Milletvekili Atilla Kart, \u0130ngiltere\u2019nin ba\u015fkenti Londra\u2019da bir yerel gazete taraf\u0131ndan d\u00fczenlenen \u201cBa\u011f\u0131ms\u0131zl\u0131k, demokrasi ve temiz toplum\u201d konulu konferansa kat\u0131larak birer konu\u015fma yapt\u0131lar.<\/p>\n<p style=\"text-align: justify;\">Kemal K\u0131l\u0131\u00e7daro\u011flu, konferanstaki konu\u015fmas\u0131nda <\/p>\n","protected":false},"author":1,"featured_media":0,"comment_status":"open","ping_status":"closed","sticky":false,"template":"","format":"standard","meta":{"footnotes":""},"categories":[105],"tags":[],"class_list":["post-10596","post","type-post","status-publish","format-standard","hentry","category-gundem","odd"],"_links":{"self":[{"href":"http:\/\/www.korhanyilmaz.com\/index.php?rest_route=\/wp\/v2\/posts\/10596","targetHints":{"allow":["GET"]}}],"collection":[{"href":"http:\/\/www.korhanyilmaz.com\/index.php?rest_route=\/wp\/v2\/posts"}],"about":[{"href":"http:\/\/www.korhanyilmaz.com\/index.php?rest_route=\/wp\/v2\/types\/post"}],"author":[{"embeddable":true,"href":"http:\/\/www.korhanyilmaz.com\/index.php?rest_route=\/wp\/v2\/users\/1"}],"replies":[{"embeddable":true,"href":"http:\/\/www.korhanyilmaz.com\/index.php?rest_route=%2Fwp%2Fv2%2Fcomments&post=10596"}],"version-history":[{"count":0,"href":"http:\/\/www.korhanyilmaz.com\/index.php?rest_route=\/wp\/v2\/posts\/10596\/revisions"}],"wp:attachment":[{"href":"http:\/\/www.korhanyilmaz.com\/index.php?rest_route=%2Fwp%2Fv2%2Fmedia&parent=10596"}],"wp:term":[{"taxonomy":"category","embeddable":true,"href":"http:\/\/www.korhanyilmaz.com\/index.php?rest_route=%2Fwp%2Fv2%2Fcategories&post=10596"},{"taxonomy":"post_tag","embeddable":true,"href":"http:\/\/www.korhanyilmaz.com\/index.php?rest_route=%2Fwp%2Fv2%2Ftags&post=10596"}],"curies":[{"name":"wp","href":"https:\/\/api.w.org\/{rel}","templated":true}]}}