{"id":10578,"date":"2009-06-28T15:12:25","date_gmt":"2009-06-28T12:12:25","guid":{"rendered":"http:\/\/www.korhanyilmaz.com\/?p=10578"},"modified":"2009-06-28T15:12:25","modified_gmt":"2009-06-28T12:12:25","slug":"kritik-mgk-yarin","status":"publish","type":"post","link":"http:\/\/www.korhanyilmaz.com\/?p=10578","title":{"rendered":"Kritik MGK yar\u0131n!"},"content":{"rendered":"<p style=\"text-align: center;\"><img loading=\"lazy\" decoding=\"async\" class=\"aligncenter size-full wp-image-10579\" src=\"http:\/\/www.korhanyilmaz.com\/wp-content\/uploads\/2009\/06\/290620090130410482474.jpg\" alt=\"\" width=\"329\" height=\"210\" \/><\/p>\n<p style=\"text-align: justify;\">ANKARA- Genelkurmay Ba\u015fkan\u0131 Orgeneral \u0130lker Ba\u015fbu\u011f\u2019un d\u00fczenledi\u011fi bas\u0131n toplant\u0131s\u0131n\u0131n ard\u0131ndan h\u00fck\u00fcmet ile TSK aras\u0131nda ya\u015fanan \u201cbelge-ka\u011f\u0131t par\u00e7as\u0131\u201d polemi\u011fi, yar\u0131n yap\u0131lacak Milli G\u00fcvenlik Kurulu\u2019nda da tart\u0131\u015f\u0131lacak. Orgeneral Ba\u015fbu\u011f ve Ba\u015fbakan Erdo\u011fan, kritik MGK\u2019dan 24 saat sonra, bu y\u0131l\u0131n en \u00f6nemli toplant\u0131lar\u0131ndan birini ger\u00e7ekle\u015ftirecek olan Savunma Sanayii \u0130cra Komitesi\u2019nde bulu\u015facaklar.<\/p>\n<p style=\"text-align: justify;\"><strong>\u2018Psikolojik harp\u2019 <\/strong><\/p>\n<p style=\"text-align: justify;\">Ba\u015fbu\u011f\u2019un TSK\u2019ya y\u00f6nelik uyguland\u0131\u011f\u0131n\u0131 s\u00f6yledi\u011fi \u201cMedya arac\u0131l\u0131\u011f\u0131yla asimetrik psikolojik harp\u201d g\u00f6r\u00fcn\u00fc MGK\u2019ya getirece\u011fini s\u00f6ylemesi, dikkatleri yar\u0131n yap\u0131lacak toplant\u0131ya \u00e7evirdi. <!--more--><\/p>\n<p style=\"text-align: justify;\">Daha \u00f6nce Erdo\u011fan ve Ba\u015fbu\u011f\u2019un Per\u015fembe g\u00fcn\u00fc ger\u00e7ekle\u015ftirilen haftal\u0131k ola\u011fan g\u00f6r\u00fc\u015fmelerini erkene \u00e7ekerek ele ald\u0131klar\u0131 \u201cbelge\u201d konusu, bu kez MGK\u2019da g\u00f6r\u00fc\u015f\u00fclecek.<\/p>\n<p style=\"text-align: justify;\">Orgeneral Ba\u015fbu\u011f\u2019un, bas\u0131n toplant\u0131s\u0131nda kamuoyuna a\u00e7\u0131klamad\u0131\u011f\u0131, TSK\u2019ya kar\u015f\u0131 faaliyetleri i\u00e7eren istihbarat bilgilerini, MGK toplant\u0131s\u0131nda, kurul \u00fcyelerinin bilgisine sunaca\u011f\u0131 ifade ediliyor.<\/p>\n<p style=\"text-align: justify;\"><strong>Yeni bakanlarla ilk MGK <\/strong><\/p>\n<p style=\"text-align: justify;\">Son olarak 28 Nisan\u2019da toplanan MGK, kabine de\u011fi\u015fikli\u011finden sonra ilk kez toplanacak. Haziran ay\u0131 toplant\u0131s\u0131na, yeni bakanlar ilk kez kat\u0131lacak. Devlet Bakan\u0131 ve Ba\u015fbakan Yard\u0131mc\u0131s\u0131 Cemil \u00c7i\u00e7ek, \u0130\u00e7i\u015fleri Bakan\u0131 Be\u015fir Atalay, Milli Savunma Bakan\u0131 Vecdi G\u00f6n\u00fcl, MGK\u2019daki yerlerini de korudular. D\u0131\u015fi\u015fleri Bakan\u0131 olarak MGK\u2019ya kat\u0131lan Ali Babacan, Ba\u015fbakan Yard\u0131mc\u0131s\u0131 ve Devlet Bakan\u0131 olarak, Kurul\u2019daki g\u00f6revini s\u00fcrd\u00fcrecek. Ba\u015fbakan Yard\u0131mc\u0131s\u0131 ve Devlet Bakan\u0131 B\u00fclent Ar\u0131n\u00e7, Adalet Bakan\u0131 Sadullah Ergin ve D\u0131\u015fi\u015fleri Bakan\u0131 Ahmet Davuto\u011flu MGK\u2019n\u0131n yeni \u00fcyeleri oldu.<\/p>\n<p style=\"text-align: justify;\">Ba\u015fbakan Erdo\u011fan\u2019\u0131n MGK \u00f6ncesinde konuyu bakanlar ve parti y\u00f6neticileriyle ayr\u0131 ayr\u0131 de\u011ferlendirmesi bekleniyor. Erdo\u011fan\u2019\u0131n bug\u00fcn \u00f6nce Bakanlar Kurulu\u2019na ard\u0131ndan da ge\u00e7ti\u011fimiz hafta Pazartesi g\u00fcn\u00fc sa\u011fl\u0131k nedeniyle iptal edilen partisinin MYK toplant\u0131s\u0131nda bulunmas\u0131 bekleniyor. Ba\u015fbakan yar\u0131n da MGK \u00f6ncesinde, kurul \u00fcyesi bakanlarla bir araya gelecek.<\/p>\n<p style=\"text-align: justify;\"><span style=\"color: #888888;\">Kaynak : Vatan<\/span><\/p>\n","protected":false},"excerpt":{"rendered":"<p style=\"text-align: center;\">\n<p style=\"text-align: justify;\">ANKARA- Genelkurmay Ba\u015fkan\u0131 Orgeneral \u0130lker Ba\u015fbu\u011f\u2019un d\u00fczenledi\u011fi bas\u0131n toplant\u0131s\u0131n\u0131n ard\u0131ndan h\u00fck\u00fcmet ile TSK aras\u0131nda ya\u015fanan \u201cbelge-ka\u011f\u0131t par\u00e7as\u0131\u201d polemi\u011fi, yar\u0131n yap\u0131lacak Milli G\u00fcvenlik Kurulu\u2019nda da tart\u0131\u015f\u0131lacak. Orgeneral Ba\u015fbu\u011f ve Ba\u015fbakan Erdo\u011fan, kritik MGK\u2019dan 24 saat sonra, bu y\u0131l\u0131n en \u00f6nemli toplant\u0131lar\u0131ndan birini ger\u00e7ekle\u015ftirecek olan Savunma Sanayii \u0130cra Komitesi\u2019nde bulu\u015facaklar.<\/p>\n<p style=\"text-align:  \n\n","protected":false},"author":1,"featured_media":0,"comment_status":"open","ping_status":"closed","sticky":false,"template":"","format":"standard","meta":{"footnotes":""},"categories":[105],"tags":[],"class_list":["post-10578","post","type-post","status-publish","format-standard","hentry","category-gundem","odd"],"_links":{"self":[{"href":"http:\/\/www.korhanyilmaz.com\/index.php?rest_route=\/wp\/v2\/posts\/10578","targetHints":{"allow":["GET"]}}],"collection":[{"href":"http:\/\/www.korhanyilmaz.com\/index.php?rest_route=\/wp\/v2\/posts"}],"about":[{"href":"http:\/\/www.korhanyilmaz.com\/index.php?rest_route=\/wp\/v2\/types\/post"}],"author":[{"embeddable":true,"href":"http:\/\/www.korhanyilmaz.com\/index.php?rest_route=\/wp\/v2\/users\/1"}],"replies":[{"embeddable":true,"href":"http:\/\/www.korhanyilmaz.com\/index.php?rest_route=%2Fwp%2Fv2%2Fcomments&post=10578"}],"version-history":[{"count":0,"href":"http:\/\/www.korhanyilmaz.com\/index.php?rest_route=\/wp\/v2\/posts\/10578\/revisions"}],"wp:attachment":[{"href":"http:\/\/www.korhanyilmaz.com\/index.php?rest_route=%2Fwp%2Fv2%2Fmedia&parent=10578"}],"wp:term":[{"taxonomy":"category","embeddable":true,"href":"http:\/\/www.korhanyilmaz.com\/index.php?rest_route=%2Fwp%2Fv2%2Fcategories&post=10578"},{"taxonomy":"post_tag","embeddable":true,"href":"http:\/\/www.korhanyilmaz.com\/index.php?rest_route=%2Fwp%2Fv2%2Ftags&post=10578"}],"curies":[{"name":"wp","href":"https:\/\/api.w.org\/{rel}","templated":true}]}}