{"id":10574,"date":"2009-06-29T07:01:34","date_gmt":"2009-06-29T04:01:34","guid":{"rendered":"http:\/\/www.korhanyilmaz.com\/?p=10574"},"modified":"2009-06-29T07:01:34","modified_gmt":"2009-06-29T04:01:34","slug":"kritik-mgk-oncesi-surpriz-bulusma","status":"publish","type":"post","link":"http:\/\/www.korhanyilmaz.com\/?p=10574","title":{"rendered":"Kritik MGK \u00f6ncesi s\u00fcrpriz bulu\u015fma"},"content":{"rendered":"<p><img loading=\"lazy\" decoding=\"async\" class=\"aligncenter size-full wp-image-10575\" src=\"http:\/\/www.korhanyilmaz.com\/wp-content\/uploads\/2009\/06\/290620090153386423351.jpg\" alt=\"\" width=\"320\" height=\"100\" \/><\/p>\n<p style=\"text-align: justify;\">ANKARA- Ba\u015fbakan Erdo\u011fan, yar\u0131n yap\u0131lacak kritik MGK toplant\u0131s\u0131 \u00f6ncesinde bug\u00fcn saat 11.00\u2019de Ba\u015fbakanl\u0131k Merkez Bina\u2019da Genelkurmay Ba\u015fkan\u0131 Orgeneral \u0130lker Ba\u015fbu\u011f\u2019u kabul edecek. Orgeneral Ba\u015fbu\u011f\u2019un d\u00fczenledi\u011fi bas\u0131n toplant\u0131s\u0131n\u0131n ard\u0131ndan H\u00fck\u00fcmet ile TSK aras\u0131nda ya\u015fanan \u201cbelge-ka\u011f\u0131t par\u00e7as\u0131\u201d polemi\u011finin, yar\u0131n yap\u0131lacak Milli G\u00fcvenlik Kurulu\u2019nda tart\u0131\u015f\u0131lmas\u0131 bekleniyordu. Erdo\u011fan\u2019\u0131n, Orgeneral Ba\u015fbu\u011f\u2019u MGK\u2019dan \u00f6nce kabul edecek olmas\u0131 AKP\u2019nin askeri yarg\u0131n\u0131n yetkisini t\u0131rpanlayan geceyar\u0131s\u0131 de\u011fi\u015fikli\u011fini de g\u00fcndeme getirdi. Orgeneral Ba\u015fbu\u011f ve Erdo\u011fan\u2019\u0131n, bu iki konu \u00fczerinde konu\u015fmalar\u0131 bekleniyor.<!--more--><\/p>\n<p style=\"text-align: justify;\"><strong>G\u00fcl ba\u015fkanl\u0131k yapacak <\/strong><\/p>\n<p style=\"text-align: justify;\">Ba\u015fbu\u011f ve Erdo\u011fan, yar\u0131n yap\u0131lacak kritik MGK\u2019dan 24 saat sonra da bu y\u0131l\u0131n en \u00f6nemli toplant\u0131lar\u0131ndan birini ger\u00e7ekle\u015ftirecek olan Savunma Sanayii \u0130cra Komitesi\u2019nde bulu\u015facaklar. Erdo\u011fan ile Ba\u015fbu\u011f en son per\u015fembe g\u00fcn\u00fc ger\u00e7ekle\u015ftirilen haftal\u0131k ola\u011fan g\u00f6r\u00fc\u015fmelerinin aksine bu ay\u0131n 16\u2019s\u0131nda sal\u0131 g\u00fcn\u00fc biraraya gelmi\u015flerdi. Bu g\u00f6r\u00fc\u015fmede de Taraf Gazetesi\u2019nde yay\u0131mlanan belgeye ili\u015fkin geli\u015fmeler ele al\u0131nd\u0131.<\/p>\n<p style=\"text-align: justify;\">Org. \u0130lker Ba\u015fbu\u011f\u2019un TSK\u2019ya y\u00f6nelik uyguland\u0131\u011f\u0131n\u0131 s\u00f6yledi\u011fi \u201cMedya arac\u0131l\u0131\u011f\u0131yla asimetrik psikolojik harp\u201d g\u00f6r\u00fc\u015f\u00fcn\u00fc MGK\u2019ya getirece\u011fini s\u00f6ylemesi, dikkatleri bug\u00fcn yap\u0131lacak toplant\u0131ya \u00e7evirmi\u015fti. Cumhurba\u015fkan\u0131 Abdullah G\u00fcl\u2019\u00fcn ba\u015fkanl\u0131\u011f\u0131nda yap\u0131lacak MGK\u2019da, Orgeneral Ba\u015fbu\u011f\u2019un, bas\u0131n toplant\u0131s\u0131nda kamuoyuna a\u00e7\u0131klamad\u0131\u011f\u0131, TSK\u2019ya kar\u015f\u0131 faaliyetleri i\u00e7eren istihbarat bilgilerini, MGK toplant\u0131s\u0131nda, kurul \u00fcyelerinin bilgisine sunaca\u011f\u0131 ifade ediliyor. Son olarak 28 Nisan\u2019da toplanan MGK, kabine de\u011fi\u015fikli\u011finden sonra ilk kez toplanacak. Haziran ay\u0131 toplant\u0131s\u0131na, yeni bakanlar ilk kez kat\u0131lacak.<\/p>\n<p style=\"text-align: justify;\"><span style=\"color: #888888;\">Kaynak :Vatan<\/span><\/p>\n","protected":false},"excerpt":{"rendered":"<\/p>\n<p style=\"text-align: justify;\">ANKARA- Ba\u015fbakan Erdo\u011fan, yar\u0131n yap\u0131lacak kritik MGK toplant\u0131s\u0131 \u00f6ncesinde bug\u00fcn saat 11.00\u2019de Ba\u015fbakanl\u0131k Merkez Bina\u2019da Genelkurmay Ba\u015fkan\u0131 Orgeneral \u0130lker Ba\u015fbu\u011f\u2019u kabul edecek. Orgeneral Ba\u015fbu\u011f\u2019un d\u00fczenledi\u011fi bas\u0131n toplant\u0131s\u0131n\u0131n ard\u0131ndan H\u00fck\u00fcmet ile TSK aras\u0131nda ya\u015fanan \u201cbelge-ka\u011f\u0131t par\u00e7as\u0131\u201d polemi\u011finin, yar\u0131n yap\u0131lacak Milli G\u00fcvenlik Kurulu\u2019nda tart\u0131\u015f\u0131lmas\u0131 bekleniyordu. Erdo\u011fan\u2019\u0131n, Orgeneral Ba\u015fbu\u011f\u2019u MGK\u2019dan \u00f6nce kabul edecek olmas\u0131 AKP\u2019nin <\/p>\n","protected":false},"author":1,"featured_media":0,"comment_status":"open","ping_status":"closed","sticky":false,"template":"","format":"standard","meta":{"footnotes":""},"categories":[105],"tags":[],"class_list":["post-10574","post","type-post","status-publish","format-standard","hentry","category-gundem","odd"],"_links":{"self":[{"href":"http:\/\/www.korhanyilmaz.com\/index.php?rest_route=\/wp\/v2\/posts\/10574","targetHints":{"allow":["GET"]}}],"collection":[{"href":"http:\/\/www.korhanyilmaz.com\/index.php?rest_route=\/wp\/v2\/posts"}],"about":[{"href":"http:\/\/www.korhanyilmaz.com\/index.php?rest_route=\/wp\/v2\/types\/post"}],"author":[{"embeddable":true,"href":"http:\/\/www.korhanyilmaz.com\/index.php?rest_route=\/wp\/v2\/users\/1"}],"replies":[{"embeddable":true,"href":"http:\/\/www.korhanyilmaz.com\/index.php?rest_route=%2Fwp%2Fv2%2Fcomments&post=10574"}],"version-history":[{"count":0,"href":"http:\/\/www.korhanyilmaz.com\/index.php?rest_route=\/wp\/v2\/posts\/10574\/revisions"}],"wp:attachment":[{"href":"http:\/\/www.korhanyilmaz.com\/index.php?rest_route=%2Fwp%2Fv2%2Fmedia&parent=10574"}],"wp:term":[{"taxonomy":"category","embeddable":true,"href":"http:\/\/www.korhanyilmaz.com\/index.php?rest_route=%2Fwp%2Fv2%2Fcategories&post=10574"},{"taxonomy":"post_tag","embeddable":true,"href":"http:\/\/www.korhanyilmaz.com\/index.php?rest_route=%2Fwp%2Fv2%2Ftags&post=10574"}],"curies":[{"name":"wp","href":"https:\/\/api.w.org\/{rel}","templated":true}]}}