{"id":10570,"date":"2009-06-28T17:08:13","date_gmt":"2009-06-28T14:08:13","guid":{"rendered":"http:\/\/www.korhanyilmaz.com\/?p=10570"},"modified":"2009-06-28T17:08:13","modified_gmt":"2009-06-28T14:08:13","slug":"yargiyi-minciklamayin","status":"publish","type":"post","link":"http:\/\/www.korhanyilmaz.com\/?p=10570","title":{"rendered":"Yarg\u0131y\u0131 m\u0131nc\u0131klamay\u0131n!"},"content":{"rendered":"<p style=\"text-align: center;\"><img loading=\"lazy\" decoding=\"async\" class=\"aligncenter size-full wp-image-10571\" title=\"CHP Lideri Deniz Baykal\" src=\"http:\/\/www.korhanyilmaz.com\/wp-content\/uploads\/2009\/06\/bf8995399eeb65605e76b5008fcd0e72-grande.jpg\" alt=\"CHP Lideri Deniz Baykal\" width=\"309\" height=\"202\" \/><\/p>\n<p style=\"text-align: justify;\"><strong>Baykal&#8217;dan &#8216;ET\u00d6&#8217; ele\u015ftrisi.. <\/strong><\/p>\n<p style=\"text-align: justify;\">CHP Genel Ba\u015fkan\u0131 Deniz Baykal, &#8216;Ba\u015fbakan&#8217;\u0131n, mahkeme karar\u0131yla do\u011fru olmad\u0131\u011f\u0131 ifade edilmi\u015f olmas\u0131na ra\u011fmen Ergenekon ter\u00f6r \u00f6rg\u00fct\u00fc terimini kullanmas\u0131, onun savc\u0131l\u0131ktan hakimli\u011fe terfi etti\u011finin bir ifadesidir&#8217; dedi.<\/p>\n<p style=\"text-align: justify;\">\u00c7e\u015fitli ziyaretlerde bulunmak ve etkinliklere kat\u0131lmak amac\u0131yla Artvin&#8217;e gelen Baykal, CHP&#8217;li Artvin Belediye Ba\u015fkan\u0131 Emin \u00d6zg\u00fcn&#8217;\u00fc makam\u0131nda ziyaret etti.<\/p>\n<p style=\"text-align: justify;\">\u00d6zg\u00fcn&#8217;\u00fc 29 Mart se\u00e7imlerinde g\u00f6sterdi\u011fi ba\u015far\u0131dan dolay\u0131 y\u00fcrekten kutlad\u0131\u011f\u0131n\u0131 belirten Baykal, &#8216;Kendisine g\u00f6revinde ba\u015far\u0131lar diliyorum. Artvinlilere de CHP&#8217;ye verdikleri destekten dolay\u0131 te\u015fekk\u00fcr ediyorum. Bu d\u00f6nem de Artvin i\u00e7in seferber olaca\u011f\u0131z&#8217; diye konu\u015ftu. <!--more--><\/p>\n<p style=\"text-align: justify;\">Daha sonra gazetecilerin sorular\u0131n\u0131 yan\u0131tlayan Baykal, bir gazetecinin, &#8216;Ba\u015fbakan Recep Tayyip Erdo\u011fan, Ergenekon i\u00e7in ter\u00f6r deyimini kulland\u0131. Bu konudaki d\u00fc\u015f\u00fcnceniz nedir&#8217; sorusu \u00fczerine &#8216;Ba\u015fbakan&#8217;\u0131n, mahkeme karar\u0131yla do\u011fru olmad\u0131\u011f\u0131 ifade edilmi\u015f olmas\u0131na ra\u011fmen Ergenekon ter\u00f6r \u00f6rg\u00fct\u00fc terimini kullanmas\u0131, onun savc\u0131l\u0131ktan hakimli\u011fe terfi etti\u011finin bir ifadesidir. Art\u0131k hangi deyimin kullan\u0131laca\u011f\u0131n\u0131 \u00f6yle anla\u015f\u0131l\u0131yor ki mahkemenin karar\u0131na ra\u011fmen o, Ba\u015fbakan s\u0131fat\u0131yla belirlemi\u015ftir&#8217; dedi.<\/p>\n<p style=\"text-align: justify;\">Bu durumun Ba\u015fbakan Erdo\u011fan&#8217;\u0131n yarg\u0131, hukuk konular\u0131ndaki dikkatsizli\u011fini, temel zihniyet yanl\u0131\u015fl\u0131\u011f\u0131n\u0131 ortaya koyan bir ifade oldu\u011funu savunan Baykal, \u015f\u00f6yle konu\u015ftu:<\/p>\n<p style=\"text-align: justify;\">&#8216;Ba\u015fbakan bu konuda h\u00fckm\u00fcn\u00fc daha dava a\u00e7\u0131lmadan vermi\u015ftir. Dan\u0131\u015ftay cinayeti \u00f6ncesi ve sonras\u0131nda bu konudaki d\u00fc\u015f\u00fcncesini hep ifade etmi\u015ftir. \u015eimdi yarg\u0131n\u0131n savc\u0131lar\u0131yla, mahkemeleriyle bu karar\u0131 teyit etmesini bekliyor. Bunun i\u00e7in her t\u00fcrl\u00fc gayreti g\u00f6steriyor. Yarg\u0131yla oynamak iyi de\u011fil. H\u00fck\u00fcmetler yarg\u0131y\u0131 m\u0131nc\u0131klamaktan vazge\u00e7meli. \u0130ktidar yarg\u0131dan elini \u00e7ekmelidir. Yarg\u0131y\u0131 \u00e7eki\u015ftirerek ne yarg\u0131ya hizmet etmek m\u00fcmk\u00fcnd\u00fcr ne de bu h\u00fck\u00fcmetin kendisine bir yarar sa\u011flar.&#8217;<\/p>\n<p style=\"text-align: justify;\">Baykal, iktidar\u0131n T\u00fcrk Silahl\u0131 Kuvvetlerinden de elini \u00e7ekmesi gerekti\u011fini belirterek, &#8216;T\u00fcrk Silahl\u0131 Kuvvetlerini \u00e7eki\u015ftirmek, u\u011fra\u015fmak, oras\u0131n\u0131 buras\u0131n\u0131 farkl\u0131 y\u00f6nlere \u00e7eki\u015ftirmeye \u00e7al\u0131\u015fmak do\u011fru ve yararl\u0131 de\u011fildir. T\u00fcrkiye bu iktidar nedeniyle b\u00f6yle sorunlar ya\u015f\u0131yor. Medyay\u0131, adaleti kar\u0131\u015ft\u0131r\u0131yor. Bunlardan b\u00fcy\u00fck \u00fcz\u00fcnt\u00fc duyuyoruz&#8217; dedi.<\/p>\n<p style=\"text-align: justify;\"><strong>-&#8217;12 EYL\u00dcL DARBEC\u0130LER\u0130N\u0130N YARGILANMASI&#8217;- <\/strong><\/p>\n<p style=\"text-align: justify;\">Bir gazetecinin &#8217;12 Eyl\u00fcl darbecilerinin yarg\u0131lanmas\u0131yla ilgili d\u00fc\u015f\u00fcncesini&#8217; sormas\u0131 \u00fczerine Baykal, \u015funlar\u0131 s\u00f6yledi:<\/p>\n<p style=\"text-align: justify;\">&#8216;Her iki partinin de grup ba\u015fkanvekilleri g\u00f6r\u00fc\u015fme yapt\u0131. Herhangi bir cevap gelmedi. AKP&#8217;nin bu konuda d\u00fc\u015f\u00fcncesini bekliyoruz. AKP harekete ge\u00e7meye karar verirse CHP bu d\u00fczenleme i\u00e7in elinden geleni yapacakt\u0131r. Parlamentoda gece yar\u0131s\u0131 darbesiyle \u00fclkenin \u00e7ok \u00f6nemli konular\u0131n\u0131n oldu bittiyle nas\u0131l halledilmek istendi\u011fini herkes g\u00f6rd\u00fc. Meclis Ba\u015fkan\u0131 bundan haberi olmad\u0131\u011f\u0131n\u0131 s\u00f6yl\u00fcyor. Gruplar aras\u0131ndaki temaslarda ger\u00e7ekler s\u00f6ylenmiyor. Deniz Feneri davas\u0131nda nitelikli doland\u0131r\u0131c\u0131l\u0131k yap\u0131lm\u0131\u015ft\u0131r. Alman mahkemesi bunu s\u00f6ylemi\u015ftir. \u015eimdi TBMM&#8217;de nitelikli yalanc\u0131l\u0131\u011fa \u015fahit olduk.<\/p>\n<p style=\"text-align: justify;\">Ger\u00e7ek sapt\u0131r\u0131larak birtak\u0131m tertipler yap\u0131l\u0131yor. Onun i\u00e7in diyoruz ki &#8216;Yarg\u0131y\u0131 ve T\u00fcrk Silahl\u0131 Kuvvetlerini m\u0131nc\u0131klamay\u0131n.&#8217; Herkesin g\u00f6revi T\u00fcrkiye&#8217;nin kurumlar\u0131yla sa\u011fl\u0131kl\u0131 ili\u015fki i\u00e7inde olmakt\u0131r. Siyaseti T\u00fcrk Silahl\u0131 Kuvvetlerine ve yarg\u0131ya ta\u015f\u0131mak yanl\u0131\u015ft\u0131r. Bu konularda kim ne yap\u0131yor, herkes g\u00f6r\u00fcyor. Yarg\u0131ya sayg\u0131 esas olmal\u0131d\u0131r. Herkesin yarg\u0131lanmas\u0131n\u0131 isteyen Ba\u015fbakan neden kendisinin yarg\u0131lanmas\u0131n\u0131 istemiyor. \u00d6nce samimiyete ihtiya\u00e7 var. Ondan bundan hesap sormadan \u00f6nce kendi hesap vermelidir.&#8217;<\/p>\n<p style=\"text-align: justify;\">Genel Ba\u015fkan Baykal, Taraf Gazetesi&#8217;nde yay\u0131mlanan belgeyle ilgili soruya ise &#8216;Ortada bir iddia var. \u0130ddia ge\u00e7erli de\u011filse ortada komplo var. Komplonun ayd\u0131nl\u0131\u011fa kavu\u015fturulmas\u0131 laz\u0131m. Peki bunu kim ayd\u0131nlatacak? Komployu yapanlar, sahiplenenler komployu ayd\u0131nlatabilir mi? Bu da T\u00fcrkiye&#8217;nin a\u00e7maz\u0131&#8217; yan\u0131t\u0131n\u0131 verdi.<\/p>\n<p><span style=\"color: #888888;\">Kaynak : Vatan<\/span><\/p>\n","protected":false},"excerpt":{"rendered":"<p style=\"text-align: center;\">\n<p style=\"text-align: justify;\">Baykal&#8217;dan &#8216;ET\u00d6&#8217; ele\u015ftrisi.. <\/p>\n<p style=\"text-align: justify;\">CHP Genel Ba\u015fkan\u0131 Deniz Baykal, &#8216;Ba\u015fbakan&#8217;\u0131n, mahkeme karar\u0131yla do\u011fru olmad\u0131\u011f\u0131 ifade edilmi\u015f olmas\u0131na ra\u011fmen Ergenekon ter\u00f6r \u00f6rg\u00fct\u00fc terimini kullanmas\u0131, onun savc\u0131l\u0131ktan hakimli\u011fe terfi etti\u011finin bir ifadesidir&#8217; dedi.<\/p>\n<p style=\"text-align: justify;\">\u00c7e\u015fitli ziyaretlerde bulunmak ve etkinliklere kat\u0131lmak amac\u0131yla Artvin&#8217;e gelen Baykal, CHP&#8217;li Artvin Belediye Ba\u015fkan\u0131 Emin <\/p>\n","protected":false},"author":1,"featured_media":0,"comment_status":"open","ping_status":"closed","sticky":false,"template":"","format":"standard","meta":{"footnotes":""},"categories":[105],"tags":[],"class_list":["post-10570","post","type-post","status-publish","format-standard","hentry","category-gundem","odd"],"_links":{"self":[{"href":"http:\/\/www.korhanyilmaz.com\/index.php?rest_route=\/wp\/v2\/posts\/10570","targetHints":{"allow":["GET"]}}],"collection":[{"href":"http:\/\/www.korhanyilmaz.com\/index.php?rest_route=\/wp\/v2\/posts"}],"about":[{"href":"http:\/\/www.korhanyilmaz.com\/index.php?rest_route=\/wp\/v2\/types\/post"}],"author":[{"embeddable":true,"href":"http:\/\/www.korhanyilmaz.com\/index.php?rest_route=\/wp\/v2\/users\/1"}],"replies":[{"embeddable":true,"href":"http:\/\/www.korhanyilmaz.com\/index.php?rest_route=%2Fwp%2Fv2%2Fcomments&post=10570"}],"version-history":[{"count":0,"href":"http:\/\/www.korhanyilmaz.com\/index.php?rest_route=\/wp\/v2\/posts\/10570\/revisions"}],"wp:attachment":[{"href":"http:\/\/www.korhanyilmaz.com\/index.php?rest_route=%2Fwp%2Fv2%2Fmedia&parent=10570"}],"wp:term":[{"taxonomy":"category","embeddable":true,"href":"http:\/\/www.korhanyilmaz.com\/index.php?rest_route=%2Fwp%2Fv2%2Fcategories&post=10570"},{"taxonomy":"post_tag","embeddable":true,"href":"http:\/\/www.korhanyilmaz.com\/index.php?rest_route=%2Fwp%2Fv2%2Ftags&post=10570"}],"curies":[{"name":"wp","href":"https:\/\/api.w.org\/{rel}","templated":true}]}}