{"id":10561,"date":"2009-06-28T13:29:16","date_gmt":"2009-06-28T11:29:16","guid":{"rendered":"http:\/\/www.korhanyilmaz.com\/?p=10561"},"modified":"2009-06-28T13:29:16","modified_gmt":"2009-06-28T11:29:16","slug":"akp-yonetimine-agir-suclamalar","status":"publish","type":"post","link":"http:\/\/www.korhanyilmaz.com\/?p=10561","title":{"rendered":"Da\u011f\u0131n arkas\u0131ndaki tehlikeyi haber verdik"},"content":{"rendered":"<p><img loading=\"lazy\" decoding=\"async\" class=\"aligncenter size-full wp-image-10586\" src=\"http:\/\/www.korhanyilmaz.com\/wp-content\/uploads\/2009\/06\/290620090123467387810.jpg\" alt=\"\" width=\"329\" height=\"210\" \/><\/p>\n<p style=\"text-align: center;\">\n<p style=\"text-align: justify;\">AKP \u0130stanbul \u0130l Ba\u015fkanl\u0131\u011f\u0131 yar\u0131\u015f\u0131n\u0131 kaybeden Metin K\u00fcl\u00fcnk, delegelerden kendisine oy verilmedi\u011fine dair ispat istendi\u011fini, genel merkezin tarafl\u0131 davrand\u0131\u011f\u0131n\u0131 ve taban\u0131n sesinin y\u00fckselmesine engel olmak i\u00e7in bir tak\u0131m ad\u0131mlar at\u0131ld\u0131\u011f\u0131n\u0131 ileri s\u00fcrd\u00fc.<\/p>\n<p style=\"text-align: justify;\">\u0130STANBUL &#8211; AKP \u0130stanbul \u0130l Ba\u015fkanl\u0131\u011f\u0131 yar\u0131\u015f\u0131n\u0131 Aziz Babu\u015f\u00e7u kar\u015f\u0131s\u0131nda kaybeben Metin K\u00fcl\u00fcnk, rakibini ve genel merkezi parti i\u00e7i demokrasiye ayk\u0131r\u0131 davranmakla su\u00e7lad\u0131. K\u00fcl\u00fcnk kongreyi \u015f\u00f6yle de\u011ferlendirdi:<\/p>\n<p style=\"text-align: justify;\"><strong>MERKEZ TARAF OLDU:<\/strong> Demokrasinin g\u00fczelli\u011fi, d\u00fcn Abdi \u0130pek\u00e7i spor salonunda g\u00f6n\u00fcl isterdi ki m\u00fckemmel bir \u015fekilde tecelli etsin. AKP\u2019nin kurulu\u015f de\u011ferlerine en y\u00fcksek hassasiyetin g\u00f6sterildi\u011fi, tabana bask\u0131n\u0131n olmad\u0131\u011f\u0131, delegelere bask\u0131n\u0131n olmad\u0131\u011f\u0131, akredite edilmemi\u015f bir il kongresi olmas\u0131n\u0131 g\u00f6n\u00fcl temenni ederdi. <!--more-->Ancak d\u00fcn \u00fcz\u00fclerek ifade ediyorum ki AKP\u2019nin, bu \u00fclkede demokrasi ve hukukun \u00e7\u0131tas\u0131n\u0131 s\u00fcrekli y\u00fckselten bir siyasal hareketin, delegelerin sand\u0131ktan \u00e7\u0131kt\u0131ktan sonra oyun Metin K\u00fcl\u00fcnk\u2019\u00fcn listesine verilmedi\u011fine dair ispat\u0131n\u0131n istendi\u011fi ve bunun i\u00e7in Metin K\u00fcl\u00fcnk\u2019\u00fcn listesinin mutlaka kendilerine teslim edilsin bask\u0131s\u0131n\u0131n oldu\u011fu, salonda taban\u0131n sesinin k\u0131s\u0131lmak i\u00e7in \u00f6zel g\u00fcvenlik \u00f6nlemlerinin al\u0131nd\u0131\u011f\u0131, pankartlar\u0131n a\u00e7\u0131lmamas\u0131 i\u00e7in ola\u011fan\u00fcst\u00fc bask\u0131n\u0131n yap\u0131ld\u0131\u011f\u0131, bu anlamda genel merkezin t\u00fcz\u00fckte belirtilmesine ra\u011fmen tarafs\u0131z olmas\u0131 gerekirken ciddi anlamda tarafgirli\u011fin oldu\u011fu, taban\u0131n sesinin tavana duyurulmamas\u0131 i\u00e7in \u00f6zel \u00e7aba g\u00f6sterildi\u011fi bir kongre kamuoyunun \u00f6n\u00fcnde tecelli etmi\u015ftir.<\/p>\n<p style=\"text-align: justify;\"><strong>E\u015e\u0130TL\u0130K YOKTU:<\/strong> Parti i\u00e7i demokrasinin AKP\u2019nin kurulu\u015f ruhuna uygun bir kongre oldu\u011funu s\u00f6ylemek i\u00e7in salonda e\u015fitli\u011fin olmas\u0131 gerekiyordu. Salonda adaletin olmas\u0131 gerekiyordu. Dolay\u0131s\u0131yla \u015funu \u00e7ok net bir \u015fekilde ifade ediyorum ki direkt ileti\u015fimi esas alan bir siyasal anlay\u0131\u015fla, AKP\u2019nin halktan kopmamas\u0131 gerekti\u011fini hedef alan bir anlay\u0131\u015fla biz o salonda vard\u0131k. \u0130stanbul kongreleri ve t\u00fcm kongreler millete a\u00e7\u0131k kongrelerdir. \u0130stanbul\u2019da afi\u015fler as\u0131ld\u0131 ama halk\u0131m\u0131z davetlidir denmedi. \u0130lk defa bir siyasi partinin il kongresine insanlar davetiyeyle al\u0131nmak zorunda b\u0131rak\u0131ld\u0131. Taban\u0131n sesinin Abdi \u0130pek\u00e7i\u2019de y\u00fckselmesine engel olmak i\u00e7in bir tak\u0131m ad\u0131mlar at\u0131ld\u0131.<\/p>\n<p style=\"text-align: justify;\"><strong>6 \u0130L\u00c7E KAYBED\u0130LD\u0130: <\/strong>Aday olurken amac\u0131m\u0131z \u015fuydu: 29 Mart se\u00e7imlerinde 6 tane il\u00e7eyi kaybetmi\u015f bir il te\u015fkilat\u0131 var. 22 Temmuz se\u00e7imlerine g\u00f6re oy oran\u0131 d\u00fc\u015fm\u00fc\u015f bir il te\u015fkilat\u0131 var. Al\u0131nabilecekken al\u0131namam\u0131\u015f \u00fc\u00e7 il\u00e7emiz var. \u0130stanbul\u2019da s\u00fcrekli halktan kopan, tabandan kopan bir iradenin oldu\u011fu yerde 2011 se\u00e7imleri gibi demokrasi ve hukuk m\u00fccadelesinde son derece stratejik olan bir se\u00e7ime bu yap\u0131yla haz\u0131rlanman\u0131n m\u00fcmk\u00fcn de\u011fil. Dolay\u0131s\u0131yla T\u00fcrkiye\u2019deki demokrasi ve hukuk m\u00fccadelesine daha g\u00fc\u00e7l\u00fc destek verebilmek amac\u0131yla, g\u00fc\u00e7l\u00fc bir il te\u015fkilat\u0131 olmak ve \u0130stanbul\u2019daki garip gureban\u0131n, \u0130stanbul\u2019daki mahallelerin sand\u0131k ba\u015fkanlar\u0131n\u0131n sesi olarak \u0130stanbul\u2019da bir duru\u015f ortaya koyduk. Da\u011f\u0131n arkas\u0131ndaki tehlikeyi haber verdik.<\/p>\n<p style=\"text-align: justify;\"><strong>Kongrede fark yedi <\/strong><\/p>\n<p style=\"text-align: justify;\">Metin K\u00fcl\u00fcnk, AKP\u2019nin kurulu\u015funda \u00f6nemli bir rol \u00fcstlendi. Bir \u00f6nceki kongrede adayl\u0131ktan Ba\u015fbakan Erdo\u011fan\u2019\u0131n \u0131srar\u0131yla son anda \u00e7ekildi. \u00d6nceki g\u00fcnk\u00fc il kongresinde Babu\u015f\u00e7u 463, K\u00fcl\u00fcnk ise 157 delegenin oyunu ald\u0131. K\u00fcl\u00fcnk\u2019e g\u00f6re bu sonu\u00e7ta genel merkezin de rol\u00fc var.<\/p>\n<p style=\"text-align: justify;\"><span style=\"color: #888888;\">Kaynak : Vatan<\/span><\/p>\n","protected":false},"excerpt":{"rendered":"<\/p>\n<p style=\"text-align: center;\">\n<p style=\"text-align: justify;\">AKP \u0130stanbul \u0130l Ba\u015fkanl\u0131\u011f\u0131 yar\u0131\u015f\u0131n\u0131 kaybeden Metin K\u00fcl\u00fcnk, delegelerden kendisine oy verilmedi\u011fine dair ispat istendi\u011fini, genel merkezin tarafl\u0131 davrand\u0131\u011f\u0131n\u0131 ve taban\u0131n sesinin y\u00fckselmesine engel olmak i\u00e7in bir tak\u0131m ad\u0131mlar at\u0131ld\u0131\u011f\u0131n\u0131 ileri s\u00fcrd\u00fc.<\/p>\n<p style=\"text-align: justify;\">\u0130STANBUL &#8211; AKP \u0130stanbul \u0130l Ba\u015fkanl\u0131\u011f\u0131 yar\u0131\u015f\u0131n\u0131 Aziz Babu\u015f\u00e7u kar\u015f\u0131s\u0131nda kaybeben Metin K\u00fcl\u00fcnk, rakibini ve <\/p>\n","protected":false},"author":1,"featured_media":0,"comment_status":"open","ping_status":"closed","sticky":false,"template":"","format":"standard","meta":{"footnotes":""},"categories":[105],"tags":[],"class_list":["post-10561","post","type-post","status-publish","format-standard","hentry","category-gundem","odd"],"_links":{"self":[{"href":"http:\/\/www.korhanyilmaz.com\/index.php?rest_route=\/wp\/v2\/posts\/10561","targetHints":{"allow":["GET"]}}],"collection":[{"href":"http:\/\/www.korhanyilmaz.com\/index.php?rest_route=\/wp\/v2\/posts"}],"about":[{"href":"http:\/\/www.korhanyilmaz.com\/index.php?rest_route=\/wp\/v2\/types\/post"}],"author":[{"embeddable":true,"href":"http:\/\/www.korhanyilmaz.com\/index.php?rest_route=\/wp\/v2\/users\/1"}],"replies":[{"embeddable":true,"href":"http:\/\/www.korhanyilmaz.com\/index.php?rest_route=%2Fwp%2Fv2%2Fcomments&post=10561"}],"version-history":[{"count":0,"href":"http:\/\/www.korhanyilmaz.com\/index.php?rest_route=\/wp\/v2\/posts\/10561\/revisions"}],"wp:attachment":[{"href":"http:\/\/www.korhanyilmaz.com\/index.php?rest_route=%2Fwp%2Fv2%2Fmedia&parent=10561"}],"wp:term":[{"taxonomy":"category","embeddable":true,"href":"http:\/\/www.korhanyilmaz.com\/index.php?rest_route=%2Fwp%2Fv2%2Fcategories&post=10561"},{"taxonomy":"post_tag","embeddable":true,"href":"http:\/\/www.korhanyilmaz.com\/index.php?rest_route=%2Fwp%2Fv2%2Ftags&post=10561"}],"curies":[{"name":"wp","href":"https:\/\/api.w.org\/{rel}","templated":true}]}}