{"id":10557,"date":"2009-06-28T14:49:55","date_gmt":"2009-06-28T12:49:55","guid":{"rendered":"http:\/\/www.korhanyilmaz.com\/?p=10557"},"modified":"2009-06-28T14:49:55","modified_gmt":"2009-06-28T12:49:55","slug":"aklin-neredeydi-yasa-cikarken","status":"publish","type":"post","link":"http:\/\/www.korhanyilmaz.com\/?p=10557","title":{"rendered":"Akl\u0131n neredeydi yasa \u00e7\u0131karken?"},"content":{"rendered":"<p style=\"text-align: center;\"><img loading=\"lazy\" decoding=\"async\" class=\"size-full wp-image-10558 aligncenter\" src=\"http:\/\/www.korhanyilmaz.com\/wp-content\/uploads\/2009\/06\/280620091448202170041.jpg\" alt=\"\" width=\"329\" height=\"210\" \/><\/p>\n<p style=\"text-align: justify;\"><strong>Erdo\u011fan&#8217;dan CHP&#8217;ye salvolar.. <\/strong><\/p>\n<p style=\"text-align: justify;\">AK Parti Genel Ba\u015fkan\u0131 ve Ba\u015fbakan Recep Tayyip Erdo\u011fan Partisi&#8217;nin Kocaeli 3. Ola\u011fan \u0130l Te\u015fkilat\u0131 Kongresi&#8217;nde konu\u015fma yap\u0131yor.<\/p>\n<p style=\"text-align: justify;\">Erdo\u011fan&#8217;\u0131n konu\u015fmas\u0131ndan sat\u0131rba\u015flar\u0131:<\/p>\n<p style=\"text-align: justify;\">29 Mart se\u00e7imlerini geride b\u0131rakt\u0131k. \u015eimdi \u00f6n\u00fcm\u00fczde yeni bir s\u00fcre\u00e7 var. 81 Vilayetimizin tamam\u0131 vatanda\u015flar\u0131m\u0131z\u0131n her biri bizden daha fazla hizmet bekliyor. T\u00fcrkiye&#8217;ye \u00e7ok b\u00fcy\u00fck eserler kazand\u0131rd\u0131k. Tarihi seviyelere ta\u015f\u0131d\u0131k. Her zaman s\u00f6yledi\u011fim gibi bizler &#8216;Uzun ince bir yolday\u0131z, gidiyoruz g\u00fcnd\u00fcz gece&#8217; gidece\u011fiz g\u00fcnd\u00fcz gece. Biz karalama siyasetiyle gerilim siyasetiyle \u00fclkemin vaktini heba edemeyiz. Hi\u00e7 tart\u0131\u015fmas\u0131z \u015fekilde milletimizin menfaatine milletimizin menfaatleri en \u00fcst seviyeye \u00e7\u0131kart\u0131larak kabul edilen yasa i\u00e7in mahkemeye gittiler. Ama\u00e7lar\u0131 \u00fcz\u00fcm yemek olsa her \u015feyi g\u00f6recekler ama bunlar\u0131n niyeti ba\u011fc\u0131\u011f\u0131 d\u00f6vmek. Mahkeme kap\u0131lar\u0131n\u0131 a\u015f\u0131nd\u0131rd\u0131\u011f\u0131n\u0131z gibi Allah a\u015fk\u0131na birde Anadolu&#8217;nun yollar\u0131n\u0131 a\u015f\u0131nd\u0131r\u0131n. Van&#8217;a gidin, Hakk\u00e2ri\u2019ye, Mu\u015f&#8217;a, Konya&#8217;ya gidin, \u015eu Kocaeli\u2019ne gelin. <!--more--><\/p>\n<p style=\"text-align: justify;\">Ge\u00e7en ak\u015fam bir kanun \u00e7\u0131kt\u0131 ve d\u00fcn ak\u015fam grup ba\u015fkanvekili bas\u0131n a\u00e7\u0131klamas\u0131 yap\u0131yor. Ak Parti&#8217;nin adetidir bu yine bizi aldatt\u0131. Akl\u0131n nerdeydi ne i\u015f yapars\u0131n sen neredeydin orada de\u011fil miydin kabul edenler dendi herkes elini kald\u0131rd\u0131 kabul etmeyenler dendi isteyenler kald\u0131rd\u0131 sen nerdeydin orada de\u011fil miydin? G\u00f6zleri var g\u00f6rmez, kulaklar\u0131 var duymaz dilleri var 24 saat geriden konu\u015fur. Durumlar\u0131 bu.<\/p>\n<p style=\"text-align: justify;\">Darbelere kar\u015f\u0131 darbelere kar\u015f\u0131 diyorlar i\u015fte \u00e7\u0131kan kanun darbelere kar\u015f\u0131. Bunlar o \u00e7etelerin avukatl\u0131\u011f\u0131n\u0131 yap\u0131yorlar. AK Parti hem s\u0131n\u0131rlar\u0131m\u0131zdaki hem zihinlerdeki may\u0131nlar\u0131 temizlemenin m\u00fccadelesini veriyor. Bunlar T\u00fcrkiye&#8217;yi de zihinleri de may\u0131nlara mahk\u00fbm ediyorlar. AK Parti okul yap\u0131yor, konut yap\u0131yor, hastane yap\u0131yor bunlar engellemeye \u00e7al\u0131\u015f\u0131yorlar. Bunlar T\u00fcrkiye&#8217;nin pa\u00e7as\u0131ndan tutup a\u015fa\u011f\u0131 do\u011fru \u00e7ekiyorlar biz y\u00fckseltmeye \u00e7al\u0131\u015f\u0131yoruz. Demokrasiyi muhafaza etmek noktas\u0131nda tutarl\u0131 bir tav\u0131r sergilediklerini zannettik duyguland\u0131k. Ancak su g\u00f6r\u00fcnd\u00fc teyemm\u00fcmleri bozuldu.<\/p>\n<p style=\"text-align: justify;\"><strong>KURUMLARIMIZ DEMOKRAS\u0130YE SAH\u0130P \u00c7IKIYOR <\/strong><\/p>\n<p style=\"text-align: justify;\">Belge konusu hen\u00fcz tamamlanmadan, failler ortaya \u00e7\u0131kmadan bunlar kararlar\u0131n\u0131 verdiler. Hi\u00e7 ilgisi olmad\u0131\u011f\u0131 halde AK Parti&#8217;yi mahk\u00fbm etmeye ba\u015flad\u0131lar. Kurumlar\u0131 birbirine d\u00fc\u015f\u00fcrerek buradan \u00e7\u0131kar sa\u011flayacaklar\u0131na inand\u0131lar. Bo\u015funa u\u011fra\u015f\u0131yorlar beyhude \u00e7aba sarf ediyorlar. T\u00fcrkiye son derece olgun seviyeye y\u00fckseldi. T\u00fcrkiye arkas\u0131na ya da kar\u015f\u0131s\u0131na askeri alarak T\u00fcrkiye&#8217;nin kurumlar aras\u0131 \u00e7al\u0131\u015fmalardan medet umarak siyaset yapmak T\u00fcrkiye&#8217;de tedav\u00fclden kalkm\u0131\u015ft\u0131r. Kurumlar\u0131m\u0131z demokrasiye olan inan\u00e7lar\u0131n\u0131 somut bir \u015fekilde ifade ediyorlar. Yar\u0131n milletimizin kar\u015f\u0131s\u0131na \u00e7\u0131kt\u0131\u011f\u0131m\u0131z zaman milletimiz soracak emaneti size verdik o emaneti ne yapt\u0131n\u0131z? O emaneti sizden \u00e7almak isteyenlere kar\u015f\u0131 muhafaza ettiniz mi diye soracak. Milletimiz diyecek ki biz sizden \u00f6nce ba\u015fka siyasilere teslim etmi\u015ftik ama onlar ta\u015f\u0131yamad\u0131lar muhafaza edemediler. T\u00fcrkiye&#8217;nin itibar\u0131n\u0131 a\u011f\u0131rl\u0131\u011f\u0131n\u0131 sayg\u0131nl\u0131\u011f\u0131n artt\u0131ramad\u0131lar. Onlar kendi ki\u015fisel \u00e7\u0131karlar\u0131n\u0131 milletin menfaatlerinin \u00fcst\u00fcnde tuttular peki siz ne yapt\u0131n\u0131z diye bize soracaklar. Hamdolsun!<\/p>\n<p style=\"text-align: justify;\">Girdi\u011fimiz her d\u00f6rt se\u00e7imde de biz bu sorular\u0131n cevab\u0131n\u0131 verdik. Her d\u00f6rt se\u00e7imde de milletimizin kar\u015f\u0131s\u0131na anl\u0131m\u0131z AK \u00e7\u0131kt\u0131k.<\/p>\n<p style=\"text-align: justify;\"><strong>TUTARLI DURU\u015eUMUZU SERG\u0130LEMEYE DEVAM EDECE\u011e\u0130Z <\/strong><\/p>\n<p style=\"text-align: justify;\">Gen\u00e7lerimiz var yar\u0131n o gen\u00e7ler soracaklar bize bize nas\u0131l bir \u00fclke teslim ettiniz, bize nas\u0131l bir demokrasi b\u0131rakt\u0131n\u0131z, T\u00fcrkiye&#8217;yi muas\u0131r medeniyetler seviyesine ne kadar yakla\u015ft\u0131rd\u0131n\u0131z, T\u00fcrkiye&#8217;yi nerede ald\u0131n\u0131z nerede teslim ediyorsunuz diye soracak o yavrular. Biz Gen\u00e7lere kar\u015f\u0131 sorumluyuz ve bu sorumlulu\u011fumuzu da yerine getiriyoruz. \u00c7etelerle m\u00fccadele ettik etmeye de devam edece\u011fiz. Bizi vazge\u00e7irmek isteyenlere kar\u015f\u0131 dik bir duru\u015f sergiledik bundan sonra da ayn\u0131 tutarl\u0131 duru\u015fu sergilemeye devam edece\u011fiz. Her t\u00fcrl\u00fc kirli senaryo kar\u015f\u0131s\u0131nda sizden ald\u0131\u011f\u0131m\u0131z g\u00fc\u00e7ten dimdik sars\u0131lmadan ayakta durduk ve durmaya devam edece\u011fiz.<\/p>\n<p style=\"text-align: justify;\"><span style=\"color: #888888;\">Kaynak : Vatan<\/span><\/p>\n","protected":false},"excerpt":{"rendered":"<p style=\"text-align: center;\">\n<p style=\"text-align: justify;\">Erdo\u011fan&#8217;dan CHP&#8217;ye salvolar.. <\/p>\n<p style=\"text-align: justify;\">AK Parti Genel Ba\u015fkan\u0131 ve Ba\u015fbakan Recep Tayyip Erdo\u011fan Partisi&#8217;nin Kocaeli 3. Ola\u011fan \u0130l Te\u015fkilat\u0131 Kongresi&#8217;nde konu\u015fma yap\u0131yor.<\/p>\n<p style=\"text-align: justify;\">Erdo\u011fan&#8217;\u0131n konu\u015fmas\u0131ndan sat\u0131rba\u015flar\u0131:<\/p>\n<p style=\"text-align: justify;\">29 Mart se\u00e7imlerini geride b\u0131rakt\u0131k. \u015eimdi \u00f6n\u00fcm\u00fczde yeni bir s\u00fcre\u00e7 var. 81 Vilayetimizin tamam\u0131 vatanda\u015flar\u0131m\u0131z\u0131n her biri bizden daha <\/p>\n","protected":false},"author":1,"featured_media":0,"comment_status":"open","ping_status":"closed","sticky":false,"template":"","format":"standard","meta":{"footnotes":""},"categories":[105],"tags":[],"class_list":["post-10557","post","type-post","status-publish","format-standard","hentry","category-gundem","odd"],"_links":{"self":[{"href":"http:\/\/www.korhanyilmaz.com\/index.php?rest_route=\/wp\/v2\/posts\/10557","targetHints":{"allow":["GET"]}}],"collection":[{"href":"http:\/\/www.korhanyilmaz.com\/index.php?rest_route=\/wp\/v2\/posts"}],"about":[{"href":"http:\/\/www.korhanyilmaz.com\/index.php?rest_route=\/wp\/v2\/types\/post"}],"author":[{"embeddable":true,"href":"http:\/\/www.korhanyilmaz.com\/index.php?rest_route=\/wp\/v2\/users\/1"}],"replies":[{"embeddable":true,"href":"http:\/\/www.korhanyilmaz.com\/index.php?rest_route=%2Fwp%2Fv2%2Fcomments&post=10557"}],"version-history":[{"count":0,"href":"http:\/\/www.korhanyilmaz.com\/index.php?rest_route=\/wp\/v2\/posts\/10557\/revisions"}],"wp:attachment":[{"href":"http:\/\/www.korhanyilmaz.com\/index.php?rest_route=%2Fwp%2Fv2%2Fmedia&parent=10557"}],"wp:term":[{"taxonomy":"category","embeddable":true,"href":"http:\/\/www.korhanyilmaz.com\/index.php?rest_route=%2Fwp%2Fv2%2Fcategories&post=10557"},{"taxonomy":"post_tag","embeddable":true,"href":"http:\/\/www.korhanyilmaz.com\/index.php?rest_route=%2Fwp%2Fv2%2Ftags&post=10557"}],"curies":[{"name":"wp","href":"https:\/\/api.w.org\/{rel}","templated":true}]}}