{"id":10547,"date":"2009-06-27T16:34:02","date_gmt":"2009-06-27T13:34:02","guid":{"rendered":"http:\/\/www.korhanyilmaz.com\/?p=10547"},"modified":"2009-06-27T16:34:02","modified_gmt":"2009-06-27T13:34:02","slug":"akp-herkese-bilgi-verdik-muhalefet-aldatildik","status":"publish","type":"post","link":"http:\/\/www.korhanyilmaz.com\/?p=10547","title":{"rendered":"AKP: Herkese bilgi verdik Muhalefet: Aldat\u0131ld\u0131k"},"content":{"rendered":"<p><img loading=\"lazy\" decoding=\"async\" class=\"aligncenter size-full wp-image-10548\" src=\"http:\/\/www.korhanyilmaz.com\/wp-content\/uploads\/2009\/06\/280620090001588196276.jpg\" alt=\"\" width=\"320\" height=\"100\" \/><\/p>\n<p style=\"text-align: justify;\">CHP ve MHP, AKP\u2019nin \u00f6nergeyi \u201cimla d\u00fczeltmesi\u201d olarak lanse etti\u011fini savundu. AKP\u2019liler ise \u201cBu t\u00fcm partilerin bilerek isteyerek yapt\u0131\u011f\u0131 bir de\u011fi\u015fikliktir\u201d dedi.<\/p>\n<p style=\"text-align: justify;\">Ceza Muhakemeleri Kanunu\u2019nda askerlerin sivil mahkemelerde yarg\u0131lanmalar\u0131n\u0131n yolunu a\u00e7an geceyar\u0131s\u0131 de\u011fi\u015fikli\u011fi, i\u00e7eri\u011finin yan\u0131s\u0131ra, y\u00f6ntem nedeniyle de iktidar ve muhalefet aras\u0131nda tart\u0131\u015fma konusu oldu.<\/p>\n<p style=\"text-align: justify;\">CHP Grup Ba\u015fkanvekili Hakk\u0131 S\u00fcha Okay, Adalet Bakan\u0131 Sadullah Ergin\u2019in, askeri mahkemelerin yetkilerini t\u0131rpanlama operasyonun ger\u00e7ekle\u015ftirildi\u011fi tasar\u0131 i\u00e7in partisinin deste\u011fini istemek \u00fczere kendisini ziyaret ederken, bu \u00f6nergeden hi\u00e7 bahsetmedi\u011fini s\u00f6yledi. Okay, VATAN\u2019a \u201cBakan bana \u00f6nergeyle gelmedi. Bu konudan hi\u00e7 bahsetmedi\u201d dedi. Okay, TBMM\u2019de d\u00fczenledi\u011fi bas\u0131n toplant\u0131s\u0131nda ise yap\u0131lan de\u011fi\u015fikli\u011fi \u201calacakaranl\u0131kta i\u015f bitirme\u201d s\u00f6zleriyle ele\u015ftirdi. <!--more--><\/p>\n<p style=\"text-align: justify;\">AKP\u2019lilerin bu \u00f6nerge ile ilgili \u201cT\u00fcrk\u00e7e\u2019de d\u00fczeltme yapmay\u0131 ama\u00e7lad\u0131k\u201d bilgisini verdi\u011fini s\u00f6yleyen Okay, daha sonra kabul edilen d\u00fczenlemenin gerek\u00e7esine dikkat \u00e7ekti. Okay \u015f\u00f6yle konu\u015ftu:<\/p>\n<p style=\"text-align: justify;\">\u201cB\u00f6yle bir de\u011fi\u015fiklik yasa tasar\u0131s\u0131nda yer alm\u0131yor. Bu de\u011fi\u015fiklikle a\u00e7\u0131k\u00e7as\u0131 siyasal iktidar Dursun \u00c7i\u00e7ek de\u011fi\u015fikli\u011fi yapmak istiyor. Yap\u0131lmak istenen temelde \u015fu: Ergenekon davas\u0131nda askerleri ki\u015filer zaten yarg\u0131lan\u0131yor. Fakat CMK\u2019n\u0131n 250. maddenin bu f\u0131kras\u0131 oldu\u011fu s\u00fcrece e\u011fer bir su\u00e7 i\u015flenmesinde sadece asker ki\u015filer var, i\u00e7lerinde siviller yoksa o zaman askeri yarg\u0131da yarg\u0131lan\u0131r. Ama bu su\u00e7 iddias\u0131nda asker sivil birlikteyse o zaman \u00f6zel yetkili a\u011f\u0131r ceza mahkemesinde yarg\u0131lanlar. \u2019Hali dahil\u2019 yerine \u2019Halinde\u2019 ibaresini getirerek bunu da gece yar\u0131s\u0131 operasyonunda oldu bittiyle yap\u0131yorsan\u0131z art niyetlisiniz.\u201d<\/p>\n<p style=\"text-align: justify;\">Okay, \u201cGece mahmurlu\u011fu mu vard\u0131?\u201d sorusuna, \u201c\u00d6nergeler gerek\u00e7esiyle verilir. Gerek\u00e7esinin i\u00e7inde \u2019biz Dursun \u00c7i\u00e7ek\u2019i yarg\u0131lamak i\u00e7in b\u00f6yle bir operasyon yap\u0131yoruz\u2019 demiyor. \u0130\u00e7eri\u011fe bakt\u0131\u011f\u0131n\u0131zda, yap\u0131lan de\u011fi\u015fiklikle birlikte bakt\u0131\u011f\u0131n\u0131zda, AB uyum \u00e7er\u00e7evesinde bir de\u011fi\u015fiklik yap\u0131ld\u0131\u011f\u0131n\u0131 g\u00f6r\u00fcyorsunuz\u201d kar\u015f\u0131l\u0131\u011f\u0131n\u0131 verdi.<\/p>\n<p style=\"text-align: justify;\"><strong>MHP: Oy vermedik<\/strong><\/p>\n<p style=\"text-align: justify;\">MHP Grup Ba\u015fkanvekili Mehmet \u015eand\u0131r da, de\u011fi\u015fiklik \u00f6nergelelerinin kendilerine verildi\u011fini, bu de\u011fi\u015fiklik i\u00e7in de \u2018T\u00fcrk\u00e7e d\u00fczeltmesi\u2019 a\u00e7\u0131klamas\u0131n\u0131n yap\u0131ld\u0131\u011f\u0131n\u0131 anlatt\u0131. \u201cHali dahil\u201d yerine \u201cHalinde\u201d ifadesinin sadece bir T\u00fcrk\u00e7e d\u00fczeltmesi olamayaca\u011f\u0131n\u0131 belirterek, \u00f6nergeyi incelemek istediklerini AKP\u2019lilere \u0131srarla vurgulad\u0131klar\u0131n\u0131 anlatan \u015eand\u0131r, \u201cBize g\u00f6sterilmi\u015f olmas\u0131, \u00f6nergeleri tasvip etti\u011fimiz anlam\u0131na gelmez. Bilgimiz olmas\u0131 meselenin vehametini ortadan kald\u0131rmaz. Biz bu \u00f6nergeye de yasaya da \u2019Hay\u0131r\u2019oyu verdik. Sonu\u00e7lar\u0131ndan sorumluluk h\u00fck\u00fcmete aittir\u201d dedi.<\/p>\n<p style=\"text-align: justify;\"><strong>Muhalefetin di\u011fer s\u00f6zc\u00fclerinin tepkileriyse \u015f\u00f6yle:<\/strong><\/p>\n<p style=\"text-align: justify;\"><strong>Mustafa \u00d6zy\u00fcrek (CHP): <\/strong>Son yasalar uzla\u015fma ile g\u00fcndemde uzla\u015fmalar oldu. Muhalefet engelleyici bir tutuma girmedi. Ama AKP g\u00fcvenilmez bir parti oldu\u011funu bunlarla uzla\u015fmamak gerekti\u011fini son olayla ortaya koymu\u015ftur. Tasar\u0131da olmayan bir\u015feyi geceyar\u0131s\u0131 \u00f6nergelerle yasaya yerle\u015ftirdi\u011fi anla\u015f\u0131l\u0131yor. Bu gruplararas\u0131 mutabakata ayk\u0131r\u0131 bir\u015fey. Bir kez daha anlad\u0131k ki, su uyur AKP uyumaz.<\/p>\n<p style=\"text-align: justify;\"><strong>Oktay Vural (MHP):<\/strong> E\u011fer bir d\u00fczenleme yap\u0131lmak isteniyorsa b\u00f6yle son dakika \u00f6nergeleriyle bunlar\u0131n yap\u0131lmas\u0131 y\u00f6ntemini do\u011fru bulmuyoruz. A\u00e7\u0131k \u015feffaf bir sistemle getirilir, herkes oturur konu\u015fur. Son dakika geceyar\u0131s\u0131 geldi\u011fi i\u00e7in \u00fczerinde konu\u015fma imkan\u0131 dahi olmad\u0131. \u015eimdi Anayasaya ayk\u0131r\u0131 bir durum var m\u0131 incelettiriyoruz.<\/p>\n<p style=\"text-align: justify;\"><strong>R\u0131dvan Yal\u00e7\u0131n (MHP): <\/strong>Tasar\u0131n\u0131n t\u00fcm\u00fc \u00fczerinde partim ad\u0131na ben konu\u015ftum. \u00dczerine konu\u015ftu\u011fum tasar\u0131 ile \u00e7\u0131kan kanun bamba\u015fka. Yap\u0131lan i\u015fin do\u011frulu\u011funu yanl\u0131\u015fl\u0131\u011f\u0131n\u0131 tart\u0131\u015fma ba\u015fka bir\u015fey ama bu y\u00f6ntem yanl\u0131\u015f. \u015eu an s\u00fcrd\u00fcr\u00fclen ve g\u00f6zalt\u0131nda tutuklanan insanlar bak\u0131m\u0131ndan, y\u00f6ntemler bak\u0131m\u0131ndan, Genelkurmay Ba\u015fkan\u0131\u2019n\u0131n ifade etti\u011fi askere kar\u015f\u0131 asimetrik psikolojik sava\u015f atmosferinde, b\u00f6yle bir d\u00fczenleme zamanlama bak\u0131m\u0131ndan da hi\u00e7 uygun olmam\u0131\u015ft\u0131r.<\/p>\n<p style=\"text-align: justify;\"><strong>Bozda\u011f: Haberleri var<\/strong><\/p>\n<p style=\"text-align: justify;\">De\u011fi\u015fiklikte imzas\u0131 bulunan AKP Grup Ba\u015fkanvekili Bekir Bozda\u011f ise yap\u0131lacak de\u011fi\u015fikliklerden hem CHP hem de MHP\u2019nin bilgisi bulundu\u011funu iddia etti. Torba yasa g\u00f6r\u00fc\u015fmeleri s\u00fcrerken, saat Adalet Bakan\u0131 Ergin ile birlikte, CHP\u2019li Okay ve MHP\u2019li \u015eand\u0131r ile biraraya geldiklerini belirten Bozda\u011f, \u201cKendilerine \u00f6nerge metinlerini sunup, birlikte okuduk. Ne getirip, g\u00f6t\u00fcrd\u00fc\u011f\u00fcn\u00fc konu\u015ftuk. Kald\u0131 k\u0131, \u00f6nergenin gerek\u00e7esi de \u00e7ok a\u00e7\u0131k. Benden \u00e7ok daha iyi bir hukuk\u00e7u oldu\u011funa inand\u0131\u011f\u0131m Hakk\u0131 S\u00fcha Bey\u2019in, bu de\u011fi\u015fikli\u011fin kapsam\u0131na fark etmemesini m\u00fcmk\u00fcn g\u00f6rmem\u201d dedi.<\/p>\n<p style=\"text-align: justify;\"><strong>Toptan: \u00d6nergeden benim bile haberim yoktu <\/strong><\/p>\n<p style=\"text-align: justify;\">TBMM Ba\u015fkan\u0131 K\u00f6ksal Toptan, gazetecilerin osrusu \u00fczerine TCK ve baz\u0131 kanunlarda yap\u0131lan de\u011fi\u015fikli\u011fin, hem askeri hem de sivil mahkemelerin yetkilerinin geni\u015fletildi\u011fini s\u00f6yledi. S\u00f6z konusu kanunun ayr\u0131nt\u0131lar\u0131n\u0131 bilmedi\u011fini belirten Toptan, \u015f\u00f6yle konu\u015ftu: \u201cMuhtemelen burada da ayn\u0131 \u015fey s\u00f6z konusudur. Say\u0131n Adalet Bakan\u0131 a\u00e7\u0131klamas\u0131nda, \u2019Konu\u015farak bunu yapt\u0131k\u2019diyor. Muhtemelen de \u00f6yledir. Bir sorun oldu\u011funu zannetmiyorum.<\/p>\n<p style=\"text-align: justify;\">O gece mutabakatla g\u00fcndem te\u015fkil edildi. Belki CHP\u2019li arkada\u015flar\u0131n \u00f6nergeden haberi yoktu. Do\u011frusu benim de haberim yoktu. Muhtemelen konu\u015farak yapm\u0131\u015flard\u0131r.\u201d<\/p>\n<p style=\"text-align: justify;\"><strong>Anayasa\u2019ya ayk\u0131r\u0131 iddias\u0131 <\/strong><\/p>\n<p style=\"text-align: justify;\">Hukuk\u00e7ular, TCK\u2019da askeri yarg\u0131n\u0131n yetkisini daraltan d\u00fczenlemenin Anayasa\u2019n\u0131n askeri mahkemelerin yetki alan\u0131n\u0131 tarif eden 145\u2019inci maddesine ayk\u0131r\u0131 oldu\u011fu, ba\u015fvuru yap\u0131lmas\u0131 durumunda Anayasa Mahkemesi\u2019nden d\u00f6nebilece\u011fi yorumunu yap\u0131yor.<\/p>\n<p style=\"text-align: justify;\"><span style=\"color: #888888;\">Kaynak : Vatan<\/span><\/p>\n","protected":false},"excerpt":{"rendered":"<\/p>\n<p style=\"text-align: justify;\">CHP ve MHP, AKP\u2019nin \u00f6nergeyi \u201cimla d\u00fczeltmesi\u201d olarak lanse etti\u011fini savundu. AKP\u2019liler ise \u201cBu t\u00fcm partilerin bilerek isteyerek yapt\u0131\u011f\u0131 bir de\u011fi\u015fikliktir\u201d dedi.<\/p>\n<p style=\"text-align: justify;\">Ceza Muhakemeleri Kanunu\u2019nda askerlerin sivil mahkemelerde yarg\u0131lanmalar\u0131n\u0131n yolunu a\u00e7an geceyar\u0131s\u0131 de\u011fi\u015fikli\u011fi, i\u00e7eri\u011finin yan\u0131s\u0131ra, y\u00f6ntem nedeniyle de iktidar ve muhalefet aras\u0131nda tart\u0131\u015fma konusu oldu.<\/p>\n<p style=\"text-align: justify;\">CHP Grup Ba\u015fkanvekili <\/p>\n","protected":false},"author":1,"featured_media":0,"comment_status":"open","ping_status":"closed","sticky":false,"template":"","format":"standard","meta":{"footnotes":""},"categories":[105],"tags":[],"class_list":["post-10547","post","type-post","status-publish","format-standard","hentry","category-gundem","odd"],"_links":{"self":[{"href":"http:\/\/www.korhanyilmaz.com\/index.php?rest_route=\/wp\/v2\/posts\/10547","targetHints":{"allow":["GET"]}}],"collection":[{"href":"http:\/\/www.korhanyilmaz.com\/index.php?rest_route=\/wp\/v2\/posts"}],"about":[{"href":"http:\/\/www.korhanyilmaz.com\/index.php?rest_route=\/wp\/v2\/types\/post"}],"author":[{"embeddable":true,"href":"http:\/\/www.korhanyilmaz.com\/index.php?rest_route=\/wp\/v2\/users\/1"}],"replies":[{"embeddable":true,"href":"http:\/\/www.korhanyilmaz.com\/index.php?rest_route=%2Fwp%2Fv2%2Fcomments&post=10547"}],"version-history":[{"count":0,"href":"http:\/\/www.korhanyilmaz.com\/index.php?rest_route=\/wp\/v2\/posts\/10547\/revisions"}],"wp:attachment":[{"href":"http:\/\/www.korhanyilmaz.com\/index.php?rest_route=%2Fwp%2Fv2%2Fmedia&parent=10547"}],"wp:term":[{"taxonomy":"category","embeddable":true,"href":"http:\/\/www.korhanyilmaz.com\/index.php?rest_route=%2Fwp%2Fv2%2Fcategories&post=10547"},{"taxonomy":"post_tag","embeddable":true,"href":"http:\/\/www.korhanyilmaz.com\/index.php?rest_route=%2Fwp%2Fv2%2Ftags&post=10547"}],"curies":[{"name":"wp","href":"https:\/\/api.w.org\/{rel}","templated":true}]}}