{"id":10543,"date":"2009-06-27T16:18:41","date_gmt":"2009-06-27T13:18:41","guid":{"rendered":"http:\/\/www.korhanyilmaz.com\/?p=10543"},"modified":"2009-06-27T16:18:41","modified_gmt":"2009-06-27T13:18:41","slug":"saban-disli%e2%80%99ye-9-ay-sonra-iade-i-itibar","status":"publish","type":"post","link":"http:\/\/www.korhanyilmaz.com\/?p=10543","title":{"rendered":"\u015eaban Di\u015fli\u2019ye 9 ay sonra iade-i itibar"},"content":{"rendered":"<p style=\"text-align: center;\"><img loading=\"lazy\" decoding=\"async\" class=\"aligncenter size-full wp-image-10544\" src=\"http:\/\/www.korhanyilmaz.com\/wp-content\/uploads\/2009\/06\/280620090214311147785.jpg\" alt=\"\" width=\"310\" height=\"198\" \/><\/p>\n<p style=\"text-align: justify;\"><strong>Ba\u015fbakan Erdo\u011fan, AKP&#8217;deki g\u00f6revlerinden istifa etmek zorunda kalan \u015eaban Di\u015fli\u2019yi \u201cD\u0131\u015f Ekonomi Dan\u0131\u015fman\u0131\u201d yapt\u0131. <\/strong><\/p>\n<p style=\"text-align: justify;\">ANKARA- Silivri\u2019de bir arsan\u0131n imar plan\u0131 de\u011fi\u015fikli\u011fi kar\u015f\u0131l\u0131\u011f\u0131 1 milyon dolar r\u00fc\u015fvet ald\u0131\u011f\u0131 iddialar\u0131n\u0131n ard\u0131ndan, AKP Genel Ba\u015fkan Yard\u0131mc\u0131l\u0131\u011f\u0131 ve MYK (Merkez Y\u00fcr\u00fctme Kurulu) \u00fcyeli\u011finden istifa etmek zorunda kalan Sakarya Milletvekili \u015eaban Di\u015fli\u2019yi, \u201cD\u0131\u015f Ekonomi Dan\u0131\u015fman\u0131\u201d yapt\u0131. Erdo\u011fan\u2019\u0131n teklifini do\u011frulayan Di\u015fli VATAN\u2019a, \u201cAncak daha resmi bir\u015fey yok. Pazartesi g\u00fcn\u00fc gidip, bakaca\u011f\u0131m\u201d dedi. Di\u015fli, Genel Merkez\u2019de Erdo\u011fan\u2019\u0131n \u201cdan\u0131\u015fman\u0131\u201d s\u0131fat\u0131yla bundan b\u00f6yle, yakla\u015f\u0131k 9 ay \u00f6nce istifa ederek ayr\u0131lmak zorunda kald\u0131\u011f\u0131 MYK\u2019n\u0131n toplant\u0131lar\u0131na girme imkan\u0131na da sahip olacak. Erdo\u011fan\u2019\u0131n son kabine de\u011fi\u015fikli\u011fi ile Bakan yapt\u0131\u011f\u0131 B\u00fclent Ar\u0131n\u00e7 ve \u00d6mer Din\u00e7er, \u201cGenel Ba\u015fkan Dan\u0131\u015fman\u0131\u201d s\u0131fat\u0131yla MYK toplant\u0131lar\u0131na kat\u0131l\u0131yorlard\u0131. <!--more--><\/p>\n<p style=\"text-align: justify;\"><strong>\u2018Ba\u015fbakan bizzat arad\u0131\u2019 <\/strong><\/p>\n<p style=\"text-align: justify;\">Erdo\u011fan\u2019\u0131n, dan\u0131\u015fmanl\u0131k teklifini Di\u015fli\u2019ye telefonda bizzat iletti\u011fi \u00f6\u011frenildi. Yeni g\u00f6reviyle ilgili VATAN\u2019\u0131n sorular\u0131na, detayl\u0131 yan\u0131t vermekten ka\u00e7\u0131nan Di\u015fli, \u201cEvet Ba\u015fbakan beni arad\u0131. Dan\u0131\u015fmanl\u0131k i\u015fi, genel merkez i\u00e7in. \u015eu anda daha resmi bir\u015fey yok. Pazartesi g\u00fcn\u00fc gidip, bakaca\u011f\u0131m\u201d dedi. \u015eaban Di\u015fli, \u201cDan\u0131\u015fman yap\u0131lman\u0131z, iade-i itibar olarak yorumlan\u0131yor? Ne diyorsunuz?\u201d sorusuna da, \u201cKim yorumluyor bunu \u00f6yle bilmiyorum. Araba kullan\u0131yorum sonra konu\u015fal\u0131m\u201d yan\u0131t\u0131n\u0131 vermekle yetindi.<\/p>\n<p style=\"text-align: justify;\"><strong>Ar\u0131n\u00e7 tepki g\u00f6stermi\u015fti <\/strong><\/p>\n<p style=\"text-align: justify;\">Di\u015fli, Silivri\u2019de bir arsan\u0131n imar de\u011fi\u015fikli\u011fi sonras\u0131nda 1 milyon dolar alaca\u011f\u0131n\u0131 h\u00fckme ba\u011flayan protokol metninin kamuoyuna yans\u0131mas\u0131n\u0131n ard\u0131ndan, ba\u015fta B\u00fclent Ar\u0131n\u00e7 olmak \u00fczere partisi i\u00e7inde de sert ele\u015ftirilere hedef olunca, ge\u00e7ti\u011fimiz Eyl\u00fcl ay\u0131nda Ekonomi i\u015flerinden sorumlu Genel Ba\u015fkan Yard\u0131mc\u0131l\u0131\u011f\u0131 ve MYK \u00fcyeli\u011fi olmak \u00fczere, partideki t\u00fcm g\u00f6revlerinden istifa etmi\u015fti.<\/p>\n<p style=\"text-align: justify;\"><strong>Kaynak : Vatan<\/strong><\/p>\n","protected":false},"excerpt":{"rendered":"<p style=\"text-align: center;\">\n<p style=\"text-align: justify;\">Ba\u015fbakan Erdo\u011fan, AKP&#8217;deki g\u00f6revlerinden istifa etmek zorunda kalan \u015eaban Di\u015fli\u2019yi \u201cD\u0131\u015f Ekonomi Dan\u0131\u015fman\u0131\u201d yapt\u0131. <\/p>\n<p style=\"text-align: justify;\">ANKARA- Silivri\u2019de bir arsan\u0131n imar plan\u0131 de\u011fi\u015fikli\u011fi kar\u015f\u0131l\u0131\u011f\u0131 1 milyon dolar r\u00fc\u015fvet ald\u0131\u011f\u0131 iddialar\u0131n\u0131n ard\u0131ndan, AKP Genel Ba\u015fkan Yard\u0131mc\u0131l\u0131\u011f\u0131 ve MYK (Merkez Y\u00fcr\u00fctme Kurulu) \u00fcyeli\u011finden istifa etmek zorunda kalan Sakarya Milletvekili \u015eaban Di\u015fli\u2019yi, <\/p>\n","protected":false},"author":1,"featured_media":0,"comment_status":"open","ping_status":"closed","sticky":false,"template":"","format":"standard","meta":{"footnotes":""},"categories":[105],"tags":[],"class_list":["post-10543","post","type-post","status-publish","format-standard","hentry","category-gundem","odd"],"_links":{"self":[{"href":"http:\/\/www.korhanyilmaz.com\/index.php?rest_route=\/wp\/v2\/posts\/10543","targetHints":{"allow":["GET"]}}],"collection":[{"href":"http:\/\/www.korhanyilmaz.com\/index.php?rest_route=\/wp\/v2\/posts"}],"about":[{"href":"http:\/\/www.korhanyilmaz.com\/index.php?rest_route=\/wp\/v2\/types\/post"}],"author":[{"embeddable":true,"href":"http:\/\/www.korhanyilmaz.com\/index.php?rest_route=\/wp\/v2\/users\/1"}],"replies":[{"embeddable":true,"href":"http:\/\/www.korhanyilmaz.com\/index.php?rest_route=%2Fwp%2Fv2%2Fcomments&post=10543"}],"version-history":[{"count":0,"href":"http:\/\/www.korhanyilmaz.com\/index.php?rest_route=\/wp\/v2\/posts\/10543\/revisions"}],"wp:attachment":[{"href":"http:\/\/www.korhanyilmaz.com\/index.php?rest_route=%2Fwp%2Fv2%2Fmedia&parent=10543"}],"wp:term":[{"taxonomy":"category","embeddable":true,"href":"http:\/\/www.korhanyilmaz.com\/index.php?rest_route=%2Fwp%2Fv2%2Fcategories&post=10543"},{"taxonomy":"post_tag","embeddable":true,"href":"http:\/\/www.korhanyilmaz.com\/index.php?rest_route=%2Fwp%2Fv2%2Ftags&post=10543"}],"curies":[{"name":"wp","href":"https:\/\/api.w.org\/{rel}","templated":true}]}}