{"id":10534,"date":"2009-06-27T04:10:11","date_gmt":"2009-06-27T01:10:11","guid":{"rendered":"http:\/\/www.korhanyilmaz.com\/?p=10534"},"modified":"2009-06-27T04:10:11","modified_gmt":"2009-06-27T01:10:11","slug":"sanayi-iscisi-yoksullasti","status":"publish","type":"post","link":"http:\/\/www.korhanyilmaz.com\/?p=10534","title":{"rendered":"Sanayi \u0130\u015f\u00e7isi Yoksulla\u015ft\u0131"},"content":{"rendered":"<p style=\"text-align: center;\"><img loading=\"lazy\" decoding=\"async\" class=\"aligncenter size-full wp-image-10535\" src=\"http:\/\/www.korhanyilmaz.com\/wp-content\/uploads\/2009\/06\/worker_1246065078.jpg\" alt=\"\" width=\"240\" height=\"184\" \/><\/p>\n<p style=\"text-align: justify;\">Bah\u00e7e\u015fehir \u00dcniversitesi Ekonomik ve Toplumsal Ara\u015ft\u0131rmalar Merkezi (BETAM), sanayi i\u015f\u00e7ilerinin \u00fccretlerinde y\u00fczde 8,5\u2019lik bir azalma oldu\u011funu a\u00e7\u0131klad\u0131.<br \/>\nBETAM, \u2018Sanayide \u00dccretler D\u00fc\u015f\u00fcyor\u2019 ba\u015fl\u0131kl\u0131 bir \u00e7al\u0131\u015fma yay\u0131mlad\u0131.<br \/>\n\u00c7al\u0131\u015fmada yer alan verilere g\u00f6re 2008\u2019in 4. \u00e7eyre\u011finden 2009\u2019un 1. \u00e7eyre\u011fine ge\u00e7erken sanayide br\u00fct maa\u015f endeksi nominal olarak y\u00fczde 8,5 d\u00fc\u015fm\u00fc\u015f bulunuyor.<br \/>\n\u00c7al\u0131\u015fmada, \u00fccretlerin y\u00fczde 7 civar\u0131ndaki d\u00fc\u015f\u00fck say\u0131lmayacak bir enflasyona ra\u011fmen nominal olarak gerilemesine dikkat \u00e7ekildi.<br \/>\n\u00c7al\u0131\u015fmada; \u201cKrizle birlikte hem nominal hem de reel olarak d\u00fc\u015fen \u00fccretler yoksullu\u011fu art\u0131r\u0131c\u0131 bir etkiye sahip. Y\u00fckselmeye devam edecek olan i\u015fsizli\u011fin \u00fccretlerin \u00fczerindeki bask\u0131y\u0131 art\u0131rmas\u0131 ka\u00e7\u0131n\u0131lmaz. D\u00fc\u015fen sat\u0131n alma g\u00fcc\u00fc nedeniyle \u00f6zel t\u00fcketim de ka\u00e7\u0131n\u0131lmaz olarak olumsuz olarak etkilenecek ve krizden \u00e7\u0131k\u0131\u015f\u0131 yava\u015flat\u0131c\u0131 bir rol oynayacakt\u0131r\u201d denildi. <!--more--><\/p>\n<p style=\"text-align: justify;\"><strong>\u0130\u015eS\u0130ZL\u0130K D\u00dc\u015e\u00dcK \u00dcCRETE RAZI ED\u0130YOR<br \/>\n<\/strong>Artan i\u015fsizlikle birlikte \u00e7al\u0131\u015fanlar\u0131n i\u015fsiz kalma riskini azaltmak i\u00e7in daha d\u00fc\u015f\u00fck \u00fccretlere raz\u0131 olduklar\u0131n\u0131n belirtildi\u011fi \u00e7al\u0131\u015fmada, \u201cT\u00fcrkiye ekonomisinde \u00fccretlerin a\u015fa\u011f\u0131 y\u00f6nl\u00fc esnekli\u011finin i\u015fsizlik bask\u0131s\u0131yla ger\u00e7ekle\u015fmesi yeni de\u011fil. 2001 krizinde de benzer bir geli\u015fme ya\u015fanm\u0131\u015ft\u0131.<br \/>\nAncak bu kez \u00fccretlerin y\u00fczde 7 civar\u0131ndaki d\u00fc\u015f\u00fck say\u0131lmayacak bir enflasyona ra\u011fmen nominal olarak gerilemesi kayda de\u011fer. Nominal \u00fccret deflasyonu gev\u015fek para politikas\u0131n\u0131 do\u011frular nitelikte\u201d denildi.<br \/>\n\u00c7al\u0131\u015fmada ayr\u0131ca \u015f\u00f6yle bir de\u011ferlendirme yer ald\u0131; \u201cReel \u00fccretlerin bir y\u0131l i\u00e7inde ortalama y\u00fczde 10\u2019un \u00fczerinde gerilemesi toplumun geni\u015f bir kesiminde sat\u0131n alma g\u00fcc\u00fcn\u00fcn \u00f6nemli \u00f6l\u00e7\u00fcde erozyona u\u011frad\u0131\u011f\u0131n\u0131 ispatl\u0131yor.\u201c\n<\/p>\n<p style=\"text-align: justify;\"><span style=\"color: #888888;\">Kaynak : BirG\u00fcn<\/span><\/p>\n","protected":false},"excerpt":{"rendered":"<p style=\"text-align: center;\">\n<p style=\"text-align: justify;\">Bah\u00e7e\u015fehir \u00dcniversitesi Ekonomik ve Toplumsal Ara\u015ft\u0131rmalar Merkezi (BETAM), sanayi i\u015f\u00e7ilerinin \u00fccretlerinde y\u00fczde 8,5\u2019lik bir azalma oldu\u011funu a\u00e7\u0131klad\u0131. BETAM, \u2018Sanayide \u00dccretler D\u00fc\u015f\u00fcyor\u2019 ba\u015fl\u0131kl\u0131 bir \u00e7al\u0131\u015fma yay\u0131mlad\u0131. \u00c7al\u0131\u015fmada yer alan verilere g\u00f6re 2008\u2019in 4. \u00e7eyre\u011finden 2009\u2019un 1. \u00e7eyre\u011fine ge\u00e7erken sanayide br\u00fct maa\u015f endeksi nominal olarak y\u00fczde 8,5 d\u00fc\u015fm\u00fc\u015f bulunuyor. \u00c7al\u0131\u015fmada, \u00fccretlerin y\u00fczde <\/p>\n","protected":false},"author":1,"featured_media":0,"comment_status":"open","ping_status":"closed","sticky":false,"template":"","format":"standard","meta":{"footnotes":""},"categories":[7],"tags":[],"class_list":["post-10534","post","type-post","status-publish","format-standard","hentry","category-ekonomi","odd"],"_links":{"self":[{"href":"http:\/\/www.korhanyilmaz.com\/index.php?rest_route=\/wp\/v2\/posts\/10534","targetHints":{"allow":["GET"]}}],"collection":[{"href":"http:\/\/www.korhanyilmaz.com\/index.php?rest_route=\/wp\/v2\/posts"}],"about":[{"href":"http:\/\/www.korhanyilmaz.com\/index.php?rest_route=\/wp\/v2\/types\/post"}],"author":[{"embeddable":true,"href":"http:\/\/www.korhanyilmaz.com\/index.php?rest_route=\/wp\/v2\/users\/1"}],"replies":[{"embeddable":true,"href":"http:\/\/www.korhanyilmaz.com\/index.php?rest_route=%2Fwp%2Fv2%2Fcomments&post=10534"}],"version-history":[{"count":0,"href":"http:\/\/www.korhanyilmaz.com\/index.php?rest_route=\/wp\/v2\/posts\/10534\/revisions"}],"wp:attachment":[{"href":"http:\/\/www.korhanyilmaz.com\/index.php?rest_route=%2Fwp%2Fv2%2Fmedia&parent=10534"}],"wp:term":[{"taxonomy":"category","embeddable":true,"href":"http:\/\/www.korhanyilmaz.com\/index.php?rest_route=%2Fwp%2Fv2%2Fcategories&post=10534"},{"taxonomy":"post_tag","embeddable":true,"href":"http:\/\/www.korhanyilmaz.com\/index.php?rest_route=%2Fwp%2Fv2%2Ftags&post=10534"}],"curies":[{"name":"wp","href":"https:\/\/api.w.org\/{rel}","templated":true}]}}