{"id":10530,"date":"2009-06-27T05:06:08","date_gmt":"2009-06-27T02:06:08","guid":{"rendered":"http:\/\/www.korhanyilmaz.com\/?p=10530"},"modified":"2009-06-27T05:06:08","modified_gmt":"2009-06-27T02:06:08","slug":"yedi-santimle-memur-olamadi","status":"publish","type":"post","link":"http:\/\/www.korhanyilmaz.com\/?p=10530","title":{"rendered":"Yedi Santimle Memur Olamad\u0131."},"content":{"rendered":"<p style=\"text-align: center;\"><img loading=\"lazy\" decoding=\"async\" class=\"aligncenter size-full wp-image-10531\" src=\"http:\/\/www.korhanyilmaz.com\/wp-content\/uploads\/2009\/06\/actuel_1246065878.jpg\" alt=\"\" width=\"270\" height=\"207\" \/><\/p>\n<div id=\"news_content\" style=\"margin: 10px 3px 2px 10px;\">\n<p style=\"text-align: justify;\">Boyu, y\u00f6netmelikte belirtilen s\u0131n\u0131r\u0131n alt\u0131nda oldu\u011fu i\u00e7in Jandarma Genel Komutanl\u0131\u011f\u0131\u2019nda memur olamayan kad\u0131n Dan\u0131\u015ftay\u2019da dava a\u00e7t\u0131<br \/>\nBoyu, T\u00fcrk Silahl\u0131 Kuvvetleri Sa\u011fl\u0131k Yetene\u011fi Y\u00f6netmeli\u011fi\u2019nde belirlenenden daha k\u0131sa oldu\u011fu gerek\u00e7esiyle Jandarma Genel Komutanl\u0131\u011f\u0131\u2019nda sivil memur olamayan kad\u0131n, y\u00f6netmeli\u011fin ilgili maddesinin iptal edilmesi ve kendisine manevi tazminat \u00f6denmesi i\u00e7in Dan\u0131\u015ftay\u2019da dava a\u00e7t\u0131.<br \/>\nDavac\u0131 kad\u0131n, Jandarma Genel Komutanl\u0131\u011f\u0131 ile ba\u011fl\u0131 birlik ve kurumlarda sivil memur olabilmek i\u00e7in yakla\u015f\u0131k bir y\u0131l \u00f6nce ba\u015fvuruda bulundu. Boyu 1.57 cm olan ve ba\u015fvuruda bulundu\u011fu s\u0131rada, y\u00f6netmelikte sivil memur olabilmek i\u00e7in gereken boy \u015fart\u0131n\u0131 ta\u015f\u0131yan kad\u0131n\u0131n i\u015flemleri s\u00fcrerken, y\u00f6netmelikteki boy \u015fart\u0131 1.50 cm\u2019den 1.64 cm\u2019ye y\u00fckseltildi. Bu sebeple i\u015flemleri durdurulan kad\u0131n, avukat\u0131 Kemal Vuraldo\u011fan arac\u0131l\u0131\u011f\u0131yla Dan\u0131\u015ftay\u2019da dava a\u00e7arak, atanmas\u0131na y\u00f6nelik i\u015flemlerin durdurulmas\u0131 ile y\u00f6netmelikteki boy ve kiloya ili\u015fkin oranlar\u0131 g\u00f6steren nomogram\u0131n y\u00fcr\u00fctmesinin durdurulmas\u0131n\u0131 ve iptalini istedi.<!--more--><\/p>\n<p style=\"text-align: justify;\"><strong>BOY DE\u011e\u0130L, RUH SA\u011eLI\u011eI GEREK<\/strong><br \/>\nKad\u0131n, \u201cya\u015fad\u0131\u011f\u0131 elem ve \u0131st\u0131rap nedeniyle 5 bin TL manevi tazminat ile \u2018askeri memur olur\u2019 raporu ald\u0131\u011f\u0131 18 Temmuz 2008\u2019den itibaren yoksun kald\u0131\u011f\u0131 maa\u015f ve \u00f6zl\u00fck haklar\u0131n\u0131\u201d da talep etti. Kad\u0131n\u0131n avukat\u0131nca haz\u0131rlanan dava dilek\u00e7esinde, Anayasa\u2019n\u0131n 70. maddesine g\u00f6re, kamu hizmetine al\u0131nmada, g\u00f6revin gerektirdi\u011fi niteliklerden ba\u015fka hi\u00e7bir ayr\u0131m\u0131n g\u00f6zetilemeyece\u011fi, yine Anayasa\u2019daki adalet ve sosyal devlet ilkelerinin, en ma\u011fdurun, zay\u0131f\u0131n ve e\u015fitsizin korunmas\u0131n\u0131 \u00f6ng\u00f6rd\u00fc\u011f\u00fc ifade edildi.<br \/>\nKad\u0131n\u0131n, veri haz\u0131rlama kontrol i\u015fletmeni kadrosuna ba\u015fvurdu\u011fu belirtilen dilek\u00e7ede, \u015fu g\u00f6r\u00fc\u015flere yer verildi: \u201cVeri Giri\u015f ve Kontrol \u0130\u015fletmeni, bilgisayara veri giri\u015fi ve kontrol i\u015flemlerini, kendi ba\u015f\u0131na ve belirli bir s\u00fcre i\u00e7inde yapma bilgi ve becerisine sahip nitelikte ki\u015fi olarak tan\u0131mlanmaktad\u0131r. Bu hizmetin gerektirdi\u011fi nitelikler, aday\u0131n en az bir g\u00f6z\u00fcn\u00fcn, 10 el parma\u011f\u0131n\u0131n ve ruh sa\u011fl\u0131\u011f\u0131n\u0131n yerinde olmas\u0131d\u0131r. Bu \u00e7er\u00e7evede g\u00f6revin nitelikleri (\u015fof\u00f6rl\u00fck gibi) gerektirmedik\u00e7e, kamu g\u00f6revine al\u0131nmada boy s\u0131n\u0131r\u0131 getirilmesi m\u00fcmk\u00fcn de\u011fildir.\u201d\n<\/p>\n<p style=\"text-align: justify;\"><span style=\"color: #888888;\">Kaynak : BirG\u00fcn<\/span><\/p>\n<\/div>\n","protected":false},"excerpt":{"rendered":"<p style=\"text-align: center;\">\n<p style=\"text-align: justify;\">Boyu, y\u00f6netmelikte belirtilen s\u0131n\u0131r\u0131n alt\u0131nda oldu\u011fu i\u00e7in Jandarma Genel Komutanl\u0131\u011f\u0131\u2019nda memur olamayan kad\u0131n Dan\u0131\u015ftay\u2019da dava a\u00e7t\u0131 Boyu, T\u00fcrk Silahl\u0131 Kuvvetleri Sa\u011fl\u0131k Yetene\u011fi Y\u00f6netmeli\u011fi\u2019nde belirlenenden daha k\u0131sa oldu\u011fu gerek\u00e7esiyle Jandarma Genel Komutanl\u0131\u011f\u0131\u2019nda sivil memur olamayan kad\u0131n, y\u00f6netmeli\u011fin ilgili maddesinin iptal edilmesi ve kendisine manevi tazminat \u00f6denmesi i\u00e7in Dan\u0131\u015ftay\u2019da dava a\u00e7t\u0131. Davac\u0131 <\/p>\n","protected":false},"author":1,"featured_media":0,"comment_status":"open","ping_status":"closed","sticky":false,"template":"","format":"standard","meta":{"footnotes":""},"categories":[7],"tags":[],"class_list":["post-10530","post","type-post","status-publish","format-standard","hentry","category-ekonomi","odd"],"_links":{"self":[{"href":"http:\/\/www.korhanyilmaz.com\/index.php?rest_route=\/wp\/v2\/posts\/10530","targetHints":{"allow":["GET"]}}],"collection":[{"href":"http:\/\/www.korhanyilmaz.com\/index.php?rest_route=\/wp\/v2\/posts"}],"about":[{"href":"http:\/\/www.korhanyilmaz.com\/index.php?rest_route=\/wp\/v2\/types\/post"}],"author":[{"embeddable":true,"href":"http:\/\/www.korhanyilmaz.com\/index.php?rest_route=\/wp\/v2\/users\/1"}],"replies":[{"embeddable":true,"href":"http:\/\/www.korhanyilmaz.com\/index.php?rest_route=%2Fwp%2Fv2%2Fcomments&post=10530"}],"version-history":[{"count":0,"href":"http:\/\/www.korhanyilmaz.com\/index.php?rest_route=\/wp\/v2\/posts\/10530\/revisions"}],"wp:attachment":[{"href":"http:\/\/www.korhanyilmaz.com\/index.php?rest_route=%2Fwp%2Fv2%2Fmedia&parent=10530"}],"wp:term":[{"taxonomy":"category","embeddable":true,"href":"http:\/\/www.korhanyilmaz.com\/index.php?rest_route=%2Fwp%2Fv2%2Fcategories&post=10530"},{"taxonomy":"post_tag","embeddable":true,"href":"http:\/\/www.korhanyilmaz.com\/index.php?rest_route=%2Fwp%2Fv2%2Ftags&post=10530"}],"curies":[{"name":"wp","href":"https:\/\/api.w.org\/{rel}","templated":true}]}}