{"id":1053,"date":"2008-08-31T15:21:16","date_gmt":"2008-08-31T12:21:16","guid":{"rendered":"http:\/\/www.korhanyilmaz.com\/?p=1053"},"modified":"2008-08-31T15:21:16","modified_gmt":"2008-08-31T12:21:16","slug":"necati-ates-real-sociedadta","status":"publish","type":"post","link":"http:\/\/www.korhanyilmaz.com\/?p=1053","title":{"rendered":"Necati Ate\u015f Real Sociedad&#8217;ta"},"content":{"rendered":"<p style=\"text-align: center;\"><img loading=\"lazy\" decoding=\"async\" class=\"size-full wp-image-1054 aligncenter\" src=\"http:\/\/www.korhanyilmaz.com\/wp-content\/uploads\/2008\/08\/310820081515171030130_2.jpg\" alt=\"\" width=\"356\" height=\"188\" \/><\/p>\n<p style=\"text-align: justify;\">\n<p style=\"text-align: justify;\">Ispanya 2. Futbol Ligi tak\u0131mlar\u0131ndan Real Sociedad, Galatasaray&#8217;\u0131n eski forveti Necati Ate\u015f ile anla\u015ft\u0131.<\/p>\n<p style=\"text-align: justify;\">San Sebastian kentine bug\u00fcn gelece\u011fi belirtilen Necati&#8217;nin sa\u011fl\u0131k kontrol\u00fcnden ge\u00e7tikten sonra Real Sociedad ile s\u00f6zle\u015fme imzalanaca\u011f\u0131 a\u00e7\u0131kland\u0131.<\/p>\n<p style=\"text-align: justify;\">Gelecek sezon 1. lige y\u00fckselmeyi hedefleyen Real Sociedad, Necati Ate\u015f d\u0131\u015f\u0131nda Frans\u0131z Sochaux tak\u0131m\u0131nda oynayan Senegalli defans oyuncusu Boukary Drame&#8217;yi de bug\u00fcn renklerine ba\u011flayacak.<\/p>\n<p style=\"text-align: justify;\">Ge\u00e7mi\u015fte kadrosunda Nihat Kahveci, Tayfun Korkut ve Arif Erdem&#8217;i bulunduran Real Sociedad, 4. kez kadrosunda T\u00fcrk futbolcu oynatacak.<\/p>\n<p style=\"text-align: justify;\"><span style=\"color: #888888;\">Kaynak : Vatan Gazetesi<\/span><\/p>\n","protected":false},"excerpt":{"rendered":"<p style=\"text-align: center;\">\n<p style=\"text-align: justify;\">\n<p style=\"text-align: justify;\">Ispanya 2. Futbol Ligi tak\u0131mlar\u0131ndan Real Sociedad, Galatasaray&#8217;\u0131n eski forveti Necati Ate\u015f ile anla\u015ft\u0131.<\/p>\n<p style=\"text-align: justify;\">San Sebastian kentine bug\u00fcn gelece\u011fi belirtilen Necati&#8217;nin sa\u011fl\u0131k kontrol\u00fcnden ge\u00e7tikten sonra Real Sociedad ile s\u00f6zle\u015fme imzalanaca\u011f\u0131 a\u00e7\u0131kland\u0131.<\/p>\n<p style=\"text-align: justify;\">Gelecek sezon 1. lige y\u00fckselmeyi hedefleyen Real Sociedad, Necati Ate\u015f d\u0131\u015f\u0131nda Frans\u0131z <\/p>\n","protected":false},"author":1,"featured_media":0,"comment_status":"open","ping_status":"open","sticky":false,"template":"","format":"standard","meta":{"footnotes":""},"categories":[42],"tags":[],"class_list":["post-1053","post","type-post","status-publish","format-standard","hentry","category-spor","odd"],"_links":{"self":[{"href":"http:\/\/www.korhanyilmaz.com\/index.php?rest_route=\/wp\/v2\/posts\/1053","targetHints":{"allow":["GET"]}}],"collection":[{"href":"http:\/\/www.korhanyilmaz.com\/index.php?rest_route=\/wp\/v2\/posts"}],"about":[{"href":"http:\/\/www.korhanyilmaz.com\/index.php?rest_route=\/wp\/v2\/types\/post"}],"author":[{"embeddable":true,"href":"http:\/\/www.korhanyilmaz.com\/index.php?rest_route=\/wp\/v2\/users\/1"}],"replies":[{"embeddable":true,"href":"http:\/\/www.korhanyilmaz.com\/index.php?rest_route=%2Fwp%2Fv2%2Fcomments&post=1053"}],"version-history":[{"count":0,"href":"http:\/\/www.korhanyilmaz.com\/index.php?rest_route=\/wp\/v2\/posts\/1053\/revisions"}],"wp:attachment":[{"href":"http:\/\/www.korhanyilmaz.com\/index.php?rest_route=%2Fwp%2Fv2%2Fmedia&parent=1053"}],"wp:term":[{"taxonomy":"category","embeddable":true,"href":"http:\/\/www.korhanyilmaz.com\/index.php?rest_route=%2Fwp%2Fv2%2Fcategories&post=1053"},{"taxonomy":"post_tag","embeddable":true,"href":"http:\/\/www.korhanyilmaz.com\/index.php?rest_route=%2Fwp%2Fv2%2Ftags&post=1053"}],"curies":[{"name":"wp","href":"https:\/\/api.w.org\/{rel}","templated":true}]}}