{"id":10525,"date":"2009-06-27T05:59:05","date_gmt":"2009-06-27T02:59:05","guid":{"rendered":"http:\/\/www.korhanyilmaz.com\/?p=10525"},"modified":"2009-06-27T05:59:05","modified_gmt":"2009-06-27T02:59:05","slug":"yarbay-donmez-muhimmati-polis-gomdu","status":"publish","type":"post","link":"http:\/\/www.korhanyilmaz.com\/?p=10525","title":{"rendered":"Yarbay D\u00f6nmez : &quot; M\u00fchimmat\u0131 Polis G\u00f6md\u00fc &quot;"},"content":{"rendered":"<p style=\"text-align: center;\"><img loading=\"lazy\" decoding=\"async\" class=\"aligncenter size-full wp-image-10526\" src=\"http:\/\/www.korhanyilmaz.com\/wp-content\/uploads\/2009\/06\/actuel_1246067445.jpg\" alt=\"\" width=\"240\" height=\"184\" \/><\/p>\n<p style=\"text-align: justify;\">Zir Vadisi\u2019nde yap\u0131lan kaz\u0131da bulunan \u00e7ok say\u0131da silah ve el bombas\u0131ndan sorumlu oldu\u011fu d\u00fc\u015f\u00fcn\u00fclen Yarbay Mustafa D\u00f6nmez, m\u00fchimmat\u0131 polisin g\u00f6md\u00fc\u011f\u00fcn\u00fc savunarak &#8220;Bu bir polis komplosudur&#8221; dedi.<br \/>\nEvinde ve Ankara Zir Vadisi&#8217;nde bulunan \u00e7ok say\u0131da bombadan sorumlu tutulan ve Ergenekon soru\u015fturmas\u0131 kapsam\u0131nda tutuklanan Yarbay Mustafa D\u00f6nmez, Genelkurmay Ba\u015fkanl\u0131\u011f\u0131 Askeri Mahkemesi&#8217;nde bug\u00fcn hakim kar\u015f\u0131s\u0131na \u00e7\u0131kt\u0131.<br \/>\nSu\u00e7lamalar\u0131 kabul etmeyen ve bir komplo ile kar\u015f\u0131 kar\u015f\u0131ya oldu\u011funu savunan Yarbay D\u00f6nmez, &#8220;Arama tutanaklar\u0131nda aramay\u0131 Merkez Komutanl\u0131\u011f\u0131&#8217;n\u0131n g\u00f6revlilerinin yapt\u0131\u011f\u0131 belirtilmi\u015ftir ancak arama s\u0131ras\u0131nda polisler bulunmu\u015ftur, ger\u00e7ekte aramay\u0131 polisler yapm\u0131\u015ft\u0131r. Aramalar s\u0131ras\u0131nda bana ait oldu\u011fu iddia edilen ajandada yer alan kroki dayanak g\u00f6sterilerek Zir Vadisi&#8217;nde arama yap\u0131lm\u0131\u015ft\u0131r. <!--more-->Bu ajanda bana aittir ancak kroki kesinlikle bana ait de\u011fildir. Ajanda i\u00e7indeki A4 ka\u011f\u0131tlar\u0131 da bana ait de\u011fildir. Bu ka\u011f\u0131tlarda Ba\u015fbakan&#8217;a suikast planlar\u0131 oldu\u011fu da s\u00f6ylenmektedir&#8221; diye konu\u015ftu.<br \/>\nEvinde kendisine ait yakla\u015f\u0131k 1000&#8217;e yak\u0131n kitap bulundu\u011funu, aramada kitaplar i\u00e7erisinden 5-6 tane ajanda al\u0131nd\u0131\u011f\u0131n\u0131 ve bu ajandalardan birinin i\u00e7inde bulundu\u011fu belirtilen krokiye g\u00f6re arama yap\u0131ld\u0131\u011f\u0131n\u0131n s\u00f6ylendi\u011fini vurgulayan D\u00f6nmez, ajanda bulunduktan yakla\u015f\u0131k 6 g\u00fcn sonra krokiye istinaden arama yap\u0131ld\u0131\u011f\u0131n\u0131 ve 6 g\u00fcn boyunca beklendi\u011fini s\u00f6yledi.<br \/>\nYarbay D\u00f6nmez, &#8220;Zir Vadisi&#8217;nde krokiye dayanarak yap\u0131lan aramada bulunan b\u00fct\u00fcn malzemelerin, polis taraf\u0131ndan oraya konuldu\u011funu d\u00fc\u015f\u00fcn\u00fcyorum&#8221; dedi.<br \/>\nD\u00f6nmez, Ergenekon soru\u015fturmas\u0131n\u0131n d\u00fc\u011f\u00fcm\u00fcn\u00fc Zir Vadisi\u2019ndeki kaz\u0131n\u0131n \u00e7\u00f6zece\u011fini s\u00f6yledi.<br \/>\nAjandas\u0131nda bulundu\u011fu iddia edilen krokiye ili\u015fkin incelemelerin tam olarak yap\u0131lmad\u0131\u011f\u0131n\u0131 ileri s\u00fcren D\u00f6nmez, &#8220;Dursun \u00c7i\u00e7ek Albay&#8217;a g\u00f6sterilen \u00f6zen burada g\u00f6sterilmemi\u015ftir. Krokinin bana ait olup olmad\u0131\u011f\u0131 hususunda Adli T\u0131p&#8217;tan ve di\u011fer bu i\u015fle ilgili kurumlardan gerekli g\u00f6r\u00fc\u015fler al\u0131nmam\u0131\u015ft\u0131r. Krokide yazan t\u00fcm yaz\u0131 ve \u00e7izimler bana ait de\u011fildir. Kroki benim yaz\u0131ma ve yaz\u0131 karakterime benzetilmek suretiyle \u00e7izilmi\u015ftir. Kanaatime g\u00f6re polis iz b\u0131rakm\u0131\u015ft\u0131r&#8221; diye konu\u015ftu.<br \/>\nYarbay D\u00f6nmez, &#8220;D\u0131\u015far\u0131da bir malzeme var diye, askeri e\u015fyay\u0131 gizliyorsunuz diyemezsiniz. Olay d\u00fczmece, silah ve m\u00fchimmat da bana ait de\u011fil&#8221; dedi.<br \/>\nKendisine ait oldu\u011fu iddia edilen kroki ile eski \u00d6zel Harekat Daire Ba\u015fkan\u0131 \u0130brahim \u015eahin&#8217;de bulundu\u011fu iddia edilen kroki aras\u0131nda bir benzerlik olaca\u011f\u0131n\u0131 ileri s\u00fcren D\u00f6nmez, &#8220;Ayn\u0131 ki\u015filer taraf\u0131ndan d\u00fczenlenmi\u015f olabilir. Kroki i\u00e7erisinde \u00e7eli\u015fkiler de vard\u0131r&#8221; diye konu\u015ftu.<br \/>\nYarbay Mustafa D\u00f6nmez&#8217;in, askeri malzemeyi saklamak ve firar su\u00e7undan 12 y\u0131la kadar hapsi isteniyor.<br \/>\n\u0130ddianamede, Zir Vadisi\u2019ndeki m\u00fchimmat\u0131n yerini g\u00f6steren krokinin D\u00f6nmez&#8217;e ait oldu\u011fu\u00a0 belirtiliyor.\n<\/p>\n<p style=\"text-align: justify;\"><span style=\"color: #888888;\">Kaynak : BirG\u00fcn<\/span><\/p>\n","protected":false},"excerpt":{"rendered":"<p style=\"text-align: center;\">\n<p style=\"text-align: justify;\">Zir Vadisi\u2019nde yap\u0131lan kaz\u0131da bulunan \u00e7ok say\u0131da silah ve el bombas\u0131ndan sorumlu oldu\u011fu d\u00fc\u015f\u00fcn\u00fclen Yarbay Mustafa D\u00f6nmez, m\u00fchimmat\u0131 polisin g\u00f6md\u00fc\u011f\u00fcn\u00fc savunarak &#8220;Bu bir polis komplosudur&#8221; dedi. Evinde ve Ankara Zir Vadisi&#8217;nde bulunan \u00e7ok say\u0131da bombadan sorumlu tutulan ve Ergenekon soru\u015fturmas\u0131 kapsam\u0131nda tutuklanan Yarbay Mustafa D\u00f6nmez, Genelkurmay Ba\u015fkanl\u0131\u011f\u0131 Askeri Mahkemesi&#8217;nde bug\u00fcn <\/p>\n","protected":false},"author":1,"featured_media":0,"comment_status":"open","ping_status":"closed","sticky":false,"template":"","format":"standard","meta":{"footnotes":""},"categories":[105],"tags":[],"class_list":["post-10525","post","type-post","status-publish","format-standard","hentry","category-gundem","odd"],"_links":{"self":[{"href":"http:\/\/www.korhanyilmaz.com\/index.php?rest_route=\/wp\/v2\/posts\/10525","targetHints":{"allow":["GET"]}}],"collection":[{"href":"http:\/\/www.korhanyilmaz.com\/index.php?rest_route=\/wp\/v2\/posts"}],"about":[{"href":"http:\/\/www.korhanyilmaz.com\/index.php?rest_route=\/wp\/v2\/types\/post"}],"author":[{"embeddable":true,"href":"http:\/\/www.korhanyilmaz.com\/index.php?rest_route=\/wp\/v2\/users\/1"}],"replies":[{"embeddable":true,"href":"http:\/\/www.korhanyilmaz.com\/index.php?rest_route=%2Fwp%2Fv2%2Fcomments&post=10525"}],"version-history":[{"count":0,"href":"http:\/\/www.korhanyilmaz.com\/index.php?rest_route=\/wp\/v2\/posts\/10525\/revisions"}],"wp:attachment":[{"href":"http:\/\/www.korhanyilmaz.com\/index.php?rest_route=%2Fwp%2Fv2%2Fmedia&parent=10525"}],"wp:term":[{"taxonomy":"category","embeddable":true,"href":"http:\/\/www.korhanyilmaz.com\/index.php?rest_route=%2Fwp%2Fv2%2Fcategories&post=10525"},{"taxonomy":"post_tag","embeddable":true,"href":"http:\/\/www.korhanyilmaz.com\/index.php?rest_route=%2Fwp%2Fv2%2Ftags&post=10525"}],"curies":[{"name":"wp","href":"https:\/\/api.w.org\/{rel}","templated":true}]}}