{"id":10520,"date":"2009-06-27T07:55:54","date_gmt":"2009-06-27T04:55:54","guid":{"rendered":"http:\/\/www.korhanyilmaz.com\/?p=10520"},"modified":"2009-06-27T07:55:54","modified_gmt":"2009-06-27T04:55:54","slug":"%e2%80%98kagit%e2%80%99-uzerinden-kaplanlar-savasi","status":"publish","type":"post","link":"http:\/\/www.korhanyilmaz.com\/?p=10520","title":{"rendered":"\u2018KA\u011eIT\u2019 \u00dczerinden Kaplanlar Sava\u015f\u0131"},"content":{"rendered":"<p style=\"text-align: center;\"><img loading=\"lazy\" decoding=\"async\" class=\"aligncenter size-full wp-image-10521\" src=\"http:\/\/www.korhanyilmaz.com\/wp-content\/uploads\/2009\/06\/actuel_1246067280.jpg\" alt=\"\" width=\"288\" height=\"190\" \/><\/p>\n<div id=\"news_content\" style=\"margin: 10px 3px 2px 10px;\">\n<p style=\"text-align: justify;\">T\u00fcrkiye\u2019yi me\u015fgul eden \u2018belge sava\u015f\u0131\u2019 \u015fiddetlenerek s\u00fcr\u00fcyor. Orgeneral Ba\u015fbu\u011f, \u2018belge\u2019ye \u2018K\u00e2\u011f\u0131t par\u00e7as\u0131\u2019 derken, Erdo\u011fan \u2018Ger\u00e7ek mi sahte mi yak\u0131nda g\u00f6rece\u011fiz\u2019 dedi<\/p>\n<p style=\"text-align: justify;\"><strong>BA\u015eBU\u011e\u2019UN TEM\u0130NATINI KABUL ETMED\u0130<\/strong><br \/>\nBa\u015fbu\u011f\u2019un a\u00e7\u0131klamas\u0131na Ba\u015fbakan Recep Tayyip Erdo\u011fan\u2019\u0131n yan\u0131t\u0131 gecikmedi. Ba\u015fbu\u011f\u2019un belgeyi sahte ve \u2018ka\u011f\u0131t par\u00e7as\u0131\u2019 olarak de\u011ferlendirmesinin \u00fczerine Erdo\u011fan, Ba\u015fbu\u011f\u2019un yapt\u0131\u011f\u0131 a\u00e7\u0131klamalar\u0131 yetersiz buldu. Erdo\u011fan konuyla ilgili \u201cFotokopi bile olsa partim hakk\u0131nda bir plan\u0131n varl\u0131\u011f\u0131 iddias\u0131 var. Bu k\u00e2\u011f\u0131t m\u0131d\u0131r, belge midir,\u00a0 de\u011ferlendirme tamamen yarg\u0131n\u0131n\u201d \u015feklinde konu\u015ftu. Erdo\u011fan Ba\u015fbu\u011f\u2019un \u201cTeminat benim\u201d s\u00f6zlerini \u2018teminat\u2019 olarak kabul etmedi.<!--more--><\/p>\n<p style=\"text-align: justify;\">\u0130ktidar sava\u015f\u0131 s\u00fcr\u00fcyor .Genelkurmay Ba\u015fkan\u0131 Orgeneral Ba\u015fbu\u011f belge ile ilgili &#8220;ka\u011f\u0131t par\u00e7as\u0131&#8221; yorumunda bulundu. &#8216;TSK\u2019da b\u00f6yle bir faaliyet olamayaca\u011f\u0131n\u0131n teminat\u0131 benim&#8221; diyen Ba\u015fbu\u011f\u2019un bu s\u00f6zlerine Erdo\u011fan&#8217;\u0131n yan\u0131t\u0131 ise &#8220;ger\u00e7ek mi sahte mi g\u00f6rece\u011fiz&#8217; oldu<br \/>\nAKP ile TSK aras\u0131nda ya\u015fanan gerginlik d\u00fcn t\u0131rmand\u0131. Genelkurmay Ba\u015fkan\u0131 Orgeneral \u0130lker Ba\u015fbu\u011f \u201c\u0130rtica \u0130le M\u00fccadele Plan\u0131&#8221; belgesiyle ilgili sert a\u00e7\u0131klamalarda bulundu. Ba\u015fbu\u011f\u2019un a\u00e7\u0131klamas\u0131na Ba\u015fbakan Recep Tayyip Erdo\u011fan\u2019\u0131n yan\u0131t\u0131 gecikmedi. Ba\u015fbu\u011f s\u00f6z konusu belge ordu aras\u0131nda bir ili\u015fki bulunmad\u0131\u011f\u0131n\u0131 ve TSK\u2019ya kar\u015f\u0131 bir komplo i\u00e7erisinde olundu\u011funu ifade etti. Ba\u015fbu\u011fun belgeyi sahte ve &#8220;ka\u011f\u0131t par\u00e7as\u0131&#8221; olarak de\u011ferlendirmesinin \u00fczerine Erdo\u011fan, Ba\u015fbu\u011fun yapt\u0131\u011f\u0131 a\u00e7\u0131klamalar\u0131 yetersiz buldu. Erdo\u011fan konuyla ilgili &#8220;Fotokopi bile olsa partim hakk\u0131nda bir plan\u0131n varl\u0131\u011f\u0131 iddias\u0131 var. Bu ka\u011f\u0131t m\u0131d\u0131r, belge midir,\u00a0 de\u011ferlendirme tamamen yarg\u0131n\u0131n.&#8221; \u015feklinde konu\u015ftu. Oysa\u00a0 Ba\u015fbu\u011fun &#8220;teminat benim&#8221; demi\u015fti.<\/p>\n<p style=\"text-align: justify;\"><strong>&#8216;BELGE\u00a0 KA\u011eIT PAR\u00c7ASI&#8217;<\/strong><br \/>\nBa\u015fbu\u011f, Taraf gazetesinde yay\u0131mlanan \u201c\u0130rtica \u0130le M\u00fccadele Plan\u0131&#8221; ba\u015fl\u0131kl\u0131 belgenin, askeri savc\u0131l\u0131k taraf\u0131ndan sahte ilan edilmesinin ard\u0131ndan bir bas\u0131n a\u00e7\u0131klamas\u0131 yapt\u0131. T\u00fcm kuvvet komutanlar\u0131n\u0131n da bulundu\u011fu toplant\u0131da Ba\u015fbu\u011f, s\u00f6z konusu belgeyi &#8220;ka\u011f\u0131t par\u00e7as\u0131&#8221; olarak niteledi.<br \/>\n\u00dclkenin g\u00fcnlerdir bir ka\u011f\u0131t par\u00e7as\u0131 etraf\u0131nda enerjisini harcad\u0131\u011f\u0131n\u0131 savunan Ba\u015fbu\u011f, TSK\u2019n\u0131n y\u0131prat\u0131lmak istendi\u011fini ve \u201casimetrik psikolojik&#8221; bir harekata maruz kald\u0131klar\u0131n\u0131 ifade etti.<br \/>\nOrdunun Anayasaya sayg\u0131l\u0131 oldu\u011funu belirtti. Anayasaya ayk\u0131r\u0131 faaliyet i\u00e7inde bulunacaklar\u0131n TSK\u2019da bar\u0131nd\u0131r\u0131lmayaca\u011f\u0131n\u0131 dile getiren Ba\u015fbu\u011f, &#8220;bunun teminat\u0131 benim&#8221; dedi.<br \/>\n&#8220;\u0130rtica ile M\u00fccadele Plan\u0131&#8221; ba\u015fl\u0131kl\u0131 belgeyle ilgili tart\u0131\u015fmalar s\u00fcrerken Genelkurmay Ba\u015fkan\u0131 Orgeneral \u0130lker Ba\u015fbu\u011f, bir bas\u0131n a\u00e7\u0131klamas\u0131 yaparak s\u00f6z konusu belge ile ilgili a\u00e7\u0131klamalarda bulundu. B\u00fct\u00fcn kurmaylar\u0131n kat\u0131ld\u0131\u011f\u0131 bas\u0131n toplant\u0131s\u0131nda Ba\u015fbu\u011f, yaln\u0131zca s\u00f6z konusu belge \u00fczerine a\u00e7\u0131klamalarda bulunaca\u011f\u0131n\u0131 belirtti.<\/p>\n<p style=\"text-align: justify;\"><strong>\u2018K\u0130M\u0130N HAZIRLADI\u011eINI BULUN\u2019<br \/>\n<\/strong>&#8220;B\u00fct\u00fcn d\u00fcnyada olumsuz olaylar ya\u015fan\u0131rken T\u00fcrkiye\u2019nin 2 haftad\u0131r s\u00f6z konusu belge ile enerji harcamas\u0131ndan dolay\u0131 \u00fczg\u00fcn olduklar\u0131n\u0131&#8221; ifade etti.\u00a0 Ba\u015fbu\u011f \u201c\u0130rtica \u0130le M\u00fccadele Plan\u0131&#8221; belgesi ile ilgili &#8220;ka\u011f\u0131t par\u00e7as\u0131&#8221; yorumunda bulundu. Ba\u015fbu\u011f, &#8220;Bu belge hukuki h\u00fck\u00fcm ifade eden bir hakk\u0131n do\u011fmas\u0131n\u0131 ifade eden bir yaz\u0131d\u0131r. 12 Haziran&#8217;da bunun bir gazetede yer almas\u0131 yaz\u0131lanlar\u0131n ciddi olmas\u0131 anlam\u0131na geldi. Hi\u00e7 zaman kaybetmeden bir belge olup olmad\u0131\u011f\u0131 soru\u015fturulmu\u015ftur.&#8221; dedi.<br \/>\nBa\u015fbu\u011f TSK\u2019ya kar\u015f\u0131 sistemli ve \u00f6rg\u00fctl\u00fc bir karalama kampanyas\u0131n\u0131n y\u00fcr\u00fct\u00fcld\u00fc\u011f\u00fcn\u00fc ifade ederek, &#8220;Bu ka\u011f\u0131t par\u00e7as\u0131 TSK&#8217;y\u0131 y\u0131pratmak ve karalamak i\u00e7in haz\u0131rland\u0131. Bunun kimler taraf\u0131ndan haz\u0131rland\u0131\u011f\u0131n\u0131 devletin istihbarat ve yarg\u0131 organlar\u0131 yerine getirecektir. Bunu istiyor ve \u00f6nemsiyoruz.&#8221; dedi.<br \/>\nBa\u015fbu\u011f orduya d\u0131\u015far\u0131dan m\u00fcdahale edilerek &#8216;fitne fesat&#8217; kar\u0131\u015ft\u0131r\u0131ld\u0131\u011f\u0131n\u0131 ileri s\u00fcrd\u00fc. TSK Anayasaya ba\u011fl\u0131d\u0131r diyen Ba\u015fbu\u011f s\u00f6zlerini \u015f\u00f6yle s\u00fcrd\u00fcrd\u00fc: \u201cBunu Anayasam\u0131z\u0131n 117. Madeesine g\u00f6re bu ordunun Genelkurmay Ba\u015fkan\u0131 olan ben s\u00f6yl\u00fcyorum. Bu en b\u00fcy\u00fck teminatt\u0131r. Bunun ard\u0131nda ba\u015fka bir \u015fey aranmas\u0131n\u0131 anlaml\u0131 bulmuyorum.<\/p>\n<p style=\"text-align: justify;\"><strong>&#8220;TSK\u2019DAN EL\u0130N\u0130Z\u0130 \u00c7EK\u0130N\u0130Z&#8221;<\/strong><br \/>\nDarbe s\u00f6ylemlerinde halk art\u0131k usand\u0131. Art\u0131k TSK \u00fczerinden elinizi \u00e7ekiniz. Art\u0131k TSK&#8217;y\u0131 karalama ve kirletme faaliyetlerinden vazge\u00e7iniz. Medya \u00fczerinden TSK&#8217;ya y\u00f6nelik psikolojik harekat y\u00fcr\u00fctmekten vazge\u00e7iniz. TSK \u00fczerinden elinizi \u00e7ekiniz.&#8221;<\/p>\n<p style=\"text-align: justify;\"><strong>&#8216;TSK \u00dcLKEN\u0130N BEKA MESELES\u0130D\u0130R&#8217;<br \/>\n<\/strong>Genelkurmay Ba\u015fkan\u0131 Orgeneral \u0130lker Ba\u015fbu\u011f \u00f6zellikle \u201c\u0130rtica \u0130le M\u00fccadele Plan\u0131\u201d ba\u015fl\u0131kl\u0131 belgeyle ba\u015flayan s\u00fcre\u00e7te TSK\u2019n\u0131n y\u0131prat\u0131lmaya \u00e7al\u0131\u015f\u0131ld\u0131\u011f\u0131n\u0131n alt\u0131n\u0131 \u00e7izerek, TSK\u2019n\u0131n \u00fclkenin beka sorunu oldu\u011funu ifade etti.<\/p>\n<p style=\"text-align: justify;\"><strong>\u2018FOTOKOP\u0130 M\u0130 BELGE M\u0130 BAKACA\u011eIZ\u2019<\/strong><br \/>\nGenelkurmay Ba\u015fkan\u0131 \u0130lker Ba\u015fbu\u011f&#8217;un &#8216;\u0130rtica Belgesi&#8217; ile ilgili olarak yapt\u0131\u011f\u0131 de\u011ferlendirmeleri, bulundu\u011fu Br\u00fcksel&#8217;de gazetecilerin sorusu \u00fczerine yorumlayan Ba\u015fbakan Recep Tayyip Erdo\u011fan, &#8220;fotokopi bile olsa partim hakk\u0131nda bir plan\u0131n varl\u0131\u011f\u0131 iddias\u0131 var. Bu ka\u011f\u0131t m\u0131d\u0131r, belge midir,\u00a0 de\u011ferlendirme tamamen yarg\u0131n\u0131n.<br \/>\n\u201cBu andan itibaren sivil yarg\u0131 i\u015fine devam edecek. Belgenin asl\u0131na ula\u015ft\u0131\u011f\u0131m\u0131z anda tabii ki bu belgeyi yarg\u0131ya ta\u015f\u0131yaca\u011f\u0131z. Biz demokratik ve hukuk devleti ilkesi anlay\u0131\u015f\u0131yla sonuna kadar gidilmesine taraftar\u0131z&#8221; dedi.\n<\/p>\n<p style=\"text-align: justify;\"><span style=\"color: #888888;\">Kaynak : BirG\u00fcn<\/span><\/p>\n<\/div>\n","protected":false},"excerpt":{"rendered":"<p style=\"text-align: center;\">\n<p style=\"text-align: justify;\">T\u00fcrkiye\u2019yi me\u015fgul eden \u2018belge sava\u015f\u0131\u2019 \u015fiddetlenerek s\u00fcr\u00fcyor. Orgeneral Ba\u015fbu\u011f, \u2018belge\u2019ye \u2018K\u00e2\u011f\u0131t par\u00e7as\u0131\u2019 derken, Erdo\u011fan \u2018Ger\u00e7ek mi sahte mi yak\u0131nda g\u00f6rece\u011fiz\u2019 dedi<\/p>\n<p style=\"text-align: justify;\">BA\u015eBU\u011e\u2019UN TEM\u0130NATINI KABUL ETMED\u0130 Ba\u015fbu\u011f\u2019un a\u00e7\u0131klamas\u0131na Ba\u015fbakan Recep Tayyip Erdo\u011fan\u2019\u0131n yan\u0131t\u0131 gecikmedi. Ba\u015fbu\u011f\u2019un belgeyi sahte ve \u2018ka\u011f\u0131t par\u00e7as\u0131\u2019 olarak de\u011ferlendirmesinin \u00fczerine Erdo\u011fan, Ba\u015fbu\u011f\u2019un yapt\u0131\u011f\u0131 a\u00e7\u0131klamalar\u0131 yetersiz buldu. <\/p>\n","protected":false},"author":1,"featured_media":0,"comment_status":"open","ping_status":"closed","sticky":false,"template":"","format":"standard","meta":{"footnotes":""},"categories":[105],"tags":[],"class_list":["post-10520","post","type-post","status-publish","format-standard","hentry","category-gundem","odd"],"_links":{"self":[{"href":"http:\/\/www.korhanyilmaz.com\/index.php?rest_route=\/wp\/v2\/posts\/10520","targetHints":{"allow":["GET"]}}],"collection":[{"href":"http:\/\/www.korhanyilmaz.com\/index.php?rest_route=\/wp\/v2\/posts"}],"about":[{"href":"http:\/\/www.korhanyilmaz.com\/index.php?rest_route=\/wp\/v2\/types\/post"}],"author":[{"embeddable":true,"href":"http:\/\/www.korhanyilmaz.com\/index.php?rest_route=\/wp\/v2\/users\/1"}],"replies":[{"embeddable":true,"href":"http:\/\/www.korhanyilmaz.com\/index.php?rest_route=%2Fwp%2Fv2%2Fcomments&post=10520"}],"version-history":[{"count":0,"href":"http:\/\/www.korhanyilmaz.com\/index.php?rest_route=\/wp\/v2\/posts\/10520\/revisions"}],"wp:attachment":[{"href":"http:\/\/www.korhanyilmaz.com\/index.php?rest_route=%2Fwp%2Fv2%2Fmedia&parent=10520"}],"wp:term":[{"taxonomy":"category","embeddable":true,"href":"http:\/\/www.korhanyilmaz.com\/index.php?rest_route=%2Fwp%2Fv2%2Fcategories&post=10520"},{"taxonomy":"post_tag","embeddable":true,"href":"http:\/\/www.korhanyilmaz.com\/index.php?rest_route=%2Fwp%2Fv2%2Ftags&post=10520"}],"curies":[{"name":"wp","href":"https:\/\/api.w.org\/{rel}","templated":true}]}}