{"id":10514,"date":"2009-06-26T13:47:06","date_gmt":"2009-06-26T11:47:06","guid":{"rendered":"http:\/\/www.korhanyilmaz.com\/?p=10514"},"modified":"2009-06-26T13:47:06","modified_gmt":"2009-06-26T11:47:06","slug":"akpden-ilk-yorum","status":"publish","type":"post","link":"http:\/\/www.korhanyilmaz.com\/?p=10514","title":{"rendered":"AKP&#039;den ilk yorum"},"content":{"rendered":"<p style=\"text-align: center;\"><img loading=\"lazy\" decoding=\"async\" class=\"aligncenter size-full wp-image-6027\" title=\"T\u00fcrkiye Cumhuriyeti Ba\u015fbakan\u0131 Recep Tayyip Erdo\u011fan\" src=\"http:\/\/www.korhanyilmaz.com\/wp-content\/uploads\/2009\/03\/r_20080319164429_tayyip_erdogan.jpg\" alt=\"T\u00fcrkiye Cumhuriyeti Ba\u015fbakan\u0131 Recep Tayyip Erdo\u011fan\" width=\"250\" height=\"203\" \/><\/p>\n<p style=\"text-align: justify;\"><strong>Erdo\u011fan, Ba\u015fbu\u011f&#8217;un a\u00e7\u0131klamalar\u0131na ne dedi? <\/strong><\/p>\n<p style=\"text-align: justify;\">Ba\u015fbakan Erdo\u011fan, Ba\u015fbu\u011f\u2019un a\u00e7\u0131klamalar\u0131n\u0131 de\u011ferlendirirken \u201cAskeri yarg\u0131 konuyla ilgili olarak farkl\u0131 yakla\u015fm\u0131\u015f olabilir. Bundan sonraki s\u00fcre\u00e7 sivil yarg\u0131ya aittir\u201d dedi<\/p>\n<p style=\"text-align: justify;\">Ba\u015fbakan Recep Tayyip Erdo\u011fan, Genelkurmay Ba\u015fkan\u0131 Orgeneral \u0130lker Ba\u015fbu\u011f\u2019un de\u011ferlendirmelerine Br\u00fcksel\u2019den yan\u0131t verdi. Br\u00fcksel\u2019de onur konu\u011fu olarak kat\u0131ld\u0131\u011f\u0131 Crans Montana Forumu\u2019nda konu\u015fan Ba\u015fbakan Erdo\u011fan, gazetecilerin Ba\u015fbu\u011f\u2019un a\u00e7\u0131klamalar\u0131yla ilgili sorular\u0131 \u00fczerine \u015funlar\u0131 s\u00f6yledi: <!--more--><\/p>\n<p style=\"text-align: justify;\">\u201cBuradan T\u00fcrkiye\u2019ye b\u00f6yle bir cevap vermeyi uygun g\u00f6rm\u00fcyorum. Ama her s\u00f6ylenene sayg\u0131 duymak zorunday\u0131m. Ancak partimle ilgili fotokopi dahi olsa ileri s\u00fcr\u00fclm\u00fc\u015f ve gazetelerde yer alm\u0131\u015f olan, bir belge midir de\u011fil midir, bunu ara\u015ft\u0131rma s\u00fcrecini bir hukuk devleti s\u00fcrecinde bizler savc\u0131l\u0131\u011fa g\u00f6t\u00fcrmek suretiyle ba\u015flatm\u0131\u015f bulunuyoruz. Askeri yarg\u0131 konuyla ilgili olarak farkl\u0131 yakla\u015fm\u0131\u015f olabilir. Bundan sonraki s\u00fcre\u00e7 sivil yarg\u0131ya aittir. Nitekim askeri yarg\u0131 benimle ilgili de\u011fil diyerek bir g\u00f6revsizlik karar\u0131 vermi\u015ftir. Ondan sonraki s\u00fcre\u00e7 yarg\u0131yla alakal\u0131d\u0131r. Sivil yarg\u0131 bunu takip edecektir. Sivil yarg\u0131 takip edece\u011fi gibi biz de y\u00fcr\u00fctme olarak kurum ve kurulu\u015flar\u0131m\u0131zla bunu takip edece\u011fiz. Asl\u0131na ula\u015ft\u0131\u011f\u0131m\u0131z anda buldu\u011fumuz anda tabii ki bunu da yarg\u0131ya ta\u015f\u0131yaca\u011f\u0131z. \u00c7\u00fcnk\u00fc demokratik, laik, sosyal bir hukuk devleti i\u00e7inde demokrasinin y\u0131prat\u0131lmas\u0131na m\u00fcsaade edemeyiz.\u201d<\/p>\n<p style=\"text-align: justify;\"><span style=\"color: #888888;\">Kaynak : Vatan<\/span><\/p>\n","protected":false},"excerpt":{"rendered":"<p style=\"text-align: center;\">\n<p style=\"text-align: justify;\">Erdo\u011fan, Ba\u015fbu\u011f&#8217;un a\u00e7\u0131klamalar\u0131na ne dedi? <\/p>\n<p style=\"text-align: justify;\">Ba\u015fbakan Erdo\u011fan, Ba\u015fbu\u011f\u2019un a\u00e7\u0131klamalar\u0131n\u0131 de\u011ferlendirirken \u201cAskeri yarg\u0131 konuyla ilgili olarak farkl\u0131 yakla\u015fm\u0131\u015f olabilir. Bundan sonraki s\u00fcre\u00e7 sivil yarg\u0131ya aittir\u201d dedi<\/p>\n<p style=\"text-align: justify;\">Ba\u015fbakan Recep Tayyip Erdo\u011fan, Genelkurmay Ba\u015fkan\u0131 Orgeneral \u0130lker Ba\u015fbu\u011f\u2019un de\u011ferlendirmelerine Br\u00fcksel\u2019den yan\u0131t verdi. Br\u00fcksel\u2019de onur konu\u011fu olarak kat\u0131ld\u0131\u011f\u0131 Crans Montana <\/p>\n","protected":false},"author":1,"featured_media":0,"comment_status":"open","ping_status":"closed","sticky":false,"template":"","format":"standard","meta":{"footnotes":""},"categories":[105],"tags":[],"class_list":["post-10514","post","type-post","status-publish","format-standard","hentry","category-gundem","odd"],"_links":{"self":[{"href":"http:\/\/www.korhanyilmaz.com\/index.php?rest_route=\/wp\/v2\/posts\/10514","targetHints":{"allow":["GET"]}}],"collection":[{"href":"http:\/\/www.korhanyilmaz.com\/index.php?rest_route=\/wp\/v2\/posts"}],"about":[{"href":"http:\/\/www.korhanyilmaz.com\/index.php?rest_route=\/wp\/v2\/types\/post"}],"author":[{"embeddable":true,"href":"http:\/\/www.korhanyilmaz.com\/index.php?rest_route=\/wp\/v2\/users\/1"}],"replies":[{"embeddable":true,"href":"http:\/\/www.korhanyilmaz.com\/index.php?rest_route=%2Fwp%2Fv2%2Fcomments&post=10514"}],"version-history":[{"count":0,"href":"http:\/\/www.korhanyilmaz.com\/index.php?rest_route=\/wp\/v2\/posts\/10514\/revisions"}],"wp:attachment":[{"href":"http:\/\/www.korhanyilmaz.com\/index.php?rest_route=%2Fwp%2Fv2%2Fmedia&parent=10514"}],"wp:term":[{"taxonomy":"category","embeddable":true,"href":"http:\/\/www.korhanyilmaz.com\/index.php?rest_route=%2Fwp%2Fv2%2Fcategories&post=10514"},{"taxonomy":"post_tag","embeddable":true,"href":"http:\/\/www.korhanyilmaz.com\/index.php?rest_route=%2Fwp%2Fv2%2Ftags&post=10514"}],"curies":[{"name":"wp","href":"https:\/\/api.w.org\/{rel}","templated":true}]}}