{"id":10507,"date":"2009-06-26T19:29:43","date_gmt":"2009-06-26T16:29:43","guid":{"rendered":"http:\/\/www.korhanyilmaz.com\/?p=10507"},"modified":"2009-06-26T19:29:43","modified_gmt":"2009-06-26T16:29:43","slug":"abdullah-gul-ile-fehmi-koru-akraba-cikti","status":"publish","type":"post","link":"http:\/\/www.korhanyilmaz.com\/?p=10507","title":{"rendered":"ABDULLAH G\u00dcL \u0130LE FEHM\u0130 KORU AKRABA \u00c7IKTI"},"content":{"rendered":"<p style=\"text-align: center;\"><img loading=\"lazy\" decoding=\"async\" class=\"aligncenter size-full wp-image-10508\" src=\"http:\/\/www.korhanyilmaz.com\/wp-content\/uploads\/2009\/06\/2009-06-26_213759.jpg\" alt=\"\" width=\"300\" height=\"192\" \/><\/p>\n<p style=\"text-align: justify;\">Odatv.com, Suudi Arabistan B\u00fcy\u00fckel\u00e7isi Ali Naci Koru\u2019nun, \u00f6nceki g\u00fcn yay\u0131nlanan b\u00fcy\u00fckel\u00e7iler kararnamesiyle merkeze \u00e7ekildi\u011fi haberini duyurmu\u015ftu.<\/p>\n<p style=\"text-align: justify;\">Kimdir bu Ali Naci Koru?<\/p>\n<p style=\"text-align: justify;\">K\u0131saca hat\u0131rlatal\u0131m:<\/p>\n<p style=\"text-align: justify;\">Ali Naci Koru, Yeni \u015eafak yazar\u0131 Fehmi Koru\u2019nun karde\u015fi\u2026<\/p>\n<p style=\"text-align: justify;\">Diplomat.<\/p>\n<p style=\"text-align: justify;\">Suudi Arabistan B\u00fcy\u00fckel\u00e7isi&#8217;ydi. D\u0131\u015fi\u015fleri Bakanl\u0131\u011f\u0131\u2019n\u0131n Personelden Sorumlu M\u00fcste\u015far Yard\u0131mc\u0131l\u0131\u011f\u0131 g\u00f6revine getirilece\u011fi s\u00f6yleniyor.<!--more--><\/p>\n<p style=\"text-align: justify;\">Gazetelerde, ve \u00f6zellikle internet sitelerinde B\u00fcy\u00fckel\u00e7i Ali Naci Koru&#8217;nun a\u011fabeyi nedeniyle bir tak\u0131m g\u00f6revlere kolayl\u0131kla geldi\u011fi ima ediliyor.<\/p>\n<p style=\"text-align: justify;\">Bunun \u00e7ok do\u011fru olmad\u0131\u011f\u0131 da s\u00f6yleniyor.<\/p>\n<p style=\"text-align: justify;\">Asl\u0131nda e\u011fer bir akraba n\u00fcfuzu aranacak ise Ali Naci Koru&#8217;nun a\u011fabeyi Fehmi Koru&#8217;ya ihtiyac\u0131 yok.<\/p>\n<p style=\"text-align: justify;\">\u00c7\u00fcnk\u00fc&#8230;<\/p>\n<p style=\"text-align: justify;\">Ali Naci Koru, a\u011fabeyi Fehmi Koru&#8217;nun da yak\u0131n arkada\u015f\u0131 olan Cumhurba\u015fkan\u0131 Abdullahn G\u00fcl&#8217;\u00fcn akrabas\u0131.<\/p>\n<p style=\"text-align: justify;\">Akrabal\u0131k e\u015f durumundan.<\/p>\n<p style=\"text-align: justify;\">Nas\u0131l m\u0131?<\/p>\n<p style=\"text-align: justify;\">Fehmi Koru\u2019nun karde\u015fi Ali Naci Koru\u2019nun e\u015fi Canan Koru, Cumhurba\u015fkan\u0131 Abdullah G\u00fcl\u2019\u00fcn e\u015fi Hayr\u00fcnnisa G\u00fcl ile karde\u015f \u00e7ocuklar\u0131\u2026<\/p>\n<p style=\"text-align: justify;\">Toparlarsak, ba\u015fta Boston olmak \u00fczere bir\u00e7ok d\u0131\u015f g\u00f6revde bulunmu\u015f Ali Naci Koru&#8217;nun akrabal\u0131k ili\u015fkileri nedeniyle kritik g\u00f6revlere getirildi\u011finin s\u00f6ylenmesi en ba\u015fta D\u0131\u015fi\u015fleri gelene\u011fini bilmemektir.<\/p>\n<p style=\"text-align: justify;\">Tabii son y\u0131llarda \u00e7ok de\u011fi\u015fmedi ise&#8230;<\/p>\n<p style=\"text-align: justify;\"><a href=\"http:\/\/www.odatv.com\/Siyaset\/abdullah_gul_ile_fehmi_koru_akraba_cikti-16661.html\" target=\"_blank\"><span style=\"color: #888888;\"><span style=\"font-size: 13pt;\"><span style=\"font-family: Times New Roman;\"><strong>odatv.com<\/strong><\/span><\/span><\/span><\/a><\/p>\n<p style=\"text-align: justify;\"><span style=\"color: #888888;\">25 Haziran 2009<\/span><\/p>\n","protected":false},"excerpt":{"rendered":"<p style=\"text-align: center;\">\n<p style=\"text-align: justify;\">Odatv.com, Suudi Arabistan B\u00fcy\u00fckel\u00e7isi Ali Naci Koru\u2019nun, \u00f6nceki g\u00fcn yay\u0131nlanan b\u00fcy\u00fckel\u00e7iler kararnamesiyle merkeze \u00e7ekildi\u011fi haberini duyurmu\u015ftu.<\/p>\n<p style=\"text-align: justify;\">Kimdir bu Ali Naci Koru?<\/p>\n<p style=\"text-align: justify;\">K\u0131saca hat\u0131rlatal\u0131m:<\/p>\n<p style=\"text-align: justify;\">Ali Naci Koru, Yeni \u015eafak yazar\u0131 Fehmi Koru\u2019nun karde\u015fi\u2026<\/p>\n<p style=\"text-align: justify;\">Diplomat.<\/p>\n<p style=\"text-align: justify;\">Suudi Arabistan B\u00fcy\u00fckel\u00e7isi&#8217;ydi. D\u0131\u015fi\u015fleri Bakanl\u0131\u011f\u0131\u2019n\u0131n Personelden Sorumlu <\/p>\n","protected":false},"author":1,"featured_media":0,"comment_status":"open","ping_status":"closed","sticky":false,"template":"","format":"standard","meta":{"footnotes":""},"categories":[105],"tags":[],"class_list":["post-10507","post","type-post","status-publish","format-standard","hentry","category-gundem","odd"],"_links":{"self":[{"href":"http:\/\/www.korhanyilmaz.com\/index.php?rest_route=\/wp\/v2\/posts\/10507","targetHints":{"allow":["GET"]}}],"collection":[{"href":"http:\/\/www.korhanyilmaz.com\/index.php?rest_route=\/wp\/v2\/posts"}],"about":[{"href":"http:\/\/www.korhanyilmaz.com\/index.php?rest_route=\/wp\/v2\/types\/post"}],"author":[{"embeddable":true,"href":"http:\/\/www.korhanyilmaz.com\/index.php?rest_route=\/wp\/v2\/users\/1"}],"replies":[{"embeddable":true,"href":"http:\/\/www.korhanyilmaz.com\/index.php?rest_route=%2Fwp%2Fv2%2Fcomments&post=10507"}],"version-history":[{"count":0,"href":"http:\/\/www.korhanyilmaz.com\/index.php?rest_route=\/wp\/v2\/posts\/10507\/revisions"}],"wp:attachment":[{"href":"http:\/\/www.korhanyilmaz.com\/index.php?rest_route=%2Fwp%2Fv2%2Fmedia&parent=10507"}],"wp:term":[{"taxonomy":"category","embeddable":true,"href":"http:\/\/www.korhanyilmaz.com\/index.php?rest_route=%2Fwp%2Fv2%2Fcategories&post=10507"},{"taxonomy":"post_tag","embeddable":true,"href":"http:\/\/www.korhanyilmaz.com\/index.php?rest_route=%2Fwp%2Fv2%2Ftags&post=10507"}],"curies":[{"name":"wp","href":"https:\/\/api.w.org\/{rel}","templated":true}]}}