{"id":10497,"date":"2009-06-26T16:58:03","date_gmt":"2009-06-26T13:58:03","guid":{"rendered":"http:\/\/www.korhanyilmaz.com\/?p=10497"},"modified":"2009-06-26T16:58:03","modified_gmt":"2009-06-26T13:58:03","slug":"ergenekonda-flas-gelisme","status":"publish","type":"post","link":"http:\/\/www.korhanyilmaz.com\/?p=10497","title":{"rendered":"Ergenekon&#039;da fla\u015f geli\u015fme"},"content":{"rendered":"<p style=\"text-align: center;\"><img loading=\"lazy\" decoding=\"async\" class=\"aligncenter size-full wp-image-10499\" src=\"http:\/\/www.korhanyilmaz.com\/wp-content\/uploads\/2009\/06\/260620091656313226636.jpg\" alt=\"260620091656313226636\" width=\"320\" height=\"102\" \/><\/p>\n<p style=\"text-align: justify;\">Ergenekon Soru\u015fturmas\u0131 kapsam\u0131nda Albay Dursun \u00c7i\u00e7ek dahil 8 subay ifade vermeye \u00e7a\u011fr\u0131ld\u0131&#8230;<\/p>\n<p style=\"text-align: justify;\">Ergenekon Savc\u0131s\u0131 Zekeriya \u00d6z, \u201c\u0130rtica ile M\u00fccadele Plan\u0131\u201dn\u0131n alt\u0131nda imzas\u0131 oldu\u011fu iddia edilen Albay Dursun \u00c7i\u00e7ek\u2019in \u015f\u00fcpheli s\u0131fat\u0131yla ifadesini almak \u00fczere \u00e7a\u011f\u0131rd\u0131.<\/p>\n<p style=\"text-align: justify;\">Albay Dursun \u00c7i\u00e7ek, \u00f6n\u00fcm\u00fczdeki hafta \u0130stanbul\u2019a gelerek, Savc\u0131 \u00d6z\u2019e \u201c\u015f\u00fcpheli\u201d s\u0131fat\u0131yla ifade verecek.<\/p>\n<p style=\"text-align: justify;\"><span style=\"color: #888888;\">Kaynak :\u00a0 Vatan<\/span><\/p>\n","protected":false},"excerpt":{"rendered":"<p style=\"text-align: center;\">\n<p style=\"text-align: justify;\">Ergenekon Soru\u015fturmas\u0131 kapsam\u0131nda Albay Dursun \u00c7i\u00e7ek dahil 8 subay ifade vermeye \u00e7a\u011fr\u0131ld\u0131&#8230;<\/p>\n<p style=\"text-align: justify;\">Ergenekon Savc\u0131s\u0131 Zekeriya \u00d6z, \u201c\u0130rtica ile M\u00fccadele Plan\u0131\u201dn\u0131n alt\u0131nda imzas\u0131 oldu\u011fu iddia edilen Albay Dursun \u00c7i\u00e7ek\u2019in \u015f\u00fcpheli s\u0131fat\u0131yla ifadesini almak \u00fczere \u00e7a\u011f\u0131rd\u0131.<\/p>\n<p style=\"text-align: justify;\">Albay Dursun \u00c7i\u00e7ek, \u00f6n\u00fcm\u00fczdeki hafta \u0130stanbul\u2019a gelerek, Savc\u0131 \u00d6z\u2019e \u201c\u015f\u00fcpheli\u201d s\u0131fat\u0131yla ifade <\/p>\n","protected":false},"author":1,"featured_media":0,"comment_status":"open","ping_status":"closed","sticky":false,"template":"","format":"standard","meta":{"footnotes":""},"categories":[105],"tags":[],"class_list":["post-10497","post","type-post","status-publish","format-standard","hentry","category-gundem","odd"],"_links":{"self":[{"href":"http:\/\/www.korhanyilmaz.com\/index.php?rest_route=\/wp\/v2\/posts\/10497","targetHints":{"allow":["GET"]}}],"collection":[{"href":"http:\/\/www.korhanyilmaz.com\/index.php?rest_route=\/wp\/v2\/posts"}],"about":[{"href":"http:\/\/www.korhanyilmaz.com\/index.php?rest_route=\/wp\/v2\/types\/post"}],"author":[{"embeddable":true,"href":"http:\/\/www.korhanyilmaz.com\/index.php?rest_route=\/wp\/v2\/users\/1"}],"replies":[{"embeddable":true,"href":"http:\/\/www.korhanyilmaz.com\/index.php?rest_route=%2Fwp%2Fv2%2Fcomments&post=10497"}],"version-history":[{"count":0,"href":"http:\/\/www.korhanyilmaz.com\/index.php?rest_route=\/wp\/v2\/posts\/10497\/revisions"}],"wp:attachment":[{"href":"http:\/\/www.korhanyilmaz.com\/index.php?rest_route=%2Fwp%2Fv2%2Fmedia&parent=10497"}],"wp:term":[{"taxonomy":"category","embeddable":true,"href":"http:\/\/www.korhanyilmaz.com\/index.php?rest_route=%2Fwp%2Fv2%2Fcategories&post=10497"},{"taxonomy":"post_tag","embeddable":true,"href":"http:\/\/www.korhanyilmaz.com\/index.php?rest_route=%2Fwp%2Fv2%2Ftags&post=10497"}],"curies":[{"name":"wp","href":"https:\/\/api.w.org\/{rel}","templated":true}]}}