{"id":10487,"date":"2009-06-26T13:29:55","date_gmt":"2009-06-26T10:29:55","guid":{"rendered":"http:\/\/www.korhanyilmaz.com\/?p=10487"},"modified":"2009-06-26T13:29:55","modified_gmt":"2009-06-26T10:29:55","slug":"gazci-kardesler-vedalasti","status":"publish","type":"post","link":"http:\/\/www.korhanyilmaz.com\/?p=10487","title":{"rendered":"&quot;Gazc\u0131 karde\u015fler&quot; vedala\u015ft\u0131!"},"content":{"rendered":"<p><img loading=\"lazy\" decoding=\"async\" class=\"aligncenter size-full wp-image-10488\" src=\"http:\/\/www.korhanyilmaz.com\/wp-content\/uploads\/2009\/06\/2009-06-26_195039.jpg\" alt=\"\" width=\"322\" height=\"215\" \/><\/p>\n<p style=\"text-align: justify;\">Osmaniye Valili\u011fi&#8217;ne atanan \u0130stanbul Emniyet M\u00fcd\u00fcr\u00fc Celalettin Cerrah, \u0130stanbul Valisi Muammer G\u00fcler&#8217;e veda ziyaretinde bulundu. Ziyaret s\u0131ras\u0131nda, bir gazetecinin, &#8221;<strong>Bir gazete 1 May\u0131s 2008 sonras\u0131nda &#8216;Gazc\u0131 Karde\u015fler&#8217; diye bir man\u015fet att\u0131<\/strong>. G\u00fcler ile foto\u011fraf\u0131n\u0131z vard\u0131. G\u00f6rd\u00fc\u011f\u00fcn\u00fcz zaman ne hissettiniz?&#8221; sorusu \u00fczerine, Cerrah, &#8221;G\u00f6revimizi yapt\u0131\u011f\u0131m\u0131zdan dolay\u0131 b\u00f6yle bir man\u015fet atm\u0131\u015flar. Hi\u00e7bir \u015fey hissetmedim&#8221; dedi.<\/p>\n<p style=\"text-align: justify;\">\u0130STANBUL<strong> &#8211;<\/strong> \u0130stanbul Valili\u011finde ger\u00e7ekle\u015fen ziyarette konu\u015fan \u0130stanbul Valisi Muammer G\u00fcler, &#8221;de\u011ferli \u00e7al\u0131\u015fma arkada\u015f\u0131m&#8221; diye hitap etti\u011fi Celalettin Cerrah&#8217;\u0131n, \u0130stanbul&#8217;da 6 y\u0131l\u0131 a\u015fk\u0131n s\u00fcredir g\u00f6rev yapt\u0131\u011f\u0131n\u0131 ve \u00e7al\u0131\u015fmalar\u0131n\u0131 takdirle izledi\u011fini s\u00f6yledi. G\u00fcler, Cerrah&#8217;\u0131n 29 Haziran pazartesi g\u00fcn\u00fc g\u00f6revini yeni emniyet m\u00fcd\u00fcr\u00fc H\u00fcseyin \u00c7apk\u0131n&#8217;a devredece\u011fini ifade ederek, &#8221;Cerrah, yeni bir sayfa a\u00e7\u0131yor hayat\u0131nda. Ama 41 y\u0131ld\u0131r \u00fczerinde ta\u015f\u0131d\u0131\u011f\u0131 \u00fcniformay\u0131 b\u0131rakmas\u0131n\u0131n ne kadar zor oldu\u011funu biliyorum, ama onurlu bir g\u00f6reve, devletimiz i\u00e7in son derece \u00f6nemli bir g\u00f6reve atan\u0131yor. Valili\u011fe atanmas\u0131n\u0131 b\u00fcy\u00fck bir memnuniyetle kar\u015f\u0131l\u0131yorum ve kutluyorum. <!--more-->\u015eahs\u0131, ailesi ve devletimiz i\u00e7in hay\u0131rl\u0131 ve u\u011furlu olmas\u0131n\u0131 diliyorum. G\u00fczel hizmetlerinin devam edece\u011fine olan inanc\u0131m\u0131 belirtiyorum&#8221; diye konu\u015ftu. Vali G\u00fcler, Cerrah&#8217;\u0131n \u0130stanbul&#8217;da y\u00fcr\u00fctt\u00fc\u011f\u00fc de\u011ferli hizmetlerin devlet ve h\u00fck\u00fcmet\u00e7e en iyi \u015fekilde ve en \u00fcst d\u00fczeyde de\u011ferlendirilerek valilik g\u00f6revine atanmas\u0131n\u0131n \u00f6nemli oldu\u011funu vurgulayarak, \u0130stanbul&#8217;da son 6,5 y\u0131ll\u0131k d\u00f6nemde \u00f6nemli olaylar ya\u015fand\u0131\u011f\u0131na i\u015faret etti. \u0130stanbul&#8217;un huzur ve asayi\u015finin temininin en \u00f6nemli kamu hizmetlerinden oldu\u011funu belirten G\u00fcler, Celalettin Cerrah&#8217;\u0131n g\u00f6rev d\u00f6neminde 24 saat esas\u0131na g\u00f6re izin yapmadan \u00e7al\u0131\u015ft\u0131\u011f\u0131n\u0131, g\u00f6revinin gerektirdi\u011fi fedakarl\u0131klar\u0131 en \u00fcst d\u00fczeyde verdi\u011fini kaydetti.  <strong> <\/strong><\/p>\n<p style=\"text-align: justify;\"><strong>&#8220;\u0130STANBUL EMN\u0130YET\u0130 EN \u0130Y\u0130 D\u00d6NEMLER\u0130NDEN B\u0130R\u0130N\u0130 YA\u015eADI&#8221;<br \/>\n<\/strong>G\u00fcler, \u0130stanbul Emniyet M\u00fcd\u00fcrl\u00fc\u011f\u00fcn\u00fcn tarihinin en iyi d\u00f6nemlerinden birini ya\u015fayacak imkan ve kabiliyete kavu\u015ftu\u011funu vurgulayarak, bu d\u00f6nemde \u00e7ok \u00f6nemli hizmetler yap\u0131ld\u0131\u011f\u0131n\u0131 dile getirdi. G\u00fcler, konu\u015fmas\u0131n\u0131 \u015f\u00f6yle s\u00fcrd\u00fcrd\u00fc: &#8221;Su\u00e7lar\u0131n azalt\u0131lmas\u0131, organize su\u00e7 \u015febekelerine kar\u015f\u0131 m\u00fccadele, ter\u00f6rle ve uyu\u015fturucu madde ile m\u00fccadele, \u015fahsa ve mala kar\u015f\u0131 i\u015flenen su\u00e7lar dahil olmak \u00fczere emniyet ve asayi\u015fin gerektirdi\u011fi her noktada birlikte, beraberce, kader birli\u011fi i\u00e7inde sorumluluk \u00fcstlendik. Takdiri \u0130stanbullulara b\u0131rakmakla beraber, ben kendi a\u00e7\u0131mdan say\u0131n Cerrah&#8217;\u0131n bu d\u00f6nemde \u00e7ok \u00f6nemli bir g\u00f6rev yapt\u0131\u011f\u0131na da inan\u0131yorum. Kendisi ile \u00e7ok uzun s\u00fcre \u00e7al\u0131\u015fm\u0131\u015f olman\u0131n verdi\u011fi bir \u00fcz\u00fcnt\u00fc var, ama valilik g\u00f6revine atanmas\u0131n\u0131n sevincini de ya\u015f\u0131yorum. Elbette ki dostlu\u011fumuz, arkada\u015fl\u0131\u011f\u0131m\u0131z, meslekta\u015fl\u0131\u011f\u0131m\u0131z bundan sonra da devam edecektir. Hay\u0131rl\u0131 ve u\u011furlu olmas\u0131n\u0131 diliyorum. \u0130stanbul&#8217;da verdi\u011fi de\u011ferli hizmetler i\u00e7in takdirlerimi belirtiyor ve te\u015fekk\u00fcr ediyorum. Sa\u011fl\u0131k, huzur i\u00e7inde uzun \u00f6m\u00fcrler, ba\u015far\u0131l\u0131 g\u00f6revler ve devlete verece\u011fi daha \u00e7ok b\u00fcy\u00fck hizmetlerin de bulundu\u011fu inanc\u0131yla hay\u0131rl\u0131 yolculuklar diliyorum.&#8221;<\/p>\n<p style=\"text-align: justify;\"><strong>&#8221;BURUK B\u0130R \u00dcZ\u00dcNT\u00dcM DE VAR&#8221;<br \/>\n<\/strong>Osmaniye Valili\u011fine atanan Celalettin Cerrah da \u0130stanbul halk\u0131n\u0131n huzur ve g\u00fcvenli\u011fi i\u00e7in her \u015feyi yapt\u0131klar\u0131n\u0131, istirahatten ve ailelerinden fedakarl\u0131k yapt\u0131klar\u0131n\u0131 s\u00f6yledi. Cerrah, te\u015fkilata 1968 y\u0131l\u0131nda girdi\u011fini ve ilk \u00fcniformay\u0131 14 ya\u015f\u0131nda giydi\u011fini ifade ederek, &#8221;Pazartesi g\u00fcn\u00fc \u00fcniformam\u0131z\u0131 \u00e7\u0131kar\u0131p, valilik g\u00f6revine ba\u015flayaca\u011f\u0131z. Onun i\u00e7in buruk bir sevincim de var, \u00fcz\u00fcnt\u00fcm de var. \u00c7\u00fcnk\u00fc resmi elbiseme son veriyorum ve bundan sonra sivil olarak hizmet etmeye devam edece\u011fim&#8221; dedi. \u0130stanbul polisinin, t\u00fcm \u00fclkeyi etkileyen \u00e7ok g\u00fczel operasyonlar yapt\u0131\u011f\u0131n\u0131 belirten Cerrah, 6,5 y\u0131lda valilik, adliye, askeri ve di\u011fer kurumlarla \u00e7ok g\u00fczel ili\u015fkiler kuruldu\u011funu ve hi\u00e7 sorun ya\u015fanmad\u0131\u011f\u0131n\u0131 kaydetti.<\/p>\n<p style=\"text-align: justify;\"><strong>BASINA TE\u015eEKK\u00dcR<br \/>\n<\/strong>Ba\u015far\u0131l\u0131 operasyonlar\u0131n medya kanal\u0131yla T\u00fcrkiye ve Avrupa&#8217;ya ula\u015ft\u0131r\u0131ld\u0131\u011f\u0131na vurgu yapan Cerrah, &#8221;E\u011fer siz de\u011ferli bas\u0131n mensuplar\u0131 olmasayd\u0131, \u0130stanbul polisi olarak yapt\u0131\u011f\u0131m\u0131z bu operasyonlar\u0131 T\u00fcrkiye&#8217;ye ve hatta Avrupa&#8217;ya duyurma imkan\u0131m\u0131z olmazd\u0131. Avrupa&#8217;daki T\u00fcrk vatanda\u015flar\u0131m\u0131z bile \u0130stanbul&#8217;da yap\u0131lan operasyonlar\u0131 bas\u0131n kanal\u0131yla izleme f\u0131rsat\u0131 buldular ve T\u00fcrk polisinin nelere kadir oldu\u011funu g\u00f6rd\u00fcler. Sizlere te\u015fekk\u00fcr ediyorum. Yapt\u0131\u011f\u0131n\u0131z tenkitler yap\u0131c\u0131yd\u0131. Biz de kendimizi o tenkitlere g\u00f6re hatalar\u0131m\u0131z varsa d\u00fczeltmeye \u00e7al\u0131\u015ft\u0131k. Siz kendi g\u00f6revinizi yapt\u0131n\u0131z, biz kendi g\u00f6revimizi yapt\u0131k. G\u00f6rev yap\u0131l\u0131rken k\u0131rg\u0131nl\u0131k olmaz&#8221; diye konu\u015ftu. Cerrah, Osmaniye Valili\u011fi g\u00f6rvinin \u00e7ok \u015ferefli ve onurlu bir g\u00f6rev oldu\u011funu vurgulayarak, \u015f\u00f6yle konu\u015ftu: &#8221;\u0130stanbul Emniyet M\u00fcd\u00fcrl\u00fc\u011f\u00fc \u00e7ok \u00f6nemli bir g\u00f6revdir. Ama valilik ondan daha \u015ferefli ve daha \u00fcst bir g\u00f6revdir. De\u011ferli b\u00fcy\u00fcklerimin yapt\u0131\u011f\u0131m hizmetlerden sonra beni valilik g\u00f6revi ile \u00f6d\u00fcllendirmeleri, valilik g\u00f6revini vermelerinden dolay\u0131 \u015f\u00fckranlar\u0131m\u0131 sunuyorum. Valilik g\u00f6revi \u015ferefli onurlu bir g\u00f6revdir. Her emniyet m\u00fcd\u00fcr\u00fcn\u00fcn kafas\u0131nda, her idarecinin d\u00fc\u015f\u00fcncesinde mutlaka bir valilik yatmaktad\u0131r. Ben b\u00f6yle onurlu ve \u015ferefli bir g\u00f6reve lay\u0131k olmaya \u00e7al\u0131\u015faca\u011f\u0131m. \u0130stanbul&#8217;da yapt\u0131\u011f\u0131m hizmetlerin daha fazlas\u0131n\u0131 Osmaniye&#8217;de yapaca\u011f\u0131m. Bu g\u00f6revim esnas\u0131nda desteklerinden dolay\u0131 valime \u015f\u00fckranlar\u0131m\u0131 sunuyorum. \u0130stanbul polisini unutmam m\u00fcmk\u00fcn de\u011fil. Mesai arkada\u015flar\u0131ma te\u015fekk\u00fcr ediyorum.&#8221; \u0130stanbul Emniyet M\u00fcd\u00fcrl\u00fc\u011f\u00fcne atanan H\u00fcseyin \u00c7apk\u0131n&#8217;\u0131n tecr\u00fcbeli oldu\u011funu, \u0130stanbul&#8217;da \u00e7ok daha ba\u015far\u0131l\u0131 hizmetler yapaca\u011f\u0131n\u0131 ifade eden Cerrah, &#8221;Hi\u00e7 merak etmeyin, \u00e7ok g\u00fczel, beni kesinlikle aratmayacakt\u0131r. Ben kendisine ba\u015far\u0131lar diliyorum&#8221; dedi. Cerrah, \u0130stanbul&#8217;a hizmet etmenin, meslek i\u00e7inde unutulmayacak hizmetlerden oldu\u011funu dile getirerek, kente huzur ve g\u00fcven ortam\u0131 b\u0131rakt\u0131\u011f\u0131 i\u00e7in de mutlu oldu\u011funu s\u00f6yledi.<\/p>\n<p style=\"text-align: justify;\"><strong>&#8221;BIYIKLARI ZAMANA BIRAKALIM&#8221;<br \/>\n<\/strong>\u0130stanbul Valisi G\u00fcler, bir gazetecinin, &#8221;Bir Vali olarak Cerrah&#8217;a ne tavsiye edersiniz?&#8221; sorusu \u00fczerine, Cerrah&#8217;\u0131n \u00e7al\u0131\u015fmalar\u0131n\u0131 b\u00fcy\u00fck bir deneyim olarak de\u011ferlendirdi\u011fini belirterek, &#8221;T\u00fcrkiye&#8217;nin en k\u0131demli valisiyim. Valili\u011fin 18. y\u0131l\u0131nday\u0131m. 4&#8217;\u00fc b\u00fcy\u00fck \u015fehir olmak \u00fczere 5. ilde valilik yap\u0131yorum. Her mesle\u011fin kendine g\u00f6rev \u00f6zellikleri var. Cerrah ile zaman i\u00e7inde bunlar\u0131 payla\u015faca\u011f\u0131z. Bu g\u00f6revi en iyi \u015fekilde yapaca\u011f\u0131na inan\u0131yorum&#8221; diye konu\u015ftu. Celalettin Cerrah, bir gazetecinin, &#8221;Geriye d\u00f6n\u00fcp bakt\u0131\u011f\u0131n\u0131zda ke\u015fke olmasayd\u0131 dedi\u011finiz bir icraat var m\u0131?&#8221; sorusuna, &#8221;Hep bunu soruyorsunuz da&#8230; G\u00f6z\u00fcm\u00fcn \u00f6n\u00fcnden ge\u00e7irdi\u011fim zaman, 6,5 y\u0131l \u00e7ok uzun zaman. Bir d\u00fc\u015f\u00fcneyim, sonra yan\u0131t vereyim&#8221; \u015feklinde cevap verdi. &#8221;B\u0131y\u0131klar\u0131n\u0131zla da operasyonlar kadar dikkat \u00e7ektiniz. Valilikle b\u0131y\u0131klar\u0131n\u0131z de\u011fi\u015fecek mi?&#8221; sorusu \u00fczerine Cerrah, &#8221;Zamana b\u0131rakal\u0131m&#8221; kar\u015f\u0131l\u0131\u011f\u0131n\u0131 verdi. Bir gazetecinin, &#8221;Bir gazete 1 May\u0131s 2008 sonras\u0131nda &#8216;Gazc\u0131 Karde\u015fler&#8217; diye bir man\u015fet att\u0131. G\u00fcler ile foto\u011fraf\u0131n\u0131z vard\u0131. G\u00f6rd\u00fc\u011f\u00fcn\u00fcz zaman ne hissettiniz?&#8221; sorusu \u00fczerine, &#8221;G\u00f6revimizi yapt\u0131\u011f\u0131m\u0131zdan dolay\u0131 b\u00f6yle bir man\u015fet atm\u0131\u015flar. Hi\u00e7bir \u015fey hissetmedim&#8221; dedi. G\u00fcler de ayn\u0131 soruyu, &#8221;Bu y\u0131lki 1 May\u0131s man\u015fetlerini s\u00f6ylemiyorsunuz ama&#8221; \u015feklinde yan\u0131tlad\u0131. Celalettin Cerrah, bir ba\u015fka soru \u00fczerine, \u0130stanbul&#8217;un b\u00fcy\u00fck bir kent oldu\u011funu belirterek, bu kentte operasyonlar\u0131n bitmeyece\u011fini, gelecek arkada\u015f\u0131n daha fazla operasyonlar yapmak zorunda oldu\u011funu s\u00f6yledi.\u00a0 \u0130stanbul&#8217;u \u00e7ok sevdi\u011fini, hizmet etmekten de \u015feref ve onur duydu\u011funu ifade eden Cerrah, \u015funlar\u0131 kaydetti: &#8221;6,5 y\u0131l gecemi g\u00fcnd\u00fcz\u00fcme katarak \u00e7al\u0131\u015ft\u0131m. Ge\u00e7enlerde de beyan ettim. Bakt\u0131m k\u00fc\u00e7\u00fck k\u0131z\u0131ma, b\u00fcy\u00fcm\u00fc\u015f, hi\u00e7 fark\u0131nda de\u011filim. &#8216;Acaba \u00e7ocuklar\u0131m\u0131n da bende b\u00fcy\u00fck bir hakk\u0131 olabilir mi?&#8217; diye d\u00fc\u015f\u00fcnd\u00fcm. \u00c7ocuklar\u0131m dedi ki, &#8216;Baba \u00e7ok ge\u00e7 kald\u0131n.&#8217; Ama ge\u00e7 kalmad\u0131m, \u00e7ocu\u011fuma da onu s\u00f6yledim. &#8216;K\u0131z\u0131m \u0130stanbul&#8217;a hizmet ettim, bu hizmetin kar\u015f\u0131l\u0131\u011f\u0131n\u0131 halkta verir, herkes de verir, nitekim de vali olduk&#8217; dedim. K\u0131z\u0131m da bo\u011faz\u0131ma sar\u0131ld\u0131 \u00f6pt\u00fc.&#8221;<\/p>\n<p style=\"text-align: justify;\"><strong>UYU\u015eTURUCU \u0130LE M\u00dcCADELE<br \/>\n<\/strong>Cerrah, bir gazetecinin, bug\u00fcn\u00fcn &#8221;D\u00fcnya Uyu\u015fturucu ile M\u00fccadele G\u00fcn\u00fc&#8221; oldu\u011funu an\u0131msatmas\u0131 \u00fczerine, uyu\u015fturucu ile m\u00fccadele konusunda \u00f6nemli operasyonlar yapt\u0131klar\u0131n\u0131, 6,5 y\u0131lda 76 ton, bu y\u0131l\u0131n ilk 6 ay\u0131nda da 3 ton uyu\u015fturucu yakaland\u0131\u011f\u0131n\u0131 bildirdi. Sokak operasyonlar\u0131 ile gen\u00e7leri uyu\u015fturucudan uzak tutmaya \u00e7al\u0131\u015ft\u0131klar\u0131n\u0131, T\u00fcrk gen\u00e7li\u011fini uyu\u015fturucudan kurtard\u0131klar\u0131n\u0131 belirten Cerrah, &#8221;Bu operasyonlar sayesinde ceza evleri doldu&#8221; dedi. \u0130stanbul Valisi G\u00fcler de yap\u0131lan operasyonlar\u0131n T\u00fcrkiye&#8217;yi transit \u00fclke konumundan \u00e7\u0131kard\u0131\u011f\u0131n\u0131 vurgulad\u0131. Ziyaretin sonunda Muammer G\u00fcler, Celalettin Cerrah&#8217;a takdirname ve vazo hediye etti.<\/p>\n<p><a href=\"http:\/\/www.gazeteport.com.tr\/GUNCEL\/NEWS\/GP_488348\" target=\"_blank\"><span style=\"color: #888888;\">Kaynak : Gazeteport<\/span><\/a>\n<\/p>\n<p style=\"text-align: justify;\"><img loading=\"lazy\" decoding=\"async\" class=\"aligncenter size-full wp-image-10489\" src=\"http:\/\/www.korhanyilmaz.com\/wp-content\/uploads\/2009\/06\/gp_488346.jpg\" alt=\"\" width=\"400\" height=\"521\" \/><\/p>\n<p style=\"text-align: justify;\"><img loading=\"lazy\" decoding=\"async\" class=\"aligncenter size-full wp-image-10490\" src=\"http:\/\/www.korhanyilmaz.com\/wp-content\/uploads\/2009\/06\/gp_488345.jpg\" alt=\"\" width=\"400\" height=\"557\" \/><\/p>\n<p style=\"text-align: justify;\"><span style=\"color: #888888;\"><br \/>\n<\/span><\/p>\n","protected":false},"excerpt":{"rendered":"<\/p>\n<p style=\"text-align: justify;\">Osmaniye Valili\u011fi&#8217;ne atanan \u0130stanbul Emniyet M\u00fcd\u00fcr\u00fc Celalettin Cerrah, \u0130stanbul Valisi Muammer G\u00fcler&#8217;e veda ziyaretinde bulundu. Ziyaret s\u0131ras\u0131nda, bir gazetecinin, &#8221;Bir gazete 1 May\u0131s 2008 sonras\u0131nda &#8216;Gazc\u0131 Karde\u015fler&#8217; diye bir man\u015fet att\u0131. G\u00fcler ile foto\u011fraf\u0131n\u0131z vard\u0131. G\u00f6rd\u00fc\u011f\u00fcn\u00fcz zaman ne hissettiniz?&#8221; sorusu \u00fczerine, Cerrah, &#8221;G\u00f6revimizi yapt\u0131\u011f\u0131m\u0131zdan dolay\u0131 b\u00f6yle bir man\u015fet atm\u0131\u015flar. Hi\u00e7bir \u015fey hissetmedim&#8221; <\/p>\n","protected":false},"author":1,"featured_media":0,"comment_status":"open","ping_status":"closed","sticky":false,"template":"","format":"standard","meta":{"footnotes":""},"categories":[105],"tags":[],"class_list":["post-10487","post","type-post","status-publish","format-standard","hentry","category-gundem","odd"],"_links":{"self":[{"href":"http:\/\/www.korhanyilmaz.com\/index.php?rest_route=\/wp\/v2\/posts\/10487","targetHints":{"allow":["GET"]}}],"collection":[{"href":"http:\/\/www.korhanyilmaz.com\/index.php?rest_route=\/wp\/v2\/posts"}],"about":[{"href":"http:\/\/www.korhanyilmaz.com\/index.php?rest_route=\/wp\/v2\/types\/post"}],"author":[{"embeddable":true,"href":"http:\/\/www.korhanyilmaz.com\/index.php?rest_route=\/wp\/v2\/users\/1"}],"replies":[{"embeddable":true,"href":"http:\/\/www.korhanyilmaz.com\/index.php?rest_route=%2Fwp%2Fv2%2Fcomments&post=10487"}],"version-history":[{"count":0,"href":"http:\/\/www.korhanyilmaz.com\/index.php?rest_route=\/wp\/v2\/posts\/10487\/revisions"}],"wp:attachment":[{"href":"http:\/\/www.korhanyilmaz.com\/index.php?rest_route=%2Fwp%2Fv2%2Fmedia&parent=10487"}],"wp:term":[{"taxonomy":"category","embeddable":true,"href":"http:\/\/www.korhanyilmaz.com\/index.php?rest_route=%2Fwp%2Fv2%2Fcategories&post=10487"},{"taxonomy":"post_tag","embeddable":true,"href":"http:\/\/www.korhanyilmaz.com\/index.php?rest_route=%2Fwp%2Fv2%2Ftags&post=10487"}],"curies":[{"name":"wp","href":"https:\/\/api.w.org\/{rel}","templated":true}]}}