{"id":10481,"date":"2009-06-26T17:39:12","date_gmt":"2009-06-26T14:39:12","guid":{"rendered":"http:\/\/www.korhanyilmaz.com\/?p=10481"},"modified":"2009-06-26T17:39:12","modified_gmt":"2009-06-26T14:39:12","slug":"polisin-vurdugu-cagdas-gemlik-davasinda-aileye-dayak","status":"publish","type":"post","link":"http:\/\/www.korhanyilmaz.com\/?p=10481","title":{"rendered":"Polisin vurdu\u011fu \u00c7a\u011fda\u015f Gemlik davas\u0131nda aileye dayak"},"content":{"rendered":"<p style=\"text-align: center;\"><img loading=\"lazy\" decoding=\"async\" class=\"aligncenter size-full wp-image-10482\" src=\"http:\/\/www.korhanyilmaz.com\/wp-content\/uploads\/2009\/06\/fft28_mf197051.Jpeg\" alt=\"\" width=\"306\" height=\"204\" \/><\/p>\n<p style=\"text-align: justify;\"><span style=\"color: #000000;\"><strong>Mahkeme salonunda polis biber gaz\u0131 \u00e7\u0131kt\u0131. <\/strong><\/span><\/p>\n<p style=\"text-align: justify;\"><span style=\"color: #888888;\">ANTALYA<\/span> &#8211; Ge\u00e7en y\u0131l 27 Ekim&#8217;de \u2018dur\u2019 uyar\u0131s\u0131na uymayan \u00c7a\u011fda\u015f Gemik&#8217;i tabancayla vurarak \u00f6ld\u00fcrd\u00fc\u011f\u00fc iddia edilen tutuklu polis memuru Mehmet Ergin&#8217;in yarg\u0131land\u0131\u011f\u0131 davan\u0131n ikinci duru\u015fmas\u0131nda olay \u00e7\u0131kt\u0131. Adliye koridorlar\u0131nda arbede \u00e7\u0131karken, polis biber gaz\u0131 s\u0131karak 16 ki\u015fiyi g\u00f6zalt\u0131na ald\u0131. Polis ile Gemik&#8217;in yak\u0131nlar\u0131 aras\u0131ndaki arbedede \u00e7ok say\u0131da ki\u015fi de yaraland\u0131. Adliye bo\u015falt\u0131l\u0131rken, giri\u015f kap\u0131lar\u0131n\u0131n camlar\u0131 k\u0131r\u0131ld\u0131.<\/p>\n<p style=\"text-align: justify;\">Antalya&#8217;da 27 Ekim pazartesi g\u00fcn\u00fc \u00f6\u011fleden sonra devriye gezen ekibin \u2018dur\u2019 uyar\u0131s\u0131na uymayarak ka\u00e7an motosikletli iki gence ate\u015f a\u00e7an, \u00d6nleyici Hizmetler \u015eubesi&#8217;nde g\u00f6revli polis memuru 34 ya\u015f\u0131ndaki Mehmet Ergin, gen\u00e7lerden 18 ya\u015f\u0131ndaki \u00c7a\u011fda\u015f Gemik&#8217;in \u00f6l\u00fcm\u00fcne neden olmu\u015ftu. \u00c7\u0131kar\u0131ld\u0131\u011f\u0131 mahkemece tutuklanan 13 y\u0131ll\u0131k polis memuru Ergin, cezaevine g\u00f6nderilmi\u015fti.<!--more--><\/p>\n<p style=\"text-align: justify;\">Polis memuru Ergin hakk\u0131nda \u2018kasten adam \u00f6ld\u00fcrmek\u2019 su\u00e7undan \u00f6m\u00fcr boyu hapis cezas\u0131 istemiyle a\u00e7\u0131lan davan\u0131n bug\u00fcn ikinci duru\u015fmas\u0131 yap\u0131ld\u0131. Duru\u015fmadan \u00f6nce \u00c7a\u011fda\u015f Gemik&#8217;in ailesi ve yak\u0131nlar\u0131yla, Antalya \u00d6zg\u00fcrl\u00fckler Derne\u011fi \u00fcyeleri, adliye bah\u00e7esinde toplanarak slogan at\u0131p bas\u0131n a\u00e7\u0131klamas\u0131 yapt\u0131. \u2018Bug\u00fcn \u00c7a\u011fda\u015f Gemik, yar\u0131n s\u0131ra hangimizde? Adalet istiyoruz\u2019 ve \u2018\u00c7a\u011fda\u015f&#8217;\u0131n katili polis cezaland\u0131r\u0131ls\u0131n\u2019 yaz\u0131l\u0131 iki pankart a\u00e7an yakla\u015f\u0131k 50 ki\u015filik grup, ellerinde \u00c7a\u011fda\u015f&#8217;\u0131n foto\u011fraflar\u0131n\u0131n oldu\u011fu d\u00f6vizlerle bir s\u00fcre y\u00fcr\u00fcd\u00fckten sonra adliyeye girdi.<\/p>\n<p style=\"text-align: justify;\"><strong>DURU\u015eMADA \u2018KAT\u0130L\u2019 D\u0130YE BA\u011eIRDI<\/strong><\/p>\n<p style=\"text-align: justify;\">Antalya 3&#8217;\u00fcnc\u00fc A\u011f\u0131r Ceza Mahkemesi&#8217;ndeki duru\u015fma saat 11.05&#8217;te ba\u015flad\u0131. Tutuklu polis memuru Mehmet Ergin&#8217;le ilgili m\u00fcfetti\u015flerin verdi\u011fi rapor okundu. Kendisini savunmak i\u00e7in s\u00f6z alan Mehmet Ergin, \u201c\u0130ki kez ka\u00e7t\u0131, iki kez direndi. \u0130lkinde havaya do\u011fru dur ate\u015fi ettim. \u0130kinci defaki at\u0131\u015f\u0131m iradem d\u0131\u015f\u0131nda ger\u00e7ekle\u015fti\u201d dedi.<\/p>\n<p style=\"text-align: justify;\">Bu s\u00f6zler \u00fczerine arka s\u0131ralarda oturan \u00c7a\u011fda\u015f Gemik&#8217;in amcas\u0131n\u0131n k\u0131z\u0131 Z\u00fcmr\u00fct Erdo\u011fan, \u2018Katil\u2019 diye ba\u011f\u0131rd\u0131. Ad\u0131 \u00f6\u011frenilemeyen top sakall\u0131 bir gen\u00e7 de, \u201cSen cezan\u0131 al \u00e7\u0131k d\u0131\u015far\u0131, ben sana g\u00f6sterece\u011fim. Ulan sen iki kelimeyi konu\u015fam\u0131yorsun\u201d diye ba\u011f\u0131rd\u0131.<\/p>\n<p style=\"text-align: justify;\">Mahkeme Ba\u015fkan\u0131 Mustafa Zeki S\u00f6\u011f\u00fct, duru\u015fma salonunda san\u0131\u011f\u0131 tehdit eden bu iki ki\u015finin d\u0131\u015far\u0131 \u00e7\u0131kart\u0131l\u0131p g\u00f6zalt\u0131na al\u0131nmas\u0131n\u0131 istedi. Top sakall\u0131 erkek \u00e7\u0131kart\u0131ld\u0131, Z\u00fcmr\u00fct Erdo\u011fan ise g\u00f6revlilere bir s\u00fcre direndi. Bu s\u0131rada ifadesine devam eden polis memuru Ergin, \u201cNe \u015fahs\u0131n kendisine do\u011fru ate\u015f ettim, ne de motorunu hedef ald\u0131m? Vicdanen rahat\u0131m. G\u00f6revimi yapt\u0131m. O g\u00fcn iki ayr\u0131 olay\u0131n failini yakalam\u0131\u015ft\u0131m. Bu \u00fc\u00e7\u00fcnc\u00fcyd\u00fc\u201d dedi.<\/p>\n<p style=\"text-align: justify;\"><strong>POL\u0130S KOR\u0130DORDA B\u0130BER GAZI SIKTI <\/strong><\/p>\n<p style=\"text-align: justify;\">Mahkeme Ba\u015fkan\u0131 S\u00f6\u011f\u00fct, Adli T\u0131p Kurumu&#8217;ndan gelecek ayr\u0131nt\u0131l\u0131 raporun beklenilmesi i\u00e7in polis Mehmet Ergin&#8217;in tutukluluk halinin devam\u0131na karar verip duru\u015fmay\u0131 erteledi\u011fini duyururken, salonda \u201cSeninle hesapla\u015faca\u011f\u0131z\u201d diye ba\u011f\u0131ran grup, san\u0131k sandalyesindeki Ergin&#8217;e sald\u0131rmak istedi.<\/p>\n<p style=\"text-align: justify;\">San\u0131\u011f\u0131 korumakla g\u00f6revli jandarmalar, Mehmet Ergin&#8217;i nezarethane kap\u0131s\u0131ndan ka\u00e7\u0131rd\u0131. Mahkeme salonunda g\u00fcvenlik i\u00e7in bulunan \u00e7evik kuvvet polisi, olaya m\u00fcdahale etti ve salonun bo\u015falt\u0131lmas\u0131n\u0131 istedi. Ergin&#8217;i \u00f6l\u00fcmle tehdit eden dernek \u00fcyeleri ve aile yak\u0131nlar\u0131 ile polisler aras\u0131nda arbede \u00e7\u0131kt\u0131. Mahkeme Ba\u015fkan\u0131 S\u00f6\u011f\u00fct&#8217;\u00fcn, olay \u00e7\u0131kartan grubun g\u00f6zalt\u0131na al\u0131nmas\u0131 talimat\u0131yla harekete ge\u00e7en polis, kalabal\u0131\u011f\u0131 duru\u015fma salonunun d\u0131\u015f\u0131na \u00e7\u0131kart\u0131p \u00e7embere ald\u0131. Direni\u015fin s\u00fcrmesi \u00fczerine kasklar\u0131n\u0131 ve gaz maskelerini takan polis, adliye koridorunda biber gaz\u0131 s\u0131k\u0131p coplad\u0131\u011f\u0131 16 dernek \u00fcyesini g\u00f6zalt\u0131na ald\u0131. Arbede s\u0131ras\u0131nda, gazeteciler ve ba\u015fka duru\u015fmalar\u0131 bekleyenler ile avukatlar biber gaz\u0131ndan etkilendi. Arada ezilme tehlikesi ge\u00e7irenler oldu. G\u00f6zalt\u0131lar s\u0131ras\u0131nda adliyenin giri\u015f ve \u00e7\u0131k\u0131\u015f kap\u0131lar\u0131n\u0131n camlar\u0131 k\u0131r\u0131ld\u0131.<\/p>\n<p style=\"text-align: justify;\"><strong>\u00c7A\u011eDA\u015e&#8217;IN BABASI DA YARALANDI<\/strong><\/p>\n<p style=\"text-align: justify;\"><img loading=\"lazy\" decoding=\"async\" class=\"alignleft size-full wp-image-10483\" style=\"margin-left: 15px; margin-right: 15px;\" title=\"Arbede s\u0131ras\u0131nda yaralananlar aras\u0131nda \u00c7a\u011fda\u015f Gemik'in babas\u0131 Ha\u015fim Gemik de yer ald\u0131.\" src=\"http:\/\/www.korhanyilmaz.com\/wp-content\/uploads\/2009\/06\/fft16_mf197044.Jpeg\" alt=\"\" width=\"180\" height=\"259\" \/>Polis yo\u011fun g\u00fcvenlik \u00f6nlemleri alt\u0131nda \u00c7a\u011fda\u015f Gemik&#8217;in yak\u0131nlar\u0131n\u0131 adliye binas\u0131ndan \u00e7\u0131kart\u0131rken, adliyenin \u00f6n\u00fc de \u00e7evik kuvvet ekipleri taraf\u0131ndan kapat\u0131ld\u0131. G\u00f6zalt\u0131na al\u0131nanlar adliyedeki polis merkezine g\u00f6t\u00fcr\u00fcl\u00fcrken, \u00c7a\u011fda\u015f Gemik&#8217;in di\u011fer yak\u0131nlar\u0131 adliye bah\u00e7esinde b\u0131rak\u0131ld\u0131.<\/p>\n<p style=\"text-align: justify;\">Arbede s\u0131ras\u0131nda yaralananlar aras\u0131nda \u00c7a\u011fda\u015f Gemik&#8217;in babas\u0131 Ha\u015fim Gemik de yer ald\u0131. Ba\u015f\u0131ndan kan akan Ha\u015fim Gemik, \u201cK\u0131z\u0131m\u0131 kurtarmaya \u00e7al\u0131\u015f\u0131rken polis kafama telsizle vurdu\u201d dedi. Ha\u015fim Gemik&#8217;in kafas\u0131ndaki yaraya m\u00fcdahale edilip sarg\u0131 beziyle sar\u0131ld\u0131.<\/p>\n<p style=\"text-align: justify;\"><span style=\"color: #808080;\">Kaynak : Radikal<\/span><\/p>\n","protected":false},"excerpt":{"rendered":"<p style=\"text-align: center;\">\n<p style=\"text-align: justify;\">Mahkeme salonunda polis biber gaz\u0131 \u00e7\u0131kt\u0131. <\/p>\n<p style=\"text-align: justify;\">ANTALYA &#8211; Ge\u00e7en y\u0131l 27 Ekim&#8217;de \u2018dur\u2019 uyar\u0131s\u0131na uymayan \u00c7a\u011fda\u015f Gemik&#8217;i tabancayla vurarak \u00f6ld\u00fcrd\u00fc\u011f\u00fc iddia edilen tutuklu polis memuru Mehmet Ergin&#8217;in yarg\u0131land\u0131\u011f\u0131 davan\u0131n ikinci duru\u015fmas\u0131nda olay \u00e7\u0131kt\u0131. Adliye koridorlar\u0131nda arbede \u00e7\u0131karken, polis biber gaz\u0131 s\u0131karak 16 ki\u015fiyi g\u00f6zalt\u0131na ald\u0131. Polis ile <\/p>\n","protected":false},"author":1,"featured_media":0,"comment_status":"open","ping_status":"closed","sticky":false,"template":"","format":"standard","meta":{"footnotes":""},"categories":[105],"tags":[],"class_list":["post-10481","post","type-post","status-publish","format-standard","hentry","category-gundem","odd"],"_links":{"self":[{"href":"http:\/\/www.korhanyilmaz.com\/index.php?rest_route=\/wp\/v2\/posts\/10481","targetHints":{"allow":["GET"]}}],"collection":[{"href":"http:\/\/www.korhanyilmaz.com\/index.php?rest_route=\/wp\/v2\/posts"}],"about":[{"href":"http:\/\/www.korhanyilmaz.com\/index.php?rest_route=\/wp\/v2\/types\/post"}],"author":[{"embeddable":true,"href":"http:\/\/www.korhanyilmaz.com\/index.php?rest_route=\/wp\/v2\/users\/1"}],"replies":[{"embeddable":true,"href":"http:\/\/www.korhanyilmaz.com\/index.php?rest_route=%2Fwp%2Fv2%2Fcomments&post=10481"}],"version-history":[{"count":0,"href":"http:\/\/www.korhanyilmaz.com\/index.php?rest_route=\/wp\/v2\/posts\/10481\/revisions"}],"wp:attachment":[{"href":"http:\/\/www.korhanyilmaz.com\/index.php?rest_route=%2Fwp%2Fv2%2Fmedia&parent=10481"}],"wp:term":[{"taxonomy":"category","embeddable":true,"href":"http:\/\/www.korhanyilmaz.com\/index.php?rest_route=%2Fwp%2Fv2%2Fcategories&post=10481"},{"taxonomy":"post_tag","embeddable":true,"href":"http:\/\/www.korhanyilmaz.com\/index.php?rest_route=%2Fwp%2Fv2%2Ftags&post=10481"}],"curies":[{"name":"wp","href":"https:\/\/api.w.org\/{rel}","templated":true}]}}