{"id":10472,"date":"2009-06-26T15:40:08","date_gmt":"2009-06-26T13:40:08","guid":{"rendered":"http:\/\/www.korhanyilmaz.com\/?p=10472"},"modified":"2009-06-26T15:40:08","modified_gmt":"2009-06-26T13:40:08","slug":"hemen-intihar-etsin","status":"publish","type":"post","link":"http:\/\/www.korhanyilmaz.com\/?p=10472","title":{"rendered":"&#039;Hemen intihar etsin&#039;"},"content":{"rendered":"<p style=\"text-align: center;\"><img loading=\"lazy\" decoding=\"async\" class=\"aligncenter size-full wp-image-10473\" title=\"Tunceli Ba\u011f\u0131ms\u0131z Milletvekili Kamer Gen\u00e7,\" src=\"http:\/\/www.korhanyilmaz.com\/wp-content\/uploads\/2009\/06\/14072.jpg\" alt=\"Tunceli Ba\u011f\u0131ms\u0131z Milletvekili Kamer Gen\u00e7,\" width=\"333\" height=\"194\" \/><\/p>\n<p style=\"text-align: justify;\"><strong>Kamer Gen\u00e7&#8217;ten Kenan Evren&#8217;e yan\u0131t geldi. <\/strong><\/p>\n<p style=\"text-align: justify;\">Tunceli Ba\u011f\u0131ms\u0131z Milletvekili Kamer Gen\u00e7, eski Cumhurba\u015fkan\u0131 Kenan Evren&#8217;in \u201cE\u011fer halk benim i\u00e7in &#8216;Yarg\u0131lans\u0131n&#8217; derse, yarg\u0131y\u0131 beklemem intihar ederim\u201d \u015feklindeki a\u00e7\u0131klamas\u0131n\u0131 NTV&#8217;ye de\u011ferlendirdi.<\/p>\n<p style=\"text-align: justify;\"><strong>Kara leke bir an \u00f6nce silinsin <\/strong><\/p>\n<p style=\"text-align: justify;\">\u201c12 Eyl\u00fcl, laik T.C. devletinin b\u00fct\u00fcnl\u00fc\u011f\u00fcn\u00fcn korunmas\u0131 konusundaki konuya \u00e7ok b\u00fcy\u00fck bir darbe vurmu\u015ftur. Demokrasi ask\u0131ya al\u0131nm\u0131\u015ft\u0131r. Bir\u00e7ok masum inan\u0131n \u00f6l\u00fcm\u00fcne, i\u015fkence g\u00f6rmesine, i\u015finden ve a\u015f\u0131ndan olmas\u0131na neden olmu\u015ftur. T\u00fcrkiye&#8217;de \u015feriat d\u00fczeninin gelip oturmas\u0131 i\u00e7in \u00e7ok b\u00fcy\u00fck zemin haz\u0131rlam\u0131\u015ft\u0131r. Elbette, bu kara lekenin bir an \u00f6nce silinmesi herkesin isteyece\u011fi bir konudur. <!--more--><\/p>\n<p style=\"text-align: justify;\">Tek ba\u015f\u0131na ihtilalc\u0131lar\u0131 de\u011fil, o sivil politikac\u0131lar\u0131 da sorumlu tutmak laz\u0131m. Devleti y\u00f6netme konusunda acizlik i\u00e7inde olan y\u00f6neticiler o makamlar\u0131 korumak i\u00e7in direnirlerse maalesef b\u00f6yle darbecilerde kurtar\u0131c\u0131 s\u0131fat\u0131na gelir.<\/p>\n<p style=\"text-align: justify;\"><strong>Halk\u0131 kand\u0131r\u0131yorlar <\/strong><\/p>\n<p style=\"text-align: justify;\">Ge\u00e7ici 15. Madde&#8217;nin \u00e7\u0131kar\u0131lmas\u0131 konusunda getirilerse ben de imza atar\u0131m. Kimin cezas\u0131 varsa \u00e7eksin. Ama bunu g\u00f6z alamazlar. 15. Madde&#8217;nin kalkmas\u0131 bir \u015fey ifade etmiyor. Ayr\u0131ca benim dokunulmazl\u0131\u011f\u0131m\u0131n da kald\u0131r\u0131lmas\u0131 gerekir. Ama benim dokunulmazl\u0131\u011f\u0131m\u0131 kald\u0131rmay\u0131 Tayyip Erdo\u011fan g\u00f6ze alamaz. Kald\u0131rd\u0131\u011f\u0131 zaman onun milletvekilli\u011fi ve dokunulmazl\u0131\u011f\u0131n\u0131n da kalkmas\u0131 laz\u0131m. Yani bo\u015f i\u015flerle u\u011fra\u015f\u0131yorlar. Onun i\u00e7in yap\u0131lan g\u00fcndemi de\u011fi\u015ftirmek, halk\u0131 kand\u0131r\u0131yorlar.<\/p>\n<p style=\"text-align: justify;\"><strong>Kahramanl\u0131k yapmas\u0131n \u0130NT\u0130HAR etsin <\/strong><\/p>\n<p style=\"text-align: justify;\">Yarg\u0131lans\u0131n, herkes hak etti\u011fi cezay\u0131 ya kendi eliyle ya da kanunla \u00e7ekmelidir. E\u011fer birileri &#8216;Kanunu beklemeyeyim, cezam\u0131 kendim \u00e7ekerim&#8217; derse kendisini tebrik ederiz. Kenan Evren de \u00f6yle kahramanl\u0131k yapmas\u0131n. Kendisi b\u00fcy\u00fck bir su\u00e7ludur. Ona tavsiye ediyorum, hemen bug\u00fcnden tezi yok intihar etsin.&#8221;<\/p>\n<p style=\"text-align: justify;\"><span style=\"color: #888888;\">Kaynak : Vatan<\/span><\/p>\n","protected":false},"excerpt":{"rendered":"<p style=\"text-align: center;\">\n<p style=\"text-align: justify;\">Kamer Gen\u00e7&#8217;ten Kenan Evren&#8217;e yan\u0131t geldi. <\/p>\n<p style=\"text-align: justify;\">Tunceli Ba\u011f\u0131ms\u0131z Milletvekili Kamer Gen\u00e7, eski Cumhurba\u015fkan\u0131 Kenan Evren&#8217;in \u201cE\u011fer halk benim i\u00e7in &#8216;Yarg\u0131lans\u0131n&#8217; derse, yarg\u0131y\u0131 beklemem intihar ederim\u201d \u015feklindeki a\u00e7\u0131klamas\u0131n\u0131 NTV&#8217;ye de\u011ferlendirdi.<\/p>\n<p style=\"text-align: justify;\">Kara leke bir an \u00f6nce silinsin <\/p>\n<p style=\"text-align: justify;\">\u201c12 Eyl\u00fcl, laik T.C. devletinin b\u00fct\u00fcnl\u00fc\u011f\u00fcn\u00fcn korunmas\u0131 <\/p>\n","protected":false},"author":1,"featured_media":0,"comment_status":"open","ping_status":"closed","sticky":false,"template":"","format":"standard","meta":{"footnotes":""},"categories":[105],"tags":[],"class_list":["post-10472","post","type-post","status-publish","format-standard","hentry","category-gundem","odd"],"_links":{"self":[{"href":"http:\/\/www.korhanyilmaz.com\/index.php?rest_route=\/wp\/v2\/posts\/10472","targetHints":{"allow":["GET"]}}],"collection":[{"href":"http:\/\/www.korhanyilmaz.com\/index.php?rest_route=\/wp\/v2\/posts"}],"about":[{"href":"http:\/\/www.korhanyilmaz.com\/index.php?rest_route=\/wp\/v2\/types\/post"}],"author":[{"embeddable":true,"href":"http:\/\/www.korhanyilmaz.com\/index.php?rest_route=\/wp\/v2\/users\/1"}],"replies":[{"embeddable":true,"href":"http:\/\/www.korhanyilmaz.com\/index.php?rest_route=%2Fwp%2Fv2%2Fcomments&post=10472"}],"version-history":[{"count":0,"href":"http:\/\/www.korhanyilmaz.com\/index.php?rest_route=\/wp\/v2\/posts\/10472\/revisions"}],"wp:attachment":[{"href":"http:\/\/www.korhanyilmaz.com\/index.php?rest_route=%2Fwp%2Fv2%2Fmedia&parent=10472"}],"wp:term":[{"taxonomy":"category","embeddable":true,"href":"http:\/\/www.korhanyilmaz.com\/index.php?rest_route=%2Fwp%2Fv2%2Fcategories&post=10472"},{"taxonomy":"post_tag","embeddable":true,"href":"http:\/\/www.korhanyilmaz.com\/index.php?rest_route=%2Fwp%2Fv2%2Ftags&post=10472"}],"curies":[{"name":"wp","href":"https:\/\/api.w.org\/{rel}","templated":true}]}}