{"id":10460,"date":"2009-06-26T17:08:13","date_gmt":"2009-06-26T14:08:13","guid":{"rendered":"http:\/\/www.korhanyilmaz.com\/?p=10460"},"modified":"2009-06-26T17:08:13","modified_gmt":"2009-06-26T14:08:13","slug":"bakmayin-one-minute-dedigine","status":"publish","type":"post","link":"http:\/\/www.korhanyilmaz.com\/?p=10460","title":{"rendered":"Bakmay\u0131n &#039;One Minute&#039; dedi\u011fine!"},"content":{"rendered":"<p style=\"text-align: center;\"><img loading=\"lazy\" decoding=\"async\" class=\"aligncenter size-full wp-image-10461\" src=\"http:\/\/www.korhanyilmaz.com\/wp-content\/uploads\/2009\/06\/2009-06-26_181901.jpg\" alt=\"\" width=\"259\" height=\"174\" \/><\/p>\n<p style=\"text-align: justify;\"><strong>Y\u00fcksek \u00d6\u011fretim Kurumu (Y\u00d6K) Ba\u015fkan\u0131 Prof. Dr. Yusuf Ziya \u00d6zcan, T\u00fcrkiye&#8217;nin Cumhuriyet tarihi boyunca ba\u015far\u0131s\u0131z oldu\u011fu konulardan birinin yabanc\u0131 dil e\u011fitimi oldu\u011funu s\u00f6yleyerek, \u201cBunu derhal \u00e7\u00f6zmemiz laz\u0131m.<\/strong>Ka\u00e7 param\u0131z giderse gitsin hi\u00e7 \u00f6nemli de\u011fil. \u015eimdi ben bu hususu Ba\u015fbakan\u0131m\u0131za da bahsettim. Oda dedi ki \u2018<strong>Hocam ne d\u00fc\u015f\u00fcn\u00fcyorsan arkanday\u0131m. Ben de bilmiyorum ve \u00e7ok utan\u0131yorum. B\u00fct\u00fcn \u00e7ocuklar\u0131m konu\u015fuyor ben konu\u015fam\u0131yorum<\/strong>\u2019 dedi. Yani Ba\u015fbakan&#8217;\u0131n bile i\u00e7ini s\u0131zlatan bir konu yani\u201d dedi.<\/p>\n<p style=\"text-align: justify;\"><strong><\/strong>K.MARA\u015e &#8211; Y\u00d6K Ba\u015fkan\u0131 \u00d6zcan, Kahramanmara\u015f S\u00fct\u00e7\u00fc \u0130mam \u00dcniversitesi&#8217;nde (KS\u00dc) d\u00fczenlenen \u2018Y\u00d6K Ulusal \u00d6\u011frenci Konseyi \u0130kinci Ola\u011fan Genel Kurulu&#8217;nda 132 \u00fcniversitenin \u00f6\u011frenci konseyi ba\u015fkanlar\u0131na hitap etti. KS\u00dc Prof. Dr. Abdullah Nafi Baytorun Konferans Salonu&#8217;nda ger\u00e7ekle\u015fen genel kurulda Y\u00d6K&#8217;\u00fcn yapt\u0131\u011f\u0131 \u00e7al\u0131\u015fmalar hakk\u0131nda \u00f6\u011frencilere bilgiler veren \u00d6zcan, y\u00fcksek \u00f6\u011fretimdeki problemleri anlatt\u0131. <!--more-->E\u011fitimde cumhuriyet tarihi boyunca ba\u015far\u0131s\u0131z olunan konular\u0131n ba\u015f\u0131nda yabanc\u0131 dil e\u011fitimi geldi\u011fini vurgulayan Prof. Dr. \u00d6zcan, bu konuyu Ba\u015fbakan Recep Tayyip Erdo\u011fan ile g\u00f6r\u00fc\u015ft\u00fc\u011f\u00fc an\u0131s\u0131n\u0131 \u015f\u00f6yle aktard\u0131:<br \/>\n\u201cBence Cumhuriyet tarihinde beceremedi\u011fimiz, ger\u00e7ekten ba\u015far\u0131s\u0131z oldu\u011fumuz konulardan bir tanesi yabanc\u0131 dil \u00f6\u011fretimi. Derhal \u00e7\u00f6zmemiz laz\u0131m. Ne pahas\u0131na olursa olsun \u00e7\u00f6zmemiz laz\u0131m. Ka\u00e7 param\u0131z giderse gitsin hi\u00e7 \u00f6nemli de\u011fil. \u015eimdi ben bu hususu Ba\u015fbakan\u0131m\u0131za da bahsettim. Oda dedi ki, \u2018Hocam ne d\u00fc\u015f\u00fcn\u00fcyorsan arkanday\u0131m. Ben de bilmiyorum ve \u00e7ok utan\u0131yorum. B\u00fct\u00fcn \u00e7ocuklar\u0131m konu\u015fuyor ben konu\u015fam\u0131yorum\u2019 dedi. Yani Ba\u015fbakan&#8217;\u0131n bile i\u00e7ini s\u0131zlatan bir konu yani, d\u00fc\u015f\u00fcnebiliyor musunuz?\u201d Y\u00d6K olarak mesleki ve teknik e\u011fitimin yeniden yap\u0131land\u0131r\u0131lmas\u0131 i\u00e7in \u00e7al\u0131\u015fmalar y\u00fcr\u00fctt\u00fcklerini kaydeden \u00d6zcan, \u201cBizim yapt\u0131\u011f\u0131m\u0131z i\u015flerden en \u00f6nemlisi mesleki ve teknik e\u011fitimin yeniden yap\u0131land\u0131r\u0131lmas\u0131 ile ilgilidir. Ben kendimi bildim bileli bu memlekette mesleki ve teknik e\u011fitimin adam edilmesi meselesi konu\u015fulur. Mesela ben hat\u0131rl\u0131yorum, ben ortaokul, lise y\u0131llar\u0131ndayken bir \u00f6\u011frencinin mesleki okula gitmesi i\u00e7in torpil gerekirdi. Herkes elektrik- elektronik b\u00f6l\u00fcm\u00fcne, motor b\u00f6l\u00fcm\u00fcne \u015fu veya bu b\u00f6l\u00fcme gitmek i\u00e7in baya\u011f\u0131 u\u011fra\u015f\u0131rd\u0131. \u015eimdi o g\u00fcnlerden sbu g\u00fcnlere geldik. Prestiji son derece d\u00fc\u015f\u00fck, end\u00fcstrisinin ve \u00fclke ekonomisinin ihtiyac\u0131n\u0131 kar\u015f\u0131lamayan niteliksiz elemanlar yeti\u015ftiren, say\u0131lar\u0131 olduk\u00e7a fazla, okullarla kar\u015f\u0131 kar\u015f\u0131yay\u0131z. E\u011fer bunu tamir etmezsek bu \u00fclkeyi hi\u00e7bir zaman kalk\u0131nd\u0131ramazs\u0131n\u0131z\u201d dedi.<\/p>\n<p style=\"text-align: justify;\"><strong>\u00dcN\u0130VERS\u0130TE \u0130LE END\u00dcSTR\u0130Y\u0130 EVLEND\u0130REMEZS\u0130N\u0130Z<br \/>\n<\/strong>T\u00fcrkiye&#8217;de \u00fcniversiteler ve end\u00fcstrinin bar\u0131\u015f\u0131k olmas\u0131 gerekti\u011fini belirten \u00d6zcan, \u201cBiz doktoram\u0131z\u0131 d\u0131\u015far\u0131da yapar\u0131z. Amerika\u2019n\u0131n g\u00fczel bir \u00fcniversitesinde. Ger\u00e7ekten o k\u0131sm\u0131 iyidir. Parlak bir doktora ile T\u00fcrkiye\u2019ye geliriz. Kendimizi \u00fcniversiteye atar\u0131z. Art\u0131k o fildi\u015fi kulelerimizde \u00e7al\u0131\u015f\u0131r\u0131z. Birka\u00e7 projede var oluruz. Ama hi\u00e7bir zaman 5 y\u0131l end\u00fcstride \u00e7al\u0131\u015fay\u0131m sonra \u00fcniversiteye geleyim, o tecr\u00fcbemi de \u00f6\u011frencilere aktaray\u0131m diye d\u00fc\u015f\u00fcnmeyiz. Onun i\u00e7in de hi\u00e7bir zaman bu memlekette end\u00fcstri ile \u00fcniversiteleri evlendiremezsiniz. M\u00fcmk\u00fcn de\u011fil. Bunu yapacaks\u0131n\u0131z. Kesinlikle b\u00f6yle bir \u015fey olacak. Uzaktan konu\u015fmayla, \u00f6yle nutuklar atmayla hamasi \u015feylerle bu i\u015f olmuyor art\u0131k\u201d diye konu\u015ftu.\n<\/p>\n<p style=\"text-align: justify;\"><span style=\"color: #888888;\">H\u00fcrriyet<\/span><\/p>\n","protected":false},"excerpt":{"rendered":"<p style=\"text-align: center;\">\n<p style=\"text-align: justify;\">Y\u00fcksek \u00d6\u011fretim Kurumu (Y\u00d6K) Ba\u015fkan\u0131 Prof. Dr. Yusuf Ziya \u00d6zcan, T\u00fcrkiye&#8217;nin Cumhuriyet tarihi boyunca ba\u015far\u0131s\u0131z oldu\u011fu konulardan birinin yabanc\u0131 dil e\u011fitimi oldu\u011funu s\u00f6yleyerek, \u201cBunu derhal \u00e7\u00f6zmemiz laz\u0131m.Ka\u00e7 param\u0131z giderse gitsin hi\u00e7 \u00f6nemli de\u011fil. \u015eimdi ben bu hususu Ba\u015fbakan\u0131m\u0131za da bahsettim. Oda dedi ki \u2018Hocam ne d\u00fc\u015f\u00fcn\u00fcyorsan arkanday\u0131m. Ben de bilmiyorum <\/p>\n","protected":false},"author":1,"featured_media":0,"comment_status":"open","ping_status":"closed","sticky":false,"template":"","format":"standard","meta":{"footnotes":""},"categories":[105],"tags":[],"class_list":["post-10460","post","type-post","status-publish","format-standard","hentry","category-gundem","odd"],"_links":{"self":[{"href":"http:\/\/www.korhanyilmaz.com\/index.php?rest_route=\/wp\/v2\/posts\/10460","targetHints":{"allow":["GET"]}}],"collection":[{"href":"http:\/\/www.korhanyilmaz.com\/index.php?rest_route=\/wp\/v2\/posts"}],"about":[{"href":"http:\/\/www.korhanyilmaz.com\/index.php?rest_route=\/wp\/v2\/types\/post"}],"author":[{"embeddable":true,"href":"http:\/\/www.korhanyilmaz.com\/index.php?rest_route=\/wp\/v2\/users\/1"}],"replies":[{"embeddable":true,"href":"http:\/\/www.korhanyilmaz.com\/index.php?rest_route=%2Fwp%2Fv2%2Fcomments&post=10460"}],"version-history":[{"count":0,"href":"http:\/\/www.korhanyilmaz.com\/index.php?rest_route=\/wp\/v2\/posts\/10460\/revisions"}],"wp:attachment":[{"href":"http:\/\/www.korhanyilmaz.com\/index.php?rest_route=%2Fwp%2Fv2%2Fmedia&parent=10460"}],"wp:term":[{"taxonomy":"category","embeddable":true,"href":"http:\/\/www.korhanyilmaz.com\/index.php?rest_route=%2Fwp%2Fv2%2Fcategories&post=10460"},{"taxonomy":"post_tag","embeddable":true,"href":"http:\/\/www.korhanyilmaz.com\/index.php?rest_route=%2Fwp%2Fv2%2Ftags&post=10460"}],"curies":[{"name":"wp","href":"https:\/\/api.w.org\/{rel}","templated":true}]}}