{"id":10456,"date":"2009-06-26T14:27:21","date_gmt":"2009-06-26T11:27:21","guid":{"rendered":"http:\/\/www.korhanyilmaz.com\/?p=10456"},"modified":"2009-06-26T14:27:21","modified_gmt":"2009-06-26T11:27:21","slug":"basbugun-aciklamalari-kimseyi-memnun-etmedi","status":"publish","type":"post","link":"http:\/\/www.korhanyilmaz.com\/?p=10456","title":{"rendered":"Ba\u015fbu\u011f&#039;un a\u00e7\u0131klamalar\u0131 kimseyi memnun etmedi"},"content":{"rendered":"<p style=\"text-align: center;\"><img loading=\"lazy\" decoding=\"async\" class=\"aligncenter size-full wp-image-10457\" src=\"http:\/\/www.korhanyilmaz.com\/wp-content\/uploads\/2009\/06\/gp_488405.jpg\" alt=\"\" width=\"293\" height=\"184\" \/><\/p>\n<p style=\"text-align: justify;\">Siyasi parti temsilcileri, Genelkurmay Ba\u015fkan\u0131 \u0130lker Ba\u015fbu\u011f&#8217;un &#8216;\u0130rtica Belgesi&#8217; ile ilgili olarak yapt\u0131\u011f\u0131 de\u011ferlendirmeleri yorumlad\u0131. Ba\u015fbakan Recep Tayyip Erdo\u011fan, &#8220;Belgenin fotokopi olmas\u0131 i\u00e7eri\u011findeki iddialar\u0131 de\u011fi\u015ftirmiyor&#8221; dedi. CHP&#8217;li Okay, a\u00e7\u0131klamalar\u0131 \u00f6nce tatmin edici bulmad\u0131\u011f\u0131n\u0131 s\u00f6yledi, sonra s\u00f6zlerine a\u00e7\u0131kl\u0131k getirdi.<\/p>\n<p style=\"text-align: justify;\"><span style=\"color: #888888;\">ANKARA<\/span> &#8211; Siyasi parti temsilcileri, Genelkurmay Ba\u015fkan\u0131 \u0130lker Ba\u015fbu\u011f&#8217;un &#8216;\u0130rtica Belgesi&#8217; ile ilgili olarak yapt\u0131\u011f\u0131 de\u011ferlendirmeleri\u00a0farkl\u0131 yorumlad\u0131. Ba\u015fbakan Recep Tayyip Erdo\u011fan, &#8220;Belgenin fotokopi olmas\u0131 i\u00e7eri\u011findeki iddialar\u0131 de\u011fi\u015ftirmiyor&#8221; dedi.\u00a0 CHP ad\u0131na\u00a0Org. Ba\u015fbu\u011f&#8217;un a\u00e7\u0131klamas\u0131n\u0131 yorumlayan Hakk\u0131 S\u00fcha Okay, \u00a0AKP&#8217;nin hala neden askeri savc\u0131l\u0131\u011f\u0131n karar\u0131ndan tatmin olmad\u0131\u011f\u0131n\u0131 sordu.<!--more--><\/p>\n<p style=\"text-align: justify;\"><strong>BA\u015eBAKAN: FOTOKOP\u0130 M\u0130 BELGE M\u0130 BAKACA\u011eIZ<\/strong><\/p>\n<p style=\"text-align: justify;\">Ba\u015fbakan Recep Tayyip Erdo\u011fan, Taraf Gazetesi\u2019nde yay\u0131nlanan irticayla m\u00fccadele belgesine ili\u015fkin bundan sonraki s\u00fcrecin sivil yarg\u0131ya ait oldu\u011funu s\u00f6yleyerek, \u201cDemokrasinin y\u0131prat\u0131lmas\u0131na m\u00fcsaade edemeyiz. Gereken neyse onu yapaca\u011f\u0131z\u201d dedi.Ba\u015fbakan Recep Tayyip Erdo\u011fan, Br\u00fcksel\u2019de Bel\u00e7ikal\u0131 gazetecilerin sorular\u0131n\u0131 yan\u0131tlad\u0131. Erdo\u011fan, Askeri Savc\u0131l\u0131\u011f\u0131n, Taraf gazetesinde yay\u0131mlanan irticayla m\u00fccadele belgesinin Genelkurmay Ba\u015fkanl\u0131\u011f\u0131 b\u00fcnyesinde haz\u0131rlanmad\u0131\u011f\u0131na dair karar\u0131 ve Genelkurmay Ba\u015fkan\u0131 \u0130lker Ba\u015fbu\u011f&#8217;un de\u011ferlendirmelerini nas\u0131l yorumlad\u0131\u011f\u0131 y\u00f6n\u00fcndeki soruya \u015fu yan\u0131t\u0131 verdi:<br \/>\n\u201cFotokopi dahi olsa, ileri s\u00fcr\u00fclm\u00fc\u015f ve gazetelerde yer alm\u0131\u015f olan bir belge midir de\u011fil midir, bunu ara\u015ft\u0131rma s\u00fcrecini bir hukuk devleti s\u00fcrecinde bizler savc\u0131l\u0131\u011fa g\u00f6t\u00fcrmek suretiyle ba\u015flatm\u0131\u015f bulunuyoruz.<br \/>\nAskeri yarg\u0131, konuyla ilgili olarak farkl\u0131 yakla\u015fm\u0131\u015f olabilir. Bundan sonraki s\u00fcre\u00e7, sivil yarg\u0131ya aittir. Nitekim askeri yarg\u0131 \u2018benimle ilgili de\u011fil\u2019 diyerek g\u00f6revsizlik karar\u0131 vermi\u015ftir. Sivil yarg\u0131 bunu takip edecektir. Sivil yarg\u0131 takip edece\u011fi gibi biz de y\u00fcr\u00fctme olarak kurum ve kurulu\u015flar\u0131m\u0131zla bunu takip edece\u011fiz. Asl\u0131na ula\u015ft\u0131\u011f\u0131m\u0131z anda, buldu\u011fumuz anda tabii ki bunu da yarg\u0131ya ta\u015f\u0131yaca\u011f\u0131z. \u00c7\u00fcnk\u00fc demokratik laik sosyal bir hukuk devleti i\u00e7inde, demokrasinin y\u0131prat\u0131lmas\u0131na m\u00fcsaade edemeyiz. Gereken neyse onu yapaca\u011f\u0131z.\u201d<\/p>\n<p style=\"text-align: justify;\"><strong>PART\u0130M\u0130Z DE B\u00d6YLE D\u00dc\u015e\u00dcN\u00dcYOR<br \/>\n<\/strong>AKP Grup Ba\u015fkanvekili Bekir Bozda\u011f ise \u201cDemokrasi ve hukuk devletine, TSK\u2019n\u0131n ba\u011fl\u0131 oldu\u011funu ve bu konuda ayk\u0131r\u0131 d\u00fc\u015f\u00fcnen ve eylemde bulunanlar\u0131n Silahl\u0131 kuvvetlerinde bar\u0131namayaca\u011f\u0131n\u0131n bir kez daha alt\u0131n\u0131 \u00e7izdi, bunun \u00f6nemini vurgulad\u0131. Say\u0131n Genelkurmay Ba\u015fkan\u0131m\u0131z\u0131n a\u00e7\u0131klamalar\u0131 bizim a\u00e7\u0131klamalar\u0131m\u0131zla \u00f6rt\u00fc\u015f\u00fcyor\u201d dedi.<\/p>\n<p style=\"text-align: justify;\"><strong>CHP: AKP TAL\u0130MATLA DAVA A\u00c7SIN&#8221;<br \/>\n<\/strong>CHP Grup Ba\u015fkanvekili Hakk\u0131 S\u00fcha Okay, Genelkurmay Ba\u015fkan\u0131 Orgeneral \u0130lker Ba\u015fbu\u011f\u2019un \u0130rticayla M\u00fccadele Belgesi\u2019yle ilgili a\u00e7\u0131klamalar\u0131n\u0131 \u00f6nce \u201cGenelkurmay Ba\u015fkan\u0131n\u0131n \u2013ne yapaca\u011f\u0131m\u0131z\u0131 herkes g\u00f6recek- \u015feklindeki o iddial\u0131 s\u00f6zlerinden sonra bug\u00fcn yapm\u0131\u015f oldu\u011fu a\u00e7\u0131klamay\u0131 \u00e7ok tatmin edici g\u00f6rmedim\u201d s\u00f6zleriyle de\u011ferlendirdi. Ard\u0131ndan da \u201c\u015eimdi baz\u0131 arkada\u015flar\u0131m CHP\u2019lileri tatmin etmedi falan diye yazacakt\u0131r. Mutlaka \u00e7arp\u0131t\u0131lacakt\u0131r bu a\u00e7\u0131klamalar\u0131m. Ama ben o a\u00e7\u0131klamay\u0131 yapan say\u0131n genelkurmay ba\u015fkan\u0131n\u0131n \u015fimdiki a\u00e7\u0131klamas\u0131n\u0131n kamuoyu taraf\u0131ndan tatmin edici olan bir a\u00e7\u0131klama olmad\u0131\u011f\u0131n\u0131 ifade ettim\u201d diyerek s\u00f6zlerine a\u00e7\u0131kl\u0131k getirdi.<\/p>\n<p style=\"text-align: justify;\">\nCHP Grup Ba\u015fkanvekili Hakk\u0131 S\u00fcha Okay, Meclis\u2019te d\u00fczenledi\u011fi bas\u0131nla sohbet toplant\u0131s\u0131nda, Genelkurmay Ba\u015fkan\u0131 Orgeneral \u0130lker Ba\u015fbu\u011f\u2019un \u2018\u0130rticayla M\u00fccadele Belgesi\u2019yle ilgili yapt\u0131\u011f\u0131 a\u00e7\u0131klamalar\u0131 de\u011ferlendirdi. Genelkurmay Ba\u015fkan\u0131\u2019n\u0131n daha \u00f6nce \u201csoru\u015fturma sonucuna g\u00f6re ne yapaca\u011f\u0131m\u0131z\u0131 herkes g\u00f6recek\u201d dedi\u011fini ve bug\u00fcn de d\u00fczenledi\u011fi bas\u0131n toplant\u0131s\u0131 ile kimi a\u00e7\u0131klamalarda bulundu\u011funu s\u00f6yleyen Okay, \u201cO iddial\u0131 a\u00e7\u0131klamalar sonras\u0131nda bug\u00fcn yap\u0131lan a\u00e7\u0131klaman\u0131n birilerinin bekledi\u011fi a\u00e7\u0131klamalar olmad\u0131\u011f\u0131 g\u00f6r\u00fcl\u00fcyor\u201d dedi.<\/p>\n<p>T\u00fcrkiye\u2019nin g\u00fcnlerdir \u2018ne id\u00fc\u011f\u00fc belirsiz\u2019 bir ka\u011f\u0131t par\u00e7as\u0131n\u0131n pe\u015fine d\u00fc\u015ft\u00fc\u011f\u00fcn\u00fc, birilerinin bu \u2018ka\u011f\u0131t par\u00e7as\u0131\u2019 \u00fczerinden siyaset \u00fcretti\u011fini, birilerinin de \u2018kurumlar aras\u0131nda gerginlik\u2019 yaratt\u0131\u011f\u0131n\u0131 kaydeden Okay, Ba\u015fbakan Erdo\u011fan\u2019\u0131n 25 Haziran\u2019da yapt\u0131\u011f\u0131 a\u00e7\u0131klamalar\u0131 hat\u0131rlatarak \u201cAskeri savc\u0131l\u0131k kovu\u015fturmaya yer olmad\u0131\u011f\u0131na karar verdi. \u0130lgili yasan\u0131n sorumlu k\u0131ld\u0131\u011f\u0131 ki\u015fi Milli Savunma Bakan\u0131d\u0131r. AKP askeri savc\u0131l\u0131\u011f\u0131n karar\u0131ndan tatmin olmam\u0131\u015fsa Milli Savunma Bakanl\u0131\u011f\u0131 askeri savc\u0131l\u0131\u011fa gerekli emri verme yetkisine sahiptir. B\u00f6yle bir emri verirse kamu davas\u0131 a\u00e7\u0131l\u0131r. Siyasi iktidar ve yanda\u015f\u0131 olan kimi medya bunu gazete man\u015fetlerinde ve televizyonlarda tart\u0131\u015faca\u011f\u0131na Milli Savunma Bakan\u0131 g\u00f6revini yaps\u0131n ve dava a\u00e7\u0131ls\u0131n\u201d diye konu\u015ftu.  <!--nextpage--><strong><\/strong><\/p>\n<p style=\"text-align: justify;\"><strong>\u201cTATM\u0130N ED\u0130C\u0130 G\u00d6RMED\u0130M\u201d<br \/>\n<\/strong>Okay, Genelkurmay Ba\u015fkan\u0131 Orgeneral \u0130lker Ba\u015fbu\u011f\u2019un \u201csoru\u015fturman\u0131n sonucunda herkesin ne yap\u0131laca\u011f\u0131\u201dn\u0131 g\u00f6rece\u011fine ili\u015fkin s\u00f6zlerini hat\u0131rlatarak \u201cGenelkurmay Ba\u015fkan\u0131n\u0131n o iddial\u0131 s\u00f6zlerinden sonra bug\u00fcn yapm\u0131\u015f oldu\u011fu a\u00e7\u0131klamay\u0131 \u00e7ok tatmin edici g\u00f6rmedim\u201d dedi.  <strong><\/strong><\/p>\n<p style=\"text-align: justify;\"><strong>\u201cDUYUMLARINI PAYLA\u015eSIN\u201d<br \/>\n<\/strong>Genelkurmay Ba\u015fkan\u0131\u2019n\u0131n \u2018kimi duyumlar\u0131m\u0131z var\u2019 dedi\u011fini de belirten Okay, herkesin buna ili\u015fkin farkl\u0131 tahminler y\u00fcr\u00fctt\u00fc\u011f\u00fcn\u00fc belirterek \u201cGenelkurmay Ba\u015fkan\u0131 o duyumlar\u0131n\u0131 payla\u015fs\u0131n\u201d dedi. Gizli soru\u015fturma kapsam\u0131nda olan bir belgenin bir gazeteye servis edildi\u011fini ifade eden Okay, belge ve bilgi s\u0131zd\u0131rman\u0131n her t\u00fcrl\u00fc tepkiye ra\u011fmen devam etti\u011fini, Ergenekon soru\u015fturmas\u0131n\u0131 y\u00fcr\u00fcten savc\u0131lar\u0131n g\u00f6revinin gere\u011fini yerine getirmedi\u011fini s\u00f6yledi. Belgelerin \u00f6nce baz\u0131 medya organlar\u0131na servis edildi\u011fini, kamuoyunda psikolojik bask\u0131 olu\u015fturulduktan sonra savc\u0131lar\u0131n san\u0131k arad\u0131\u011f\u0131n\u0131 da s\u00f6yleyen Okay, Ergenekon savc\u0131lar\u0131n\u0131n g\u00f6revini k\u00f6t\u00fcye kulland\u0131\u011f\u0131n\u0131, Hakimler ve Savc\u0131lar Y\u00fcksek Kurulu\u2019nun ise bu konuda g\u00f6revini yerine getirmesi gerekti\u011fini kaydetti.<\/p>\n<p>\u201cHSYK seyirci kalamaz\u201d diyen Okay, kaotik bir ortam yarat\u0131ld\u0131\u011f\u0131n\u0131 ve T\u00fcrkiye hukuk devleti ise herkesin \u00fczerine d\u00fc\u015feni yapmas\u0131 gerekti\u011fini s\u00f6yledi. Okay, \u201cBa\u015fbakan askeri savc\u0131l\u0131\u011f\u0131n karar\u0131ndan tatmin olmad\u0131ysa Milli Savunma Bakan\u0131\u2019na talimat versin dava a\u00e7\u0131ls\u0131n. Ergenekon savc\u0131lar\u0131 bile bile belgeleri servis yap\u0131yor ya da yap\u0131lmas\u0131na g\u00f6z yumuyorsa HSYK g\u00f6revini yaps\u0131n. Herkes g\u00f6revinin gere\u011fini yerine getirirse il kongrelerinde, alanlarda birileri kendisine siyaset malzemesi bulamaz\u201d diye konu\u015ftu.<\/p>\n<p style=\"text-align: justify;\"><strong>\u201c\u00c7OK C\u0130DD\u0130 B\u0130R PS\u0130KOLOJ\u0130K HAREKAT VAR HEDEF TSK\u2019DIR\u201d<br \/>\n<\/strong>Okay, Genelkurmay Ba\u015fkan\u0131\u2019n\u0131n \u201cTSK\u2019ya y\u00f6nelik psikolojik harekat oldu\u011fu\u201dna y\u00f6nelik s\u00f6zlerinin hat\u0131rlat\u0131larak \u201cSizce bu psikolojik harekat\u0131 yapanlar kimdir?\u201d \u015feklindeki bir soruya \u201cBilemiyorum ama son olayda ortaya bir belge \u00e7\u0131k\u0131yor ve Genelkurmay Ba\u015fkan\u0131 ka\u011f\u0131t par\u00e7as\u0131 diyor. B\u00f6yle bir belgenin b\u00fcrosundan \u00e7\u0131kt\u0131\u011f\u0131 s\u00f6ylenen san\u0131k avukat\u0131 \u2018b\u00f6yle bir belge yoktu\u2019 diyor. Savc\u0131l\u0131\u011fa teslim edilen belge malum gazeteye veriliyor. Bu belge emniyet taraf\u0131ndan bulunuyor, savc\u0131l\u0131\u011fa veriliyor. Ba\u015fbakan il kongrelerinde siyasi s\u00f6ylemlerde bulunuyor. \u00c7ok ciddi bir psikolojik harekat var ve hedef TSK\u2019d\u0131r. \u00d6nemli olan bu belgeyi kim buldu, kim buldurttu, kim servis yapt\u0131,bunlar\u0131n bulunmas\u0131 gerekiyor. Kimse \u015fikayet mercii olamaz. Genelkurmay ba\u015fkan\u0131 bunu s\u00f6ylemekte hakl\u0131\u201d kar\u015f\u0131l\u0131\u011f\u0131n\u0131 verdi.<\/p>\n<p style=\"text-align: justify;\"><strong>EVREN\u2019E \u201c\u0130NT\u0130HAR EDER\u0130M\u201d TEPK\u0130S\u0130<br \/>\n<\/strong>Okay, bir ba\u015fka soru \u00fczerine de Kenan Evren\u2019in, Anayasa\u2019n\u0131n ge\u00e7ici 15\u2019nci maddesiyle ilgili \u2018intihar ederim\u2019 \u015feklindeki s\u00f6zlerini de\u011ferlendirdi. Okay, \u201cSay\u0131n Evren 12 Eyl\u00fcl\u2019\u00fcn Genelkurmay Ba\u015fkan\u0131 de\u011fil. Talimatla referandum yapt\u0131racak noktada de\u011fil. Duygusal a\u00e7\u0131klamalar\u0131n\u0131 sayg\u0131yla kar\u015f\u0131l\u0131yorum ama \u00f6nemli olan ge\u00e7ici 15\u2019nci maddenin anayasadan \u00e7\u0131kar\u0131lmas\u0131d\u0131r. Anayasa darbe ve darbecileri koruyan bu maddeden kurtulmal\u0131d\u0131r.\u201d diye konu\u015ftu.  <strong><\/strong><\/p>\n<p style=\"text-align: justify;\"><strong>\u201cKAMUOYUNU TATM\u0130N ETMED\u0130 DED\u0130M\u201d<br \/>\n<\/strong>Okay bir gazetecinin \u201cGenelkurmay Ba\u015fkan\u0131\u2019n\u0131n a\u00e7\u0131klamalar\u0131n\u0131 tatmin edici bulmad\u0131\u011f\u0131n\u0131z\u0131 s\u00f6ylediniz, nas\u0131l bir a\u00e7\u0131klama bekliyordunuz?\u201d \u015feklindeki sorusunu da yan\u0131tlad\u0131. Okay sohbet toplant\u0131s\u0131n\u0131n ba\u015f\u0131nda s\u00f6yledi\u011fi \u2018tatmin edici g\u00f6rmedim\u2019 \u015feklindeki s\u00f6zlerine \u015f\u00f6yle a\u00e7\u0131kl\u0131k getirdi:<\/p>\n<p>\u201cBen \u2018Genelkurmay ba\u015fkan\u0131 \u00e7ok daha sert a\u00e7\u0131klamada bulunsun\u2019 demedim. \u0130fade etti\u011fim \u015fu; Genelkurmay Ba\u015fkan\u0131 \u2018hele bu sonu\u00e7lans\u0131n herkes ne yapaca\u011f\u0131m\u0131z\u0131 g\u00f6recek\u2019 dedi. \u015eimdi kamuoyunda \u00f6yle bir beklenti olu\u015ftu. T\u00fcrkiye bug\u00fcn saat 11.00\u2019deki genelkurmay ba\u015fkan\u0131n\u0131n bas\u0131n a\u00e7\u0131klamas\u0131na kilitlendi. \u015eimdi baz\u0131 arkada\u015flar\u0131m \u2018CHP\u2019lileri tatmin etmedi\u2019 falan diye yazacakt\u0131r. Mutlaka \u00e7arp\u0131t\u0131lacakt\u0131r bu a\u00e7\u0131klamalar\u0131m. Ama ben o a\u00e7\u0131klamay\u0131 yapan say\u0131n genelkurmay ba\u015fkan\u0131n\u0131n \u015fimdiki a\u00e7\u0131klamas\u0131n\u0131n kamuoyu taraf\u0131ndan tatmin edici olan bir a\u00e7\u0131klama olmad\u0131\u011f\u0131n\u0131 ifade ettim.\u201d<\/p>\n<p style=\"text-align: justify;\"><strong>MHP OLUMLU BULDU<br \/>\n<\/strong>MHP Genel Sekreteri Cihan Pa\u00e7ac\u0131, Genelkurmay Ba\u015fkan\u0131 Orgeneral \u0130lker Ba\u015fbu\u011f\u2019un a\u00e7\u0131klamalar\u0131, \u201cdengeli do\u011fru tespitler\u201d olarak de\u011ferlendirdi. Pa\u00e7ac\u0131, a\u00e7\u0131klamalar\u0131, \u201cdengeli do\u011fru tespitler\u201d olarak de\u011ferlendirdi.<\/p>\n<p>Pa\u00e7ac\u0131 Meclis\u2019te gazetecilerin sorular\u0131n\u0131 yan\u0131tlarken, Genelkurmay Ba\u015fkanl\u0131\u011f\u0131\u2019n\u0131n, TSK\u2019ya kar\u015f\u0131 tav\u0131r sergileyen ve bu t\u00fcr davran\u0131\u015f i\u00e7erisinde olanlara kar\u015f\u0131 tavr\u0131n\u0131 koydu\u011funu s\u00f6yledi. Pa\u00e7ac\u0131 \u015f\u00f6yle dedi:\n<\/p>\n<p style=\"text-align: justify;\">\u201cSay\u0131n Genelkurmay Ba\u015fkan\u0131\u2019n\u0131n a\u00e7\u0131klamalar\u0131nda siyasilere mesaj\u0131 vard\u0131. TSK\u2019n\u0131n siyasete bula\u015ft\u0131r\u0131lmamas\u0131, siyasilerin TSK \u00fczerinden siyasi rant elde etmemesi y\u00f6n\u00fcnde bir mesajd\u0131. \u2018Elinizi TSK\u2019dan \u00e7ekin\u2019 dedi.<\/p>\n<p style=\"text-align: justify;\"><span style=\"color: #888888;\">ANKA<\/span><\/p>\n","protected":false},"excerpt":{"rendered":"<p style=\"text-align: center;\">\n<p style=\"text-align: justify;\">Siyasi parti temsilcileri, Genelkurmay Ba\u015fkan\u0131 \u0130lker Ba\u015fbu\u011f&#8217;un &#8216;\u0130rtica Belgesi&#8217; ile ilgili olarak yapt\u0131\u011f\u0131 de\u011ferlendirmeleri yorumlad\u0131. Ba\u015fbakan Recep Tayyip Erdo\u011fan, &#8220;Belgenin fotokopi olmas\u0131 i\u00e7eri\u011findeki iddialar\u0131 de\u011fi\u015ftirmiyor&#8221; dedi. CHP&#8217;li Okay, a\u00e7\u0131klamalar\u0131 \u00f6nce tatmin edici bulmad\u0131\u011f\u0131n\u0131 s\u00f6yledi, sonra s\u00f6zlerine a\u00e7\u0131kl\u0131k getirdi.<\/p>\n<p style=\"text-align: justify;\">ANKARA &#8211; Siyasi parti temsilcileri, Genelkurmay Ba\u015fkan\u0131 \u0130lker Ba\u015fbu\u011f&#8217;un &#8216;\u0130rtica <\/p>\n","protected":false},"author":1,"featured_media":0,"comment_status":"open","ping_status":"closed","sticky":false,"template":"","format":"standard","meta":{"footnotes":""},"categories":[105],"tags":[],"class_list":["post-10456","post","type-post","status-publish","format-standard","hentry","category-gundem","odd"],"_links":{"self":[{"href":"http:\/\/www.korhanyilmaz.com\/index.php?rest_route=\/wp\/v2\/posts\/10456","targetHints":{"allow":["GET"]}}],"collection":[{"href":"http:\/\/www.korhanyilmaz.com\/index.php?rest_route=\/wp\/v2\/posts"}],"about":[{"href":"http:\/\/www.korhanyilmaz.com\/index.php?rest_route=\/wp\/v2\/types\/post"}],"author":[{"embeddable":true,"href":"http:\/\/www.korhanyilmaz.com\/index.php?rest_route=\/wp\/v2\/users\/1"}],"replies":[{"embeddable":true,"href":"http:\/\/www.korhanyilmaz.com\/index.php?rest_route=%2Fwp%2Fv2%2Fcomments&post=10456"}],"version-history":[{"count":0,"href":"http:\/\/www.korhanyilmaz.com\/index.php?rest_route=\/wp\/v2\/posts\/10456\/revisions"}],"wp:attachment":[{"href":"http:\/\/www.korhanyilmaz.com\/index.php?rest_route=%2Fwp%2Fv2%2Fmedia&parent=10456"}],"wp:term":[{"taxonomy":"category","embeddable":true,"href":"http:\/\/www.korhanyilmaz.com\/index.php?rest_route=%2Fwp%2Fv2%2Fcategories&post=10456"},{"taxonomy":"post_tag","embeddable":true,"href":"http:\/\/www.korhanyilmaz.com\/index.php?rest_route=%2Fwp%2Fv2%2Ftags&post=10456"}],"curies":[{"name":"wp","href":"https:\/\/api.w.org\/{rel}","templated":true}]}}