{"id":10450,"date":"2009-06-26T11:11:07","date_gmt":"2009-06-26T08:11:07","guid":{"rendered":"http:\/\/www.korhanyilmaz.com\/?p=10450"},"modified":"2009-06-26T11:11:07","modified_gmt":"2009-06-26T08:11:07","slug":"bu-bir-kagit-parcasidir","status":"publish","type":"post","link":"http:\/\/www.korhanyilmaz.com\/?p=10450","title":{"rendered":"Bu bir ka\u011f\u0131t par\u00e7as\u0131d\u0131r"},"content":{"rendered":"<p style=\"text-align: center;\"><img loading=\"lazy\" decoding=\"async\" class=\"aligncenter size-full wp-image-10451\" src=\"http:\/\/www.korhanyilmaz.com\/wp-content\/uploads\/2009\/06\/gp_488449.gif\" alt=\"\" width=\"430\" height=\"188\" \/><\/p>\n<p><strong>Genelkurmay Ba\u015fkan\u0131 \u0130lker Ba\u015fbu\u011f Genelkurmay karargah\u0131nda Gazetecilere bas\u0131n a\u00e7\u0131klamas\u0131 yapt\u0131. \u0130lker Ba\u015fbu\u011f belge oldu\u011fu ileri s\u00fcr\u00fclen \u015feyin hukuki olarak belge de\u011fil ka\u011f\u0131t oldu\u011funun ortaya \u00e7\u0131kt\u0131\u011f\u0131n\u0131 s\u00f6yledi. <\/strong><\/p>\n<p style=\"text-align: justify;\"><span style=\"color: #888888;\"><strong>ANKARA (A.A) &#8211;<\/strong><\/span> Genelkurmay Ba\u015fkan\u0131 Orgeneral \u0130lker Ba\u015fbu\u011f, Taraf gazetesinde yay\u0131mlanan habere konu olan belgeyle ilgili olarak, &#8221;Bug\u00fcn biz bu ka\u011f\u0131t par\u00e7as\u0131n\u0131n birileri taraf\u0131ndan T\u00fcrk Silahl\u0131 Kuvvetleri&#8217;ni (TSK) y\u0131pratma ve karalama amac\u0131yla haz\u0131rland\u0131\u011f\u0131n\u0131 de\u011ferlendiriyoruz&#8221; dedi. Orgeneral Ba\u015fbu\u011f, Genelkurmay Ba\u015fkanl\u0131\u011f\u0131 Karargah\u0131&#8217;nda, kuvvet komutanlar\u0131 ve Genelkurmay Karargah\u0131nda g\u00f6revli J ba\u015fkanlar\u0131n\u0131n da kat\u0131l\u0131m\u0131yla d\u00fczenledi\u011fi bas\u0131n toplant\u0131s\u0131na, &#8221;T\u00fcrkiye&#8217;de etraf\u0131m\u0131zda ve d\u00fcnyada cereyan etmekte olan ger\u00e7ek olaylara bakarsak, ciddi bir \u00e7ok sorunun bulundu\u011funu ve ya\u015fand\u0131\u011f\u0131n\u0131 g\u00f6r\u00fcr\u00fcz&#8221; diyerek ba\u015flad\u0131. <!--more-->D\u00fcnya \u00fclkelerinin hemen hepsinin k\u00fcresel ekonomik kriz ve bu krizin do\u011furdu\u011fu ekonomik ve sosyal sorunlarla bo\u011fu\u015ftu\u011funu ifade eden Orgeneral Ba\u015fbu\u011f, T\u00fcrkiye&#8217;nin bunun yan\u0131nda ter\u00f6r ve b\u00f6l\u00fcc\u00fc ter\u00f6r \u00f6rg\u00fct\u00fcyle m\u00fccadelesini devam ettirdi\u011fini s\u00f6yledi. Ba\u015fta \u0130ran&#8217;daki son geli\u015fmelerin yan\u0131nda, Irak, Afganistan ve Pakistan&#8217;da ciddi olaylar ya\u015fand\u0131\u011f\u0131n\u0131 ifade eden Orgeneral Ba\u015fbu\u011f, K\u0131br\u0131s g\u00f6r\u00fc\u015fmeleri de bir taraftan s\u00fcrd\u00fc\u011f\u00fcn\u00fc belirtti. Orgeneral Ba\u015fbu\u011f, s\u00f6zlerini \u015f\u00f6yle s\u00fcrd\u00fcrd\u00fc:<\/p>\n<p style=\"text-align: justify;\"><strong>T\u00dcRK\u0130YE 2 HAFTADIR BU KA\u011eIT PAR\u00c7ASINI KONU\u015eUYOR<br \/>\n<\/strong>&#8221;\u015eimdi b\u00fct\u00fcn bunlar ya\u015fan\u0131rken, T\u00fcrkiye, neredeyse 2 haftad\u0131r bug\u00fcn itibar\u0131yla tam 2 hafta; Genelkurmay Askeri Savc\u0131l\u0131\u011f\u0131n\u0131n elinde bulunan, toplad\u0131\u011f\u0131 ve talep etti\u011fi t\u00fcm bilgiler \u00e7er\u00e7evesinde y\u00fcr\u00fctt\u00fc\u011f\u00fc haz\u0131rl\u0131k soru\u015fturmas\u0131 neticesinde ula\u015fm\u0131\u015f oldu\u011fu kararla ortaya \u00e7\u0131kan bir ka\u011f\u0131t par\u00e7as\u0131 etraf\u0131nda gere\u011finden fazla enerjisini t\u00fcketmi\u015ftir, harcam\u0131\u015ft\u0131r. Ayr\u0131ca, yarg\u0131 s\u00fcrecini sab\u0131rla ve s\u00fckunetle bekleme basiretini de g\u00f6sterip her \u015feyden \u00f6nce bunlardan dolay\u0131 ger\u00e7ekten biz TSK olarak \u00fczg\u00fcn\u00fcz.  <strong><\/strong><\/p>\n<p style=\"text-align: justify;\"><strong>EL\u0130M\u0130ZDE OLAN BELGE KA\u011eIT PAR\u00c7ASIDIR<\/strong><br \/>\n\u015eu anda elimizde olan hukuki anlamda bir ka\u011f\u0131t par\u00e7as\u0131d\u0131r. Yarg\u0131tay i\u00e7tihad\u0131na g\u00f6re belge, hukuki h\u00fck\u00fcm ifade eden bir hakk\u0131n do\u011fmas\u0131na ve bir olay\u0131n ispat\u0131na yarayan bir yaz\u0131d\u0131r. 12 Haziran g\u00fcn\u00fc belge oldu\u011fu iddia edilenin bir gazetede yer almas\u0131, yaz\u0131lanlar\u0131n ciddi olmas\u0131 ve TSK&#8217;n\u0131n hedef al\u0131nd\u0131\u011f\u0131n\u0131n g\u00f6r\u00fclmesi \u00fczerine hi\u00e7 zaman kaybedilmeden belge oldu\u011fu iddia edilenin ger\u00e7ekten belge olup olmad\u0131\u011f\u0131n\u0131n, hukuk ve yarg\u0131 yoluyla ortaya \u00e7\u0131kar\u0131lmas\u0131 i\u00e7in Genelkurmay Askeri Savc\u0131l\u0131\u011f\u0131 taraf\u0131ndan soru\u015fturmaya ba\u015flan\u0131lm\u0131\u015ft\u0131r. Bu durumda, bizim taraf\u0131m\u0131zdan yap\u0131lmas\u0131 gereken tek ve do\u011fru hareket tarz\u0131 da budur.&#8221;  <strong><\/strong><\/p>\n<p style=\"text-align: justify;\"><strong>&#8221;K\u00dc\u00c7\u00dcMSEY\u0130C\u0130 TAVIRLAR \u0130\u00c7\u0130NE G\u0130REMEZS\u0130N\u0130Z&#8221;<\/strong><br \/>\nSoru\u015fturman\u0131n aynen asli yarg\u0131 te\u015fkilat\u0131 i\u00e7erisindeki cumhuriyet ba\u015fsavc\u0131l\u0131klar\u0131 gibi anayasal teminatlar alt\u0131nda ba\u011f\u0131ms\u0131z bir \u015fekilde yarg\u0131sal faaliyetlerde bulunan Genelkurmay Ba\u015fkanl\u0131\u011f\u0131 Askeri Savc\u0131l\u0131\u011f\u0131 taraf\u0131ndan y\u00fcr\u00fct\u00fcld\u00fc\u011f\u00fcn\u00fc ifade eden Orgeneral Ba\u015fbu\u011f, &#8221;Karar da yine bu makama aittir. Askeri savc\u0131l\u0131k, kanunlar \u00e7er\u00e7evesinde incelenmesi gereken t\u00fcm hususlar\u0131 mevcut bilimsel ve teknik imkanlar\u0131 da kullanarak bu karara ula\u015fm\u0131\u015ft\u0131r&#8221; dedi. Orgeneral Ba\u015fbu\u011f, \u015f\u00f6yle devam etti:  <strong><\/strong><\/p>\n<p style=\"text-align: justify;\"><strong>KURGULANMI\u015e OLAYLAR TSK&#8217;YI K\u00dc\u00c7\u00dcK D\u00dc\u015e\u00dcRME PE\u015e\u0130NDE<br \/>\n<\/strong>&#8221;Askeri savc\u0131l\u0131\u011f\u0131n verdi\u011fi karar\u0131 be\u011fenebilirsiniz, be\u011fenmeyebilirsiniz. Ancak bu karara kar\u015f\u0131 sayg\u0131s\u0131z ve k\u00fc\u00e7\u00fcmseyici tav\u0131rlar i\u00e7ine giremezsiniz. Bu tip davran\u0131\u015flar askeri yarg\u0131y\u0131 k\u00fc\u00e7\u00fcltmez, bu \u015fekilde davrananlar\u0131 k\u00fc\u00e7\u00fclt\u00fcr. Son d\u00f6nemlerde artan bir \u015fekilde ve \u00f6rg\u00fctl\u00fc olarak, alt\u0131n\u0131 \u00e7iziyorum \u00f6rg\u00fctl\u00fc olarak ger\u00e7ekle\u015ftirdi\u011fi de\u011ferlendirilen kurgulanm\u0131\u015f baz\u0131 olaylar, TSK&#8217;y\u0131 y\u0131pratma ve karalama kampanyas\u0131na d\u00f6n\u00fc\u015ft\u00fcr\u00fclmektedir. Hukuk a\u00e7\u0131s\u0131ndan ya\u015fad\u0131\u011f\u0131m\u0131z olayda bug\u00fcn, &#8216;bug\u00fcn&#8217; kelimesinin de tekrar alt\u0131n\u0131 \u00e7iziyorum, bug\u00fcn gelinen nokta, oldu\u011fu iddia edilen bir ka\u011f\u0131t par\u00e7as\u0131 oldu\u011funu, yani bir belge olmad\u0131\u011f\u0131n\u0131 bize g\u00f6stermektedir.<\/p>\n<p style=\"text-align: justify;\"><strong>ASKER\u0130 SAVCILIK EL\u0130NDEK\u0130 BELGELER I\u015eI\u011eINDA GEREKEN\u0130 YAPTI<\/strong><br \/>\nBu konuda Genelkurmay Ba\u015fkanl\u0131\u011f\u0131 ve Genelkurmay Askeri Savc\u0131l\u0131\u011f\u0131, elindeki b\u00fct\u00fcn bilgi ve belgeler \u0131\u015f\u0131\u011f\u0131nda ve hukuk kurallar\u0131 \u00e7er\u00e7evesinde gerekeni yerine getirmi\u015ftir. Bu durumda, bug\u00fcn biz bu ka\u011f\u0131t par\u00e7as\u0131n\u0131n birileri taraf\u0131ndan TSK&#8217;y\u0131 y\u0131pratma ve karalama amac\u0131yla haz\u0131rland\u0131\u011f\u0131n\u0131 de\u011ferlendirmekteyiz. Bu ka\u011f\u0131t par\u00e7as\u0131n\u0131n kimler taraf\u0131ndan ne ama\u00e7la haz\u0131rland\u0131\u011f\u0131n\u0131n ortaya \u00e7\u0131kar\u0131lmas\u0131 g\u00f6revinin ise devletin istihbarat organlar\u0131 ile ilgili yarg\u0131 organlar\u0131na d\u00fc\u015ft\u00fc\u011f\u00fcn\u00fc ifade ediyor ve bunun yerine getirilmesini istiyorum. Bu konunun \u00f6nemli oldu\u011funu d\u00fc\u015f\u00fcn\u00fcyoruz. \u00c7\u00fcnk\u00fc, bu ve buna benzer olaylar\u0131n devlet, millet ve ordu i\u00e7inde fitne ve fesat \u00e7\u0131kartma eylemleri olarak g\u00f6r\u00fcyoruz.&#8221; <!--nextpage--><\/p>\n<p style=\"text-align: justify;\"><strong>&#8221;ARTIK S\u0130LAHLI KUVVETLER \u00dcZER\u0130NDEN EL\u0130N\u0130Z\u0130 \u00c7EK\u0130N\u0130Z&#8221;<\/strong><br \/>\nGenelkurmay Ba\u015fkan\u0131 Orgeneral Ba\u015fbu\u011f, TSK&#8217;n\u0131n demokrasi ve hukuk devleti ilkelerine ba\u011fl\u0131 ve sayg\u0131l\u0131 oldu\u011funu vurgulayarak, &#8221;Herhalde bug\u00fcne kadar g\u00f6stermi\u015f oldu\u011fumuz tav\u0131r ve davran\u0131\u015flar da bu s\u00f6zlerimizin do\u011frulu\u011funu teyit etmektedir&#8221; diye konu\u015ftu. Orgeneral Ba\u015fbu\u011f, \u015funlar\u0131 s\u00f6yledi: &#8221;Bu ilkelere ayk\u0131r\u0131 d\u00fc\u015f\u00fcnce i\u00e7inde olan davran\u0131\u015flarda bulunan ve bulunabilecek personelini TSK b\u00fcnyesinde bar\u0131nd\u0131rmaz. Bunu kim s\u00f6yl\u00fcyor, bunu Anayasam\u0131z\u0131n 117. maddesine g\u00f6re TSK&#8217;n\u0131n komutan\u0131 olan Genelkurmay Ba\u015fkan\u0131 ben s\u00f6yl\u00fcyorum. Art\u0131k TSK&#8217;n\u0131n\u00a0 komutan\u0131 olan Genelkurmay Ba\u015fkan\u0131n\u0131n bu ifadesi en b\u00fcy\u00fck teminatt\u0131r. Daha bunun d\u0131\u015f\u0131nda ba\u015fka \u015feyler aranmas\u0131n\u0131n anlam\u0131n\u0131 anlayam\u0131yorum. Bak\u0131n, t\u00fcm bu s\u00f6ylentilere ra\u011fmen TSK ile art\u0131k hi\u00e7bir hakl\u0131 neden ve hakl\u0131 bir gerek\u00e7eye dayanmadan \u00e7e\u015fitli nedenlerle ve \u00e7e\u015fitli \u015fekillerde darbe ve muht\u0131ra s\u00f6ylemlerinde bulunanlar\u0131n, iyi niyetli olmad\u0131klar\u0131n\u0131 ve halk\u0131m\u0131z\u0131n da art\u0131k bu s\u00f6ylemlerden usanm\u0131\u015f oldu\u011funu d\u00fc\u015f\u00fcn\u00fcyorum. Onun i\u00e7in TSK&#8217;n\u0131n komutan\u0131 olarak a\u00e7\u0131k\u00e7a s\u00f6yl\u00fcyorum ki, art\u0131k Silahl\u0131 Kuvvetler \u00fczerinden elinizi \u00e7ekiniz. TSK \u00fczerinden kendinizi siyasi tan\u0131mlama d\u00fc\u015f\u00fcncesinden ve gayretlerinden vazge\u00e7iniz.<\/p>\n<p style=\"text-align: justify;\"><strong>TSK&#8217;YA KAR\u015eI AS\u0130METR\u0130K B\u0130R PS\u0130KOLOJ\u0130K HAREKAT Y\u00dcR\u00dcTMEYE SON VER\u0130N\u0130Z<\/strong><br \/>\nTSK&#8217;ya kar\u015f\u0131 medya \u00fczerinden asimetrik bir psikolojik harekat y\u00fcr\u00fctmeye son veriniz. TSK, tarihsel misyonu, kurumsal k\u00fclt\u00fcr\u00fc ve devlet adaml\u0131\u011f\u0131 ve tecr\u00fcbesinin gere\u011fi olarak kendisine kar\u015f\u0131 asimetrik olarak medya \u00fczerinden y\u00fcr\u00fct\u00fclen psikolojik harekata her zaman ve kamuoyu \u00f6n\u00fcnde cevap vermekten ka\u00e7\u0131nmaktad\u0131r. Ayr\u0131ca, bize askeri okullarda \u015fu da \u00f6\u011fretildi, bize dendi ki, \u00f6\u011fretmenlerimiz ve komutanlar\u0131m\u0131z taraf\u0131ndan, &#8216;ak\u0131ll\u0131 insan her \u015feyin fark\u0131na var\u0131r, ak\u0131ls\u0131z insan ise her konuda fikrini s\u00f6yler&#8217;. Bu nedenle bizlerin olaylar\u0131 takip etmedi\u011fimiz, Anayasa ve yasalar \u00e7er\u00e7evesinde gereken yer ve zamanda rahats\u0131zl\u0131klar\u0131m\u0131z\u0131 yerine getirmeyece\u011fimiz \u015feklindeki de\u011ferlendirmeler do\u011fru de\u011fildir. TSK, hi\u00e7bir ger\u00e7e\u011fe dayanmayan, hukuk d\u0131\u015f\u0131 davran\u0131\u015flarla y\u0131prat\u0131lmas\u0131 faaliyetlerinin devam ettirilmesine katlanamaz. TSK, b\u00fct\u00fcnl\u00fc\u011f\u00fcn\u00fcn her t\u00fcrl\u00fc d\u0131\u015f etkilere maruz b\u0131rak\u0131lmas\u0131na seyirci kalamaz. Unutulmamal\u0131d\u0131r ki TSK&#8217;n\u0131n b\u00fct\u00fcnl\u00fc\u011f\u00fcn\u00fcn korunmas\u0131n\u0131 ve haks\u0131z yere y\u0131prat\u0131lmas\u0131n\u0131 ayn\u0131 zamanda \u00fclkemizin bir beka sorunu olarak g\u00f6r\u00fcyoruz. L\u00fctfen bu noktan\u0131n iyi anla\u015f\u0131lmas\u0131n\u0131 istiyorum. TSK&#8217;n\u0131n b\u00fct\u00fcnl\u00fc\u011f\u00fcn\u00fcn korunmas\u0131 ve art\u0131k haks\u0131z yere y\u0131prat\u0131lmas\u0131, sadece TSK&#8217;n\u0131n bir sorunu de\u011fildir. Biz bunu ayn\u0131 zamanda \u00fclkemizin bir beka sorunu olarak g\u00f6r\u00fcyoruz. Bu \u015fekilde de anla\u015f\u0131lmas\u0131n\u0131 \u00f6zellikle istiyoruz.<\/p>\n<p style=\"text-align: justify;\"><strong>KAMUOYU \u00d6N\u00dcNDE TARTI\u015eMAYACA\u011eIZ MGK&#8217;DA G\u00dcNDEME GET\u0130RECE\u011e\u0130Z<\/strong><br \/>\nTSK \u00fczerinde oynanan ve oynanacak oyunlar bizim g\u00f6rev ve sorumluluklar\u0131m\u0131z\u0131 yerine getirmedeki kararl\u0131l\u0131\u011f\u0131m\u0131z\u0131 etkileyemez. Kimse de bu \u015fekilde beklentilerin i\u00e7inde bulunmas\u0131n. TSK&#8217;n\u0131n g\u00fcvenlik boyutunda ilgilenmek zorunda oldu\u011fu \u00fclke konular\u0131na ili\u015fkin g\u00f6r\u00fc\u015f, d\u00fc\u015f\u00fcnce ve tekliflerimizi yasal platformlarda ilgili makamlara iletmeye devam edece\u011fiz. Tahriklere kap\u0131larak kamuoyu \u00f6n\u00fcnde tart\u0131\u015fmalara girmeyi uygun bulmuyoruz. Bu \u00e7er\u00e7evede son ya\u015fanan olaylar\u0131 da \u00f6n\u00fcm\u00fczdeki hafta yap\u0131lacak Milli G\u00fcvenlik Kurulu toplant\u0131s\u0131na getirece\u011fiz.&#8221;<\/p>\n<p><strong>&#8221;BU KA\u011eIT PAR\u00c7ASI K\u0130MLER TARAFINDAN, NE AMA\u00c7LA HAZIRLANDI? BUNU BULUN&#8221;<br \/>\n<\/strong>Genelkurmay Ba\u015fkan\u0131 Orgeneral \u0130lker Ba\u015fbu\u011f, &#8221;Silahl\u0131 kuvvetler olarak bizim her \u015feyimiz a\u00e7\u0131kt\u0131r, hukuka sayg\u0131l\u0131y\u0131z, hukuka a\u00e7\u0131\u011f\u0131z. Hi\u00e7bir \u015fekilde hi\u00e7bir olay\u0131 \u00f6rtbas yapma gibi ne niyetimiz vard\u0131r ne o \u015fekilde bir hareketimiz vard\u0131r&#8221; dedi. Orgeneral Ba\u015fbu\u011f, Genelkurmay Karargah\u0131&#8217;nda d\u00fczenledi\u011fi bas\u0131n toplant\u0131s\u0131nda, a\u00e7\u0131klamalar\u0131n\u0131n ard\u0131ndan gazetecilerin sorular\u0131n\u0131 yan\u0131tlad\u0131. Bir gazetecinin, &#8221;Ba\u015fbakan&#8217;\u0131n d\u00fcn bu \u00e7er\u00e7evede a\u00e7\u0131klamas\u0131 oldu. Bu konuda daha yap\u0131lmas\u0131 gerekenler oldu\u011funu, sizin bu konuyu \u00e7ok iyi bildi\u011finizi ve bir \u00e7al\u0131\u015fman\u0131n da y\u00fcr\u00fct\u00fcld\u00fc\u011f\u00fcne inand\u0131\u011f\u0131n\u0131 s\u00f6yledi. Bu \u00e7al\u0131\u015fma nedir? Bu \u00e7al\u0131\u015fmay\u0131 kendisiyle g\u00f6r\u00fc\u015ft\u00fcn\u00fcz m\u00fc? Nas\u0131l bir \u00e7al\u0131\u015fmad\u0131r, mahiyeti, amac\u0131 nedir?&#8221; sorusu \u00fczerine, Orgeneral Ba\u015fbu\u011f, bu konunun \u00f6nemli oldu\u011funu ve makro seviyeden bakarak cevap vermek istedi\u011fini s\u00f6yledi. Orgeneral Ba\u015fbu\u011f, &#8221;Tekrar alt\u0131n\u0131 \u00e7izme ihtiyac\u0131n\u0131 istedi\u011fim husus, T\u00fcrk Silahl\u0131 Kuvvetlerinde, demokrasi ve hukuk devletleri ilkelerine ayk\u0131r\u0131 d\u00fc\u015f\u00fcncenin i\u00e7inde olan davran\u0131\u015flarda bulunan personel bar\u0131namaz. Bunu T\u00fcrk Silahl\u0131 Kuvvetlerinin komutan\u0131 olarak ben a\u00e7\u0131k\u00e7a ifade ediyorum. B\u00f6yle durumlar olursa T\u00fcrk Silahl\u0131 Kuvvetleri, Genelkurmay Ba\u015fkanl\u0131\u011f\u0131 bu konuda gerekeni an\u0131nda yerine getirir. Bu konu i\u00e7in ba\u015fka yerlerden herhangi bir \u015fekilde i\u015faret vesaire almas\u0131na gerek yoktur&#8221; diye konu\u015ftu. &#8221;Bug\u00fcne kadar ya\u015fanan s\u00fcre\u00e7te neler oldu, neler yap\u0131ld\u0131, bundan sonra neler olabilir?&#8221; sorusunun soruldu\u011funu, bu konuyu do\u011fru anlayabilmek i\u00e7in ilk \u00f6nce askeri mahkemelerin yetki ve sorumluluklar\u0131n\u0131n ne oldu\u011funu anlamak gerekti\u011fini belirten Orgeneral Ba\u015fbu\u011f, \u015funlar\u0131 s\u00f6yledi:\n<\/p>\n<p style=\"text-align: justify;\"><strong>B\u0130LG\u0130 SAH\u0130B\u0130 OLMADAN F\u0130K\u0130R SAH\u0130B\u0130 OLUYORUZ<\/strong><br \/>\n&#8221;Bu konuda da, hukuk\u00e7ular da dahil, esas \u00fcz\u00fcnt\u00fc veren nokta o, d\u0131\u015f\u0131nda olanlar\u0131n farkl\u0131 yorum yapmas\u0131 do\u011fal. Fakat hukuk tahsili g\u00f6renler bile maalesef yanl\u0131\u015f yorumlarda bulunuyorlar. Rahmetli U\u011fur Mumcu&#8217;nun dedi\u011fi gibi bilgi sahibi olmadan maalesef fikir sahibi oluyoruz. Askeri mahkemelerin yetki ve sorumluluklar\u0131 \u00e7ok a\u00e7\u0131k. Merak ediyorsan\u0131z Askeri Yarg\u0131 Usul Kanunu&#8217;nun 9. maddesini okuyun. Orada der ki; &#8216;askeri ki\u015filerin askeri su\u00e7lar\u0131 varsa ortada, bunlar askeri mahallerde askerlik hizmetleriyle ilgiliyse buna bakacak olan yarg\u0131 makam\u0131 askeri yarg\u0131d\u0131r.&#8217; \u00c7ok a\u00e7\u0131k. S\u00f6z konusu iddiada nedir kar\u015f\u0131m\u0131za gelen? \u0130ddia edilen hususun Genelkurmay Karargah\u0131&#8217;nda i\u015flendi\u011fi ifade ediliyor. Askeri mahal. Kim i\u015fledi? Askeri ki\u015filer. Bu kadar a\u00e7\u0131kken hala &#8216;yok efendim bunu askeri mahkeme mi sivil mahkeme mi bakar&#8217; tart\u0131\u015fmas\u0131 abesle i\u015ftigal etmektir.\u00a0 \u0130kincisi, askeri mahkemelerle ilgili olarak \u00e7ok yanl\u0131\u015f de\u011ferlendirmeler yap\u0131l\u0131yor. \u00dcz\u00fclerek ifade ediyorum, baz\u0131 akademik unvana sahip olan ki\u015filer, art\u0131k Avrupa&#8217;da askeri mahkemelerin kalmad\u0131\u011f\u0131n\u0131 bile s\u00f6yleyecek kadar cahilce belki de maksatl\u0131 beyanlarda bulunuyorlar. Askeri mahkemeler bug\u00fcn ge\u00e7erli.&#8221; Avrupa Birli\u011fi \u00fclkelerinden \u0130ngiltere, Bel\u00e7ika, \u0130talya, L\u00fcksemburg, \u0130spanya, Yunanistan, Polonya&#8217;da askeri mahkemeler bulundu\u011funu belirten Orgeneral Ba\u015fbu\u011f, &#8221;T\u00fcrkiye&#8217;de askeri mahkemelerin olmas\u0131yla yarg\u0131n\u0131n iki ba\u015fl\u0131 oldu\u011funu iddia edenler, bunun kald\u0131r\u0131lmas\u0131n\u0131 isteyenler, niye bunu kamuoyuna s\u00f6ylerken, olabilir, fikren sayg\u0131 g\u00f6steriyorum ama bunu s\u00f6ylerken bunu da s\u00f6ylemeleri laz\u0131m. &#8216;Evet ama AB&#8217;de \u015fu \u00fclkelerde askeri mahkemeler var&#8217; demeleri laz\u0131m. Bunu s\u00f6ylemiyorlar. O zaman maksatl\u0131&#8221; diye konu\u015ftu. ABD, Rusya, \u0130srail&#8217;de de askeri mahkemeler oldu\u011funu, olmayan baz\u0131 \u00fclkeler de bulundu\u011funu dile getiren Orgeneral Ba\u015fbu\u011f, &#8221;Ama burada \u00f6nemli olan elbette bu askeri mahkemelerin olup olamamas\u0131n\u0131 o \u00fclkenin ihtiya\u00e7lar\u0131 tayip eder&#8221; dedi. <!--nextpage--><\/p>\n<p style=\"text-align: justify;\"><strong>&#8221;S\u0130Z NASIL ASKER\u0130 MAHKEMELER\u0130 BU \u015eEK\u0130LDE TANIMLARSINIZ?&#8221;<\/strong><br \/>\nOrgeneral Ba\u015fbu\u011f, s\u00f6zlerini \u015f\u00f6yle s\u00fcrd\u00fcrd\u00fc: &#8221;(Efendim askeri mahkemeler tarafs\u0131z de\u011fildir) iddialar\u0131 da var. \u00c7ok \u00e7irkin. Bu, devlete, Anayasa&#8217;ya, hukukumuza sayg\u0131s\u0131zl\u0131k. Bu mahkemeler sokak mahkemeleri mi, \u00e7at\u0131 mahkemeleri mi, anayasal kurum. Siz nas\u0131l askeri mahkemeleri bu \u015fekilde tan\u0131mlars\u0131n\u0131z. &#8216;Askeri mahkemeler ba\u011f\u0131ms\u0131z de\u011fildir&#8230;&#8217; Ben size bir \u00f6rnek vereyim. Belki ikinci \u00f6rne\u011fini bulamazs\u0131n\u0131z. Bak\u0131n \u015fu anda askeri mahkemelerin yap\u0131s\u0131na bakt\u0131\u011f\u0131n\u0131z zaman hakimler vard\u0131r, subaylar vard\u0131r. Peki ne oldu bundan biraz evvel, hat\u0131rlay\u0131n. Genelkurmay Askeri Mahkemesi, yani benim mahkemem, askeri mahkemelerde subaylar\u0131n bulunmas\u0131n\u0131n Anayasa&#8217;ya ayk\u0131r\u0131 oldu\u011fu d\u00fc\u015f\u00fcncesinden hareketle Anayasa Mahkemesi&#8217;nde dava a\u00e7t\u0131 ve Anayasa Mahkemesi de kabul etti. Bu kadar \u00e7arp\u0131c\u0131 \u00f6rne\u011fi ben size ifade edeyim siz de kalk\u0131n &#8216;askeri mahkemeler ba\u011f\u0131ms\u0131z de\u011fil&#8217; deyin. B\u00f6yle \u015fey olur mu? Yine bir \u015fey s\u00f6yleniyor. Soru\u015fturma tabii ki kanunlar\u0131m\u0131za g\u00f6re soru\u015fturma askeri mahkeme nezdinde kurulan k\u0131ta komutan\u0131n\u0131n soru\u015fturma emri vermesiyle de ba\u015fl\u0131yor. Evet. Emri biz verdik. Emirle ba\u015flatt\u0131k. Peki, biz bu emri ne zaman verdik? Olay\u0131n akabinde yar\u0131m saat sonra verdik. Belki tersi olsayd\u0131 diyebilirdiniz ki &#8216;bak\u0131n komutanl\u0131k vermiyor&#8217; Tersi. Yeri gelmi\u015fken onu da ifade edeyim; soru\u015fturmalar\u0131n a\u00e7\u0131lmas\u0131 sadece k\u0131ta komutan\u0131n soru\u015fturma emri vermesiyle de olmaz. Savc\u0131 aciliyet g\u00f6r\u00fcrse derhal soru\u015fturmay\u0131 a\u00e7ar. \u015eimdi bu kadar fakt\u00f6rler bu kadar durumlar varken kalk\u0131p nas\u0131l &#8216;ba\u011f\u0131ms\u0131z de\u011fildir&#8217; yarg\u0131s\u0131na gidersiniz? Bu savc\u0131n\u0131n verdi\u011fi karar\u0131 be\u011fenmeyebilirsiniz, ona bir \u015fey demiyorum ama sayg\u0131 sayg\u0131 g\u00f6stermek durumundas\u0131n\u0131z.&#8221;<\/p>\n<p style=\"text-align: justify;\"><strong>&#8221;SU\u00c7LAMALAR GER\u00c7EK DI\u015eI VE MAKSATLI&#8221;<br \/>\n<\/strong>Bas\u0131n toplant\u0131s\u0131n\u0131n yap\u0131ld\u0131\u011f\u0131 binan\u0131n yan salonunda Yarbay Mustafa D\u00f6nmez&#8217;in mahkemesinin bug\u00fcn ba\u015flad\u0131\u011f\u0131n\u0131 an\u0131msatan Orgeneral Ba\u015fbu\u011f, &#8221;Yarg\u0131 kesin karar ula\u015fmadan evvel herkes bir kere su\u00e7suzdur. Bu prensibe uymak durumunday\u0131z. Ama Yarbay D\u00f6nmez ile ilgili iddianameyi kim haz\u0131rlad\u0131? Yine bu savc\u0131lar haz\u0131rlad\u0131 ve iddianamede Yarbay D\u00f6nmez&#8217;e y\u00f6nelik su\u00e7lamalar olduk\u00e7a ciddi. \u015eimdi b\u00fct\u00fcn bu ger\u00e7ekler varken bir kere askeri mahkemelere, savc\u0131lara y\u00f6neltilen bu \u015fekildeki d\u00fc\u015f\u00fcnce ve su\u00e7lamalar ger\u00e7ek d\u0131\u015f\u0131 ve maksatl\u0131d\u0131r&#8221; dedi. Haberin 12 Haziranda gazetede \u00e7\u0131kmas\u0131 \u00fczerine askeri savc\u0131l\u0131k yetkisi dahilinde olan bir konu oldu\u011fu i\u00e7in soru\u015fturmaya ba\u015fland\u0131\u011f\u0131n\u0131 an\u0131msatan Orgeneral Ba\u015fbu\u011f, \u015funlar\u0131 s\u00f6yledi: &#8221;Soru\u015fturmaya ba\u015flad\u0131\u011f\u0131 andan itibaren bu belgenin bulundu\u011fu ki \u0130stanbul Cumhuriyet Ba\u015fsavc\u0131l\u0131\u011f\u0131 dosyas\u0131n\u0131n i\u00e7indeki bir belgedir, bu da bir dok\u00fcmand\u0131r, \u0130stanbul Cumhuriyet Ba\u015fsavc\u0131l\u0131\u011f\u0131yla i\u015f birli\u011fi yapt\u0131lar savc\u0131lar &#8216;benim yetkimde, ben ara\u015ft\u0131r\u0131yorum&#8230;&#8217; Bizim amac\u0131m\u0131z burada bu belge do\u011fru mudur, de\u011fil midir? Bunu bulmak mecburiyetindeyiz. Ne dedik; &#8216;Elinizde ne kadar bilgi, belge, dok\u00fcman varsa bize verin.&#8217; Bu i\u015fbirli\u011fi ve koordinasyon yap\u0131ld\u0131 ve ne kadar s\u00fcrd\u00fc bu soru\u015fturma? 12 g\u00fcn s\u00fcrd\u00fc. \u015eimdi bir taraftan hem &#8216;bu soru\u015fturma yetersiz&#8217; diyeceksiniz bir taraftan da &#8216;niye 12 g\u00fcn niye s\u00fcrd\u00fc?&#8217; diye kritize edeceksiniz. Yani bu kadar \u00e7eli\u015fki olur mu? Elbette askeri savc\u0131l\u0131k hukuk kurallar\u0131 \u00e7er\u00e7evesinde yapmas\u0131 gereken her \u015feyi en ince noktas\u0131na kadar yapm\u0131\u015ft\u0131r. Genelkurmay Karargah\u0131 da bu konuda \u00fczerine d\u00fc\u015feni yapm\u0131\u015ft\u0131r ki belki de kamuoyunun bu konuya ili\u015fkin sab\u0131rs\u0131zl\u0131kla bizden bir cevap beklemesine ra\u011fmen, bunun aleyhimize baz\u0131 noktalar\u0131 do\u011furmas\u0131na ra\u011fmen bunu g\u00f6\u011f\u00fcsledik. Ni\u00e7in? Hukuk i\u00e7in. \u015eimdi askeri savc\u0131l\u0131k kovu\u015fturmaya yer olmad\u0131\u011f\u0131 karar\u0131n\u0131 vermi\u015ftir. Kovu\u015fturmaya yer olmad\u0131\u011f\u0131 karar\u0131 kesin de\u011fildir. Biz hukuk devletiyiz. Hukuk devleti ilkelerine sad\u0131\u011f\u0131z. Kesin de\u011fildir. Evet. \u00d6nemli olan \u015fu; bu belgenin do\u011fru oldu\u011funa ili\u015fkin yeni delil, bilgi, emare ortaya \u00e7\u0131karsa elbette bu soru\u015fturma tekrar a\u00e7\u0131labilir. Soru\u015fturma \u015fartlar\u0131nda de\u011fi\u015fiklik olmamas\u0131 durumunda, merak ederseniz bulursunuz bunlar\u0131n ne oldu\u011funu, bu soru\u015fturma tekrar burada a\u00e7\u0131l\u0131r. Bunun aksini d\u00fc\u015f\u00fcnmek yanl\u0131\u015ft\u0131r. Hukuka ayk\u0131r\u0131d\u0131r. Ama soru\u015fturma \u015fartlar\u0131nda de\u011fi\u015fik durumlar olabilirse elbette usul hukukuna g\u00f6re soru\u015fturmay\u0131 devam ettirecek yarg\u0131 organ\u0131 de\u011fi\u015febilir. Ne mi? Sizi \u00e7ok zorlamayal\u0131m. Olayda bir m\u00fc\u015ftereklik bulunabilir. M\u00fc\u015ftereklik demek sivil ve asker beraber yapmas\u0131 demektir. Bu e\u011fer Askeri Ceza Kanunu&#8217;na girmiyorsa elbette bunun yarg\u0131 makam\u0131 farkl\u0131 olur. Ancak soru\u015fturma \u015fartlar\u0131nda de\u011fi\u015fiklik olmad\u0131\u011f\u0131 takdirde ilave belge delil \u00e7\u0131karsa elbette kovu\u015fturmaya yer olmad\u0131\u011f\u0131 karar\u0131 kesin olmad\u0131\u011f\u0131 i\u00e7in elbette soru\u015fturma a\u00e7\u0131labilir. Ba\u015ftan ifade etik. Silahl\u0131 kuvvetler olarak bizim her \u015feyimiz a\u00e7\u0131kt\u0131r, hukuka sayg\u0131l\u0131y\u0131z. Hukuka a\u00e7\u0131\u011f\u0131z. Hi\u00e7bir \u015fekilde hi\u00e7bir olay\u0131 \u00f6rtbas yapma gibi ne niyetimiz vard\u0131r ne o \u015fekilde bir hareketimiz vard\u0131r. Ancak bizim TSK olarak da delil toplama \u00fczerinde yetki ve sorumlulu\u011fumuz yoktur. Bu konunun bu \u015fekilde net olarak ifade etti\u011fimizi zannediyorum.&#8221;  <strong><\/strong><\/p>\n<p style=\"text-align: justify;\"><strong>&#8221;DO\u011eRU OLMADI\u011eI NOKTASINDAN HAREKETLE&#8230;&#8221;<\/strong><br \/>\nOrgeneral Ba\u015fbu\u011f, &#8221;\u015eu ana kadar bize ula\u015fan bilgi, deliller \u00e7er\u00e7evesinde gerek Genelkurmay Ba\u015fkanl\u0131\u011f\u0131 olarak gerek Genelkurmay Ba\u015fkanl\u0131\u011f\u0131 Askeri Savc\u0131l\u0131\u011f\u0131 olarak biz \u00fczerimize d\u00fc\u015fen g\u00f6revi yerine getirdik&#8221; dedi. Orgeneral Ba\u015fbu\u011f, &#8221;Bizim istedi\u011fimiz \u015fudur; \u0130stanbul Cumhuriyet Ba\u015fsavc\u0131l\u0131\u011f\u0131ndan istiyoruz, diyoruz ki, bu belgenin ger\u00e7ek olmad\u0131\u011f\u0131 noktas\u0131ndan hareketle bu ka\u011f\u0131t par\u00e7as\u0131 kimler taraf\u0131ndan, ne ama\u00e7la haz\u0131rland\u0131? Bunu bulun. Bu a\u00e7\u0131dan zaten Genelkurmay Askeri Savc\u0131l\u0131\u011f\u0131 da g\u00f6revsizlik karar\u0131 vererek dosyay\u0131 \u0130stanbul Cumhuriyet Ba\u015fsavc\u0131l\u0131\u011f\u0131na g\u00f6nderdi. Biz bu belgenin do\u011fru olmad\u0131\u011f\u0131 noktas\u0131ndan hareket ederek, bu belgenin kimler taraf\u0131ndan ne maksatla haz\u0131rland\u0131\u011f\u0131n\u0131 istiyoruz \u0130stanbul Cumhuriyet Ba\u015fsavc\u0131l\u0131\u011f\u0131ndan. Yoksa, \u0130stanbul Cumhuriyet Ba\u015fsavc\u0131l\u0131\u011f\u0131ndan bu belge do\u011fru mudur, yanl\u0131\u015f m\u0131d\u0131r noktas\u0131n\u0131 a\u00e7\u0131kl\u0131\u011fa kavu\u015fturulmas\u0131n\u0131 \u015fu anda mevcut soru\u015fturma \u015fartlar\u0131 \u00e7er\u00e7evesinde istemiyoruz.&#8221; diye konu\u015ftu.<\/p>\n<p style=\"text-align: justify;\"><strong>&#8221;DED\u0130KODULARLA, \u0130FT\u0130RALARLA K\u0130MSE B\u0130ZDEN TSK \u0130\u00c7\u0130NDE CADI AVI G\u0130B\u0130 FAAL\u0130YET YAPMAMIZI BEKLEMES\u0130N&#8221;<br \/>\n<\/strong> Genelkurmay Ba\u015fkan\u0131 Orgeneral \u0130lker Ba\u015fbu\u011f, &#8221;Bizim kar\u015f\u0131 oldu\u011fumuz, hi\u00e7bir ger\u00e7e\u011fe dayanmayan, \u00f6n yarg\u0131l\u0131, \u00f6n ama\u00e7l\u0131, y\u0131k\u0131c\u0131 faaliyetler&#8230; Elbette bunlar\u0131 art\u0131k geldi\u011fimiz noktada, fitne ve fesat olaylar\u0131 olarak g\u00f6r\u00fcyoruz&#8221; dedi. Orgeneral Ba\u015fbu\u011f, Genelkurmay Karargah\u0131&#8217;nda d\u00fczenlendi\u011fi bas\u0131n toplant\u0131s\u0131nda gazetecilerin sorular\u0131n\u0131 da yan\u0131tlad\u0131. Bir gazetecinin, soru\u015fturmaya konu olan Albay Dursun \u00c7i\u00e7ek&#8217;in belgedeki imzas\u0131yla Askeri Savc\u0131l\u0131\u011fa verdi\u011fi ifadeye att\u0131\u011f\u0131 imzan\u0131n farkl\u0131 oldu\u011fu tart\u0131\u015fmalar\u0131n\u0131 an\u0131msatmas\u0131 \u00fczerine Orgeneral Ba\u015fbu\u011f, soru\u015fturman\u0131n Genelkurmay Askeri Savc\u0131l\u0131\u011f\u0131nca y\u00fcr\u00fct\u00fcld\u00fc\u011f\u00fcne dikkati \u00e7ekti. Genelkurmay Askeri Savc\u0131l\u0131\u011f\u0131n\u0131n ba\u011f\u0131ms\u0131z oldu\u011funu vurgulayan Orgeneral Ba\u015fbu\u011f, \u015f\u00f6yle devam etti: &#8221;Bak\u0131n \u00e7ok a\u00e7\u0131k s\u00f6yl\u00fcyorum, benim samimi oldu\u011fumu da biliyorsunuz. \u015eimdi \u015furaya 20 tane hakim albay\u0131 getirin ve bana sorun, Genelkurmay Ba\u015fsavc\u0131s\u0131 kim, samimi olarak s\u00f6yl\u00fcyorum tan\u0131m\u0131yorum. Ha tan\u0131m\u0131\u015f olabilirim, bu illa kesin tan\u0131mam\u0131\u015f olaca\u011f\u0131m anlam\u0131na gelmez. Ba\u015fka bir g\u00f6revde benim yan\u0131mda \u00e7al\u0131\u015fm\u0131\u015f olabilir, tan\u0131m\u0131yorum \u015fimdikini. Bizim prensip olarak savc\u0131larla hi\u00e7bir zaman direkt ili\u015fkimiz yoktur. Bizim adli m\u00fc\u015favirlerimiz vard\u0131r. Biz elbette bu konuda her t\u00fcrl\u00fc faaliyetimizi adli m\u00fc\u015favirlerimizle yapar\u0131z. Bunun da bu vesileyle anla\u015f\u0131lmas\u0131n\u0131 istiyorum. Gelelim bu imza konusuna. Askeri savc\u0131l\u0131k elbette bu konunun \u00fczerinde durdu. Yani bu konunun \u00fczerinde durmad\u0131\u011f\u0131n\u0131 nereden \u00e7\u0131kar\u0131yorsunuz? Ama gelinen sonu\u00e7 \u015fudur: Ben de bu konuyu bildi\u011fim ve takip etti\u011fim kadar\u0131yla imza de\u011fi\u015fiklikleri kriminal inceleme sonucunu de\u011fi\u015ftirmiyor. Bilimsel olarak yap\u0131lan bu incelemelerde teknik kriterler kullan\u0131l\u0131yor ve siz nas\u0131l \u015fekilde imza atarsan\u0131z at\u0131n, imzan\u0131z\u0131n \u015feklini de\u011fi\u015ftirin, isterseniz -imzan\u0131n \u0131slak olmas\u0131 laz\u0131m tabii bunun net anla\u015f\u0131lmas\u0131 i\u00e7in- elinizin mahsul\u00fc oldu\u011fu anla\u015f\u0131labiliyor. Yani bir noktada \u00e7izgileriniz, elinizin el hareketleri, sizin bir noktada parmak izi gibi sonu\u00e7 \u00e7\u0131kar\u0131yor. \u015eimdi burada \u0131slak imzaya sahip belge yok. Dolay\u0131s\u0131yla elbette askeri savc\u0131l\u0131k bu konu \u00fczerinde durmu\u015ftur. Ancak belgenin asl\u0131 \u0131slak imzaya sahip bir belge olmad\u0131\u011f\u0131 i\u00e7in buruda bir sonuca ula\u015f\u0131lmas\u0131 m\u00fcmk\u00fcn de\u011fil. Dolay\u0131s\u0131yla bu bir noktada sonucu da de\u011fi\u015ftiremeyece\u011fi kanaatine varm\u0131\u015ft\u0131r. Nitekim askeri savc\u0131l\u0131k bu \u015fekilde de\u011ferlendirmesini haz\u0131rlam\u0131\u015f oldu\u011fu karara da a\u00e7\u0131k \u015fekilde yazm\u0131\u015ft\u0131r.&#8221; <!--nextpage--><\/p>\n<p style=\"text-align: justify;\"><strong>&#8221;G\u00d6R\u00dc\u015e VE D\u00dc\u015e\u00dcNCELER\u0130M\u0130 BA\u015eBAKAN&#8217;A \u0130LETT\u0130M&#8221;<\/strong><br \/>\nOrgeneral Ba\u015fbu\u011f, bir ba\u015fka gazetecinin, &#8221;Ba\u015fbakan Recep Tayyip Erdo\u011fan&#8217;\u0131n do\u011frulu\u011fu kan\u0131tlanmam\u0131\u015f bir ka\u011f\u0131t par\u00e7as\u0131ndan hareketle partisinin \u015eanl\u0131urfa il kongresinde, TSK&#8217;y\u0131 hedefe oturtmas\u0131ndan hicap duyuyor musunuz?&#8221; sorusuna,\u00a0 &#8221;Hicap duyma esas\u0131nda \u00e7ok a\u011f\u0131r bir laf. Ben niye hicap duyay\u0131m ki bir kere. Kesinlikle \u00f6yle bir d\u00fc\u015f\u00fcnceye sahip de\u011filim. O konuyla ilgili fikrimi soruyorsan\u0131z, bu konuya ili\u015fkin ben g\u00f6r\u00fc\u015f ve d\u00fc\u015f\u00fcncelerimi Say\u0131n Ba\u015fbakan&#8217;a ilettim. O konuda s\u00f6yleyece\u011fim budur&#8221; yan\u0131t\u0131n\u0131 verdi. &#8221;Konu\u015fman\u0131z\u0131n ba\u015f\u0131nda sert bir tonda, &#8216;Fitne fesat kar\u0131\u015ft\u0131rmak isteyenler var&#8217; dediniz. T\u00fcrkiye&#8217;nin bekas\u0131na kar\u015f\u0131 bir tav\u0131rdan s\u00f6z ettiniz. Bu konuda bir duyumunuz ya da incelemenin sonucunda vard\u0131\u011f\u0131n\u0131z bir kanaat s\u00f6z konusu mu?&#8221; sorusu \u00fczerine, Orgeneral Ba\u015fbu\u011f, \u015funlar\u0131 kaydetti: &#8221;\u015eimdi T\u00fcrkiye&#8217;nin bulundu\u011fu co\u011frafya ortada, problemler ortada. G\u00fc\u00e7l\u00fc bir TSK&#8217;n\u0131n ve b\u00fct\u00fcnl\u00fc\u011f\u00fcne sahip bir TSK&#8217;n\u0131n \u00f6nemi ortada. \u015eimdi siz buna zarar verirseniz kime zarar verirsiniz? Sadece TSK&#8217;ya m\u0131? Bir noktada, \u00fclkenizin bekas\u0131n\u0131 de riske at\u0131yorsunuz. Biz her zaman s\u00f6yl\u00fcyoruz, bir \u015feyin alt\u0131n\u0131 tekrar \u00e7iziyoruz: Biz, kanunlara ve yasalara sayg\u0131l\u0131y\u0131z. Kanunlara ve yasalara ayk\u0131r\u0131 hareket edenlere m\u00fcsamaha etmeyiz. S\u00f6yl\u00fcyoruz a\u00e7\u0131k\u00e7a, bunu ifade ediyoruz. TSK da hakl\u0131 gerek\u00e7elere dayal\u0131 olarak, arkas\u0131nda \u00f6n yarg\u0131 olmayan b\u00fct\u00fcn tenkitlere a\u00e7\u0131\u011f\u0131z. Biz demiyoruz ki &#8216;TSK hi\u00e7bir \u015fekilde tart\u0131\u015f\u0131lamaz, TSK ile ilgili olarak hi\u00e7bir \u015fekilde tenkit, yorum yap\u0131lamaz.&#8217; Biz diyoruz ki &#8216;evet, olabilir.&#8217; Belki baz\u0131lar\u0131 yararl\u0131, faydal\u0131 da olur, buna a\u00e7\u0131\u011f\u0131z. Bizim kar\u015f\u0131 oldu\u011fumuz, hi\u00e7bir ger\u00e7e\u011fe dayanmayan, \u00f6n yarg\u0131l\u0131, \u00f6n ama\u00e7l\u0131, y\u0131k\u0131c\u0131 faaliyetler. Elbette bunlar\u0131 art\u0131k geldi\u011fimiz noktada, evet biz bunlar\u0131 fitne ve fesat olaylar\u0131 olarak g\u00f6r\u00fcyoruz. Yaln\u0131z TSK i\u00e7in de\u011fil, devlet, millet i\u00e7in de \u00e7ok a\u00e7\u0131k. Ya\u015fad\u0131\u011f\u0131m\u0131z olaylar bizi bu noktada ciddi \u015fekilde d\u00fc\u015f\u00fcnmeye ve ifade etmeye mecbur k\u0131ld\u0131.&#8221;<\/p>\n<p style=\"text-align: justify;\"><strong>&#8221;O, ONLARIN TAKD\u0130R\u0130D\u0130R&#8221;<\/strong><br \/>\n&#8221;AK Parti, bu ka\u011f\u0131t par\u00e7as\u0131 ortaya \u00e7\u0131kt\u0131\u011f\u0131 zaman ola\u011fan\u00fcst\u00fc topland\u0131, yarg\u0131ya ba\u015fvurdu. Yarg\u0131ya ba\u015fvurmas\u0131 Askeri Mahkemenin karar\u0131ndan sonra olsa daha iyi olmaz m\u0131yd\u0131?&#8221; sorusuna, Orgeneral Ba\u015fbu\u011f, &#8221;O konu tabii bir takdirdir. O konuda yorum yapmay\u0131 ben uygun bulmuyorum. Elbette T\u00fcrkiye&#8217;de hukuk sistemi, devletimizin sistemi var. Her kurum, her m\u00fcessese verdi\u011fi karar\u0131 do\u011fru g\u00f6r\u00fcyorsa, o, onlar\u0131n takdiridir. O konuda bizim yorum yapmam\u0131z uygun olmaz&#8221; yan\u0131t\u0131n\u0131 verdi. Orgeneral Ba\u015fbu\u011f, &#8221;15 Haziranda yapm\u0131\u015f oldu\u011funuz bir a\u00e7\u0131klama vard\u0131. 16 Haziranda bir gazetede yay\u0131mland\u0131. &#8216;Belge sahte \u00e7\u0131karsa ne yapaca\u011f\u0131m\u0131z\u0131 T\u00fcrkiye g\u00f6recek&#8217; \u015feklinde. Bug\u00fcn belgenin sahteli\u011fi konusunda en az\u0131ndan \u015fu an itibar\u0131yla bir kanaatiniz olu\u015fmu\u015f durumda&#8230; TSK&#8217;n\u0131n hi\u00e7bir \u015fekilde bu y\u0131pratma faaliyetlerine katlanamayaca\u011f\u0131n\u0131 vurgulad\u0131n\u0131z. Bu \u00e7er\u00e7evede \u00f6n\u00fcm\u00fczdeki d\u00f6nemde ne gibi metot izleyeceksiniz?&#8221; sorusunu, \u015f\u00f6yle cevaplad\u0131: &#8221;\u0130zliyorsunuz i\u015fte, izliyorsunuz yani. Biz hukuk devleti ilkelerine sayg\u0131l\u0131y\u0131z. Bu s\u00fcre\u00e7te de bunu g\u00f6sterdik. Bir konuyu Askeri Savc\u0131l\u0131\u011fa verdik. Askeri Savc\u0131l\u0131ktan konuya ili\u015fkin bir karar gelmeden \u00f6nce, bir kelime bile konu\u015ftuk mu? Bu hukuka olan sayg\u0131m\u0131zd\u0131r. Biz, hukuk devleti ilkelerine, hukuka ba\u011fl\u0131y\u0131z, sayg\u0131l\u0131y\u0131z. Elbette hukuk devleti ilkeleri kapsam\u0131nda, hukuk \u00e7er\u00e7evesinde ne yap\u0131lacaksa yap\u0131lacakt\u0131r. Bundan, ba\u015fka yorumlar \u00e7\u0131kar\u0131lmas\u0131ndan da \u00fcz\u00fcl\u00fcr\u00fcz.  <strong><\/strong><\/p>\n<p style=\"text-align: justify;\"><strong>KONUYU MGK G\u00dcNDEM\u0130NE GET\u0130RECE\u011e\u0130Z<\/strong><br \/>\nElbette bu konulara ili\u015fkin g\u00f6r\u00fc\u015f ve d\u00fc\u015f\u00fcncelerimizi yasal platformlarda getiririz. Onu da a\u00e7\u0131k\u00e7a ifade ettim. Dedim ki &#8216;\u00f6n\u00fcm\u00fczdeki hafta MGK toplant\u0131s\u0131nda bu konuyu getirece\u011fiz&#8217;. Bu konularla ilgili, ya\u015fad\u0131\u011f\u0131m\u0131z s\u00fcre\u00e7le ilgili baz\u0131 sorunlar var. Bunlarla ilgili Genelkurmay Askeri Savc\u0131l\u0131\u011f\u0131 su\u00e7 duyurusunda bulundu. Nedir bunlar? Bak\u0131n, &#8216;s\u00f6z konusu belge&#8217; laf\u0131n\u0131 kullan\u0131yoruz ama \u015fu anda ka\u011f\u0131t, mevcut bilgiler kapsam\u0131nda. Nerede bulundu? Bir yerde bulundu i\u015fte, ay\u0131n 4&#8217;\u00fcnde. \u00d6yle mi? Ay\u0131n 6&#8217;s\u0131nda \u0130stanbul&#8217;daki mahkemenin oturumunda bu dosya a\u00e7\u0131ld\u0131. Birtak\u0131m evraklar var. Peki, 6&#8217;s\u0131nda a\u00e7\u0131ld\u0131, 12&#8217;sinde bir gazeteye servis edildi, a\u00e7\u0131k. \u015eimdi bunu sormaya, sorgulamaya hem hukuk, hem \u015fekil yoluyla hakk\u0131m\u0131z yok mu? Acaba bir \u00f6zel kas\u0131t m\u0131 var burada? Bunu sormak hem hukuk yoluyla, hem de di\u011fer \u015fekillerde bizim hakk\u0131m\u0131z. \u015eimdi bu belgelere bak\u0131yoruz, tuhaf. Bir y\u0131\u011f\u0131n belge var. O belgeler hakikaten usul\u00fcne g\u00f6re haz\u0131rlanm\u0131\u015f, uygun, konular\u0131 hemen hemen ayn\u0131. \u00c7ok \u00f6nemli konular de\u011fil asl\u0131nda. Bu iddia edilen belge ise onlarla hi\u00e7bir ili\u015fkisi olmayan, i\u00e7erik olarak, art\u0131 haz\u0131rlan\u0131\u015f \u015fekli olarak farkl\u0131 bir belge. Olabilir, ona da itiraz\u0131m\u0131z yok.<\/p>\n<p style=\"text-align: justify;\"><strong>FOTOKOP\u0130 BELGEN\u0130N \u00dcZER\u0130NDE N\u0130SAN 2009 YAZMIYOR<\/strong><br \/>\nPeki, \u015fu soruyu sormaya hakk\u0131m\u0131z yok mu? Bu belgenin Nisan 2009&#8217;da haz\u0131rland\u0131\u011f\u0131n\u0131 kim tespit etti? Kim tespit etti. Belgenin \u00fczerinde hi\u00e7bir tarih yok, arkada\u015flar. Soru\u015fturma kapsam\u0131nda birtak\u0131m raporlar haz\u0131rland\u0131. Birisi Jandarma Genel Komutanl\u0131\u011f\u0131m\u0131z\u0131n haz\u0131rlad\u0131\u011f\u0131 kriminal rapor. 17&#8217;sinde haz\u0131rland\u0131, \u00f6zel kuryeyle g\u00f6nderildi. 19 ve 20&#8217;sinde bu kriminal raporun baz\u0131 par\u00e7alar\u0131, baz\u0131 bas\u0131n organlar\u0131nda yer ald\u0131. Niye? Hem de i\u015fin ac\u0131 taraf\u0131, belgenin t\u00fcm\u00fc de de\u011fil. Nedir bu? Kamuoyu olu\u015fturmakt\u0131r. Bak\u0131n bug\u00fcn ilk defa bir ifade kulland\u0131m, medya \u00fczerinden asimetrik bir psikolojik harekat yap\u0131l\u0131yor.  <strong><\/strong><\/p>\n<p style=\"text-align: justify;\"><strong>KR\u0130M\u0130NAL RAPOR BAZI GAZETELERE SERV\u0130S ED\u0130LD\u0130<\/strong><br \/>\nEmniyet Genel M\u00fcd\u00fcrl\u00fc\u011f\u00fc Kriminal Dairesi taraf\u0131ndan bir rapor haz\u0131rland\u0131, 22 Haziranda. Ni\u00e7in? \u015eimdi bu soruyu sormak hakk\u0131m de\u011fil mi? \u015eimdi bunlar tabii ki elbette bizi de d\u00fc\u015f\u00fcnd\u00fcr\u00fcyor. Biz burada d\u00fc\u015f\u00fcnmeyle kalmad\u0131k, ayn\u0131 zamanda Genelkurmay Askeri Savc\u0131l\u0131\u011f\u0131 bu konularla ilgili hukuki s\u00fcreci ba\u015flatt\u0131 ve su\u00e7 duyurular\u0131nda bulundu. \u0130lgili makamlar da bu konularla ilgili ara\u015ft\u0131rmalar\u0131na ba\u015flad\u0131. Bunlar yanl\u0131\u015f. B\u0131rak\u0131n s\u00fcreci normal mecras\u0131nda aks\u0131n. B\u0131rak\u0131n do\u011fru neyse \u00e7\u0131ks\u0131n. Bizim ona hi\u00e7 itiraz\u0131m\u0131z yok ama siz do\u011frunun \u00e7\u0131kmas\u0131n\u0131 beklemeden devaml\u0131 bu hukuk s\u00fcrecini dinamitlerseniz ne olacak bu T\u00fcrkiye&#8217;nin hali? Bunu hakikaten, ciddi olarak hep beraber d\u00fc\u015f\u00fcnelim.&#8221;<\/p>\n<p style=\"text-align: justify;\"><strong>&#8221;TRAJ\u0130K DURUMLAR YA\u015eIYORUZ, KARA M\u0130ZAH \u00d6RNE\u011e\u0130&#8230;&#8221;<\/strong><br \/>\nOrgeneral Ba\u015fbu\u011f, bazen kara mizah \u00f6rne\u011fi trajik durumlar\u0131n ya\u015fand\u0131\u011f\u0131na dikkati \u00e7ekerek, konu\u015fmas\u0131n\u0131 \u015f\u00f6yle s\u00fcrd\u00fcrd\u00fc: &#8221;Genelkurmay Askeri Savc\u0131l\u0131\u011f\u0131n\u0131n a\u00e7\u0131klamas\u0131, \u00c7ar\u015famba g\u00fcn\u00fc yan\u0131lm\u0131yorsam saat 14.50&#8217;de ajanslara verildi. Uzun bir a\u00e7\u0131klama, 3 sayfa. Saat 15.00&#8217;den itibaren t\u00fcm televizyon kanallar\u0131 son dakika haberlerine ba\u015flad\u0131. \u015eimdi, 14.50&#8217;de verildi, 15.00&#8217;de son dakika haberleri ba\u015flad\u0131, yorumlar ba\u015flad\u0131. Ben birini takip ettim, saat 15.00&#8217;te. Yorumu yapanlar inan\u0131n daha o Genelkurmay Askeri Savc\u0131l\u0131\u011f\u0131n\u0131n a\u00e7\u0131klamas\u0131n\u0131 g\u00f6rmemi\u015fler. \u00c7\u00fcnk\u00fc, o anda televizyonlarda da yok ve 15.00&#8217;da \u00e7\u0131k\u0131yor biri diyor ki &#8216;Olaca\u011f\u0131 buydu. Ben zaten ba\u015fka bir \u015fey beklemiyordum. \u0130\u015fte, \u015f\u00f6yle \u015f\u00f6yle \u015f\u00f6yle&#8230;&#8217; Ya, ay\u0131pt\u0131r bu ay\u0131p.  <!--nextpage--><strong><\/strong><\/p>\n<p style=\"text-align: justify;\"><strong>TELEV\u0130ZYONLARDA A\u00c7IKLAMA OKUNMADAN YORUMLAR YAPILDI<\/strong><br \/>\nYani en az\u0131ndan bekleyin, al\u0131n \u015fu \u00fc\u00e7 sayfal\u0131k metni okuyun, ondan sonra be\u011fenmedi\u011finiz yer olabilir, tenkit edin. Be\u011fenmedi\u011finiz yerler, kat\u0131lmad\u0131\u011f\u0131n\u0131z yerler olabilir ama siz daha saat 14.50&#8217;de ajanslara giden haberlere 15.00&#8217;te televizyonlarda art\u0131k herkes \u00e7\u0131k\u0131yor yorum yap\u0131yor. \u00dcz\u00fcl\u00fcyorum ki yorum yapanlar daha a\u00e7\u0131klaman\u0131n ba\u015fl\u0131\u011f\u0131n\u0131 bile g\u00f6rmemi\u015flerdir. \u0130\u015fin k\u00f6t\u00fcs\u00fc o programlar\u0131 y\u00f6netenlerin \u00f6n\u00fcnde de yok. Burada ben \u00f6zellike ajanslar\u0131m\u0131za da bir \u00e7a\u011fr\u0131da bulunmak istiyorum. Benim bu ki\u015fisel izlenimim. Bu tip \u00f6nemli \u015feyleri l\u00fctfen par\u00e7a par\u00e7a vermeyin. O da bir s\u0131k\u0131nt\u0131. \u015eimdi ajanslar bunu par\u00e7a par\u00e7a veriyor, elbette televizyondaki arkada\u015flar\u0131m\u0131z s\u0131k\u0131nt\u0131ya d\u00fc\u015f\u00fcyor, bir sat\u0131r g\u00f6r\u00fcyor anlam\u0131yor, yanl\u0131\u015f \u015feyler s\u00f6yl\u00fcyor. Yorum yapanlar daha hi\u00e7 metni g\u00f6rmemi\u015f, yorumlar yap\u0131yor ama ne oluyor o zaman arkada\u015flar, insanlar televizyonlar\u0131 seyrediyor. Siz ne s\u00f6ylerseniz o giriyor. \u0130\u015fte bu asimetrik sava\u015f.&#8221;<\/p>\n<p style=\"text-align: justify;\"><strong>&#8221;ONA G\u0130RMEM BEN&#8221;<\/strong><br \/>\nBir gazetecinin, &#8221;Y\u0131llard\u0131r TSK kendisine y\u00f6nelik baz\u0131 sistemli y\u0131pratma hareketleri oldu\u011funu s\u00f6yler. Bunlar\u0131 ger\u00e7ekle\u015ftirenlerin kim, kimler, hangi kurum ve kurulu\u015f ya da yap\u0131lar oldu\u011funa dair fikriniz var m\u0131, bizimle payla\u015fmasan\u0131z bile ilgililerine adland\u0131rd\u0131\u011f\u0131n\u0131z oldu mu?&#8221; sorusuna Orgeneral Ba\u015fbu\u011f, elinde hi\u00e7bir bir delil, belge ve yarg\u0131 karar\u0131 olmadan kamuoyu \u00f6n\u00fcnde herhangi bir ki\u015fi ve kurumu su\u00e7laman\u0131n do\u011fru olmad\u0131\u011f\u0131n\u0131 belirtti. Orgeneral Ba\u015fbu\u011f, &#8221;Bizden b\u00f6yle bir \u015fey beklemeyin. Elbette bu konuya ili\u015fkin bizim de baz\u0131 duyumlar\u0131m\u0131z, bilgilerimiz var. Elbette bunu ilgili makamlarla gerekli zaman ve yerlerde elbette payla\u015f\u0131yoruz ve payla\u015fmaya devam edece\u011fiz&#8221; diye konu\u015ftu. Orgeneral Ba\u015fbu\u011f, bir ba\u015fka soru \u00fczerine, kovu\u015fturmaya yer olmad\u0131\u011f\u0131na ili\u015fkin kararlar\u0131n kesin olmad\u0131\u011f\u0131n\u0131 ancak yeni bir belge, yeni bir delil, yeni bir emare ve yeni bir \u015feye ula\u015f\u0131l\u0131rsa elbette soru\u015fturman\u0131n tekrar a\u00e7\u0131labilece\u011fini belirtti. Orgeneral Ba\u015fbu\u011f, &#8221;Bu belgenin do\u011fru olup olmad\u0131\u011f\u0131na y\u00f6nelik a\u00e7\u0131lacak olan soru\u015fturman\u0131n, bu soru\u015fturma kapsam\u0131 de\u011fi\u015fmedi\u011fi takdirde biz, Genelkurmay Askeri Savc\u0131l\u0131\u011f\u0131 olarak d\u00fc\u015f\u00fcn\u00fcyoruz. A\u00e7\u0131k ve net&#8221; dedi. Bir ba\u015fka gazetecinin, Anayasa&#8217;n\u0131n ge\u00e7ici 15. maddesinin kald\u0131r\u0131lmas\u0131 konusundaki sorusunu Orgeneral Ba\u015fbu\u011f, &#8221;Ona girmem ben, O benim \u015fu anda benim \u015feyim de\u011fil, hay\u0131r girmem&#8221; diyerek yan\u0131tlamad\u0131. Orgeneral Ba\u015fbu\u011f, &#8221;Sizin \u015fahs\u0131n\u0131za y\u00f6nelik ele\u015ftiriler ile bir siyasi parti liderinin istifan\u0131z\u0131 istemesinden incindiniz mi?&#8221; sorusuna, &#8221;Hi\u00e7 kaale bile almad\u0131m&#8221; kar\u015f\u0131l\u0131\u011f\u0131n\u0131 verdi.  <strong><\/strong><\/p>\n<p style=\"text-align: justify;\"><strong>&#8221;K\u0130MSE B\u0130ZDEN DED\u0130KODULARLA CADI AVI BEKLEMES\u0130N&#8221;<\/strong><br \/>\nAlbay Dursun \u00c7i\u00e7ek&#8217;in g\u00f6revinin ba\u015f\u0131nda olup olmad\u0131\u011f\u0131 ya da g\u00f6revinin de\u011fi\u015ftirilip de\u011fi\u015ftirilmeyece\u011fi, sivil toplum kurulu\u015flar\u0131 ve i\u015f d\u00fcnyas\u0131na ili\u015fkin bir belge haz\u0131rlad\u0131\u011f\u0131 iddias\u0131n\u0131n da ara\u015ft\u0131r\u0131l\u0131p ara\u015ft\u0131r\u0131lmad\u0131\u011f\u0131na ili\u015fkin soruya da Orgeneral Ba\u015fbu\u011f, \u015fu yan\u0131t\u0131 verdi: &#8221;Genelkurmay ve silahl\u0131 kuvvetler, biz; bize gelen duyum, belge, emare bir \u015fey varsa ciddiye al\u0131nmas\u0131 gereken, bunlar\u0131n hepsini ciddi \u015fekilde inceleriz. Gerekirse bunu idari olarak inceleriz, gerekirse bu olayda oldu\u011fu gibi yasal s\u00fcreci ba\u015flat\u0131r\u0131z. Ancak yap\u0131lan idari soru\u015fturmalarda e\u011fer ortada herhangi bir kusur i\u015fleyen bir personel yoksa elbette bu personel \u00fczerinde tasarruf yap\u0131lmas\u0131 da s\u00f6z konusu de\u011fildir. Elbette TSK olarak bunu s\u00f6ylememiz bile -baz\u0131lar\u0131 s\u00f6yl\u00fcyorlar, niye bunu s\u00f6yl\u00fcyorlar, esas\u0131nda ola\u011fan bir \u015fey- ekstra bir \u015fey de\u011fil asl\u0131nda.\u00a0 Elbette T\u00fcrkiye, demokratik, laik, sosyal, hukuk devleti. Hukuk devleti demek herkesin hukuk devleti ilke ve prensiplerine uymas\u0131 demek. TSK&#8217;n\u0131n da zaten ayk\u0131r\u0131 bir davran\u0131\u015fta bulunmas\u0131n\u0131 d\u00fc\u015f\u00fcnmek s\u00f6z konusu bile de\u011fil. Maalesef \u015fartlar bizi bunu devaml\u0131 tekrarlama durumuna sokuyor. Bu a\u00e7\u0131dan biz TSK&#8217;da, demokrasi ve hukuk devleti ilkelerine ayk\u0131r\u0131 d\u00fc\u015f\u00fcncelerde olanlar\u0131, ayk\u0131r\u0131 faaliyetlerde bulunanlar\u0131 bar\u0131nd\u0131rmay\u0131z. Bunu a\u00e7\u0131k s\u00f6yl\u00fcyoruz. Bundan da s\u00f6yle bir sonu\u00e7 \u00e7\u0131kartmay\u0131n. Silahl\u0131 kuvvetlerde cad\u0131 av\u0131 filan yapacak de\u011filiz. Kimse de bunu yanl\u0131\u015f anlamas\u0131n. Bunun hakl\u0131, ge\u00e7erli, doyurucu belgeleri vesairesi olmas\u0131 laz\u0131m. Yoksa dedikodularla, iftiralarla kimse bizden TSK i\u00e7inde cad\u0131 av\u0131 gibi faaliyet yapmam\u0131z\u0131 beklemesin.&#8221; Orgeneral Ba\u015fbu\u011f&#8217;un bas\u0131n toplant\u0131s\u0131, saat 11.00&#8217;de ba\u015flad\u0131 ve yakla\u015f\u0131k 1 saat s\u00fcrd\u00fc. Toplant\u0131n\u0131n ba\u015f\u0131nda 20 dakika a\u00e7\u0131klamalarda bulunan Orgeneral Ba\u015fbu\u011f, 40 dakika s\u00fcre ile de bas\u0131n mensuplar\u0131n\u0131n sorular\u0131n\u0131 yan\u0131tlad\u0131. Genelkurmay Ba\u015fkanl\u0131\u011f\u0131 Karargah\u0131&#8217;ndaki \u0130n\u00f6n\u00fc Salonu&#8217;nda yap\u0131lan toplant\u0131ya, Kara Kuvvetleri Komutan\u0131 Orgeneral I\u015f\u0131k Ko\u015faner, Deniz Kuvvetleri Komutan\u0131 Oramiral Metin Ata\u00e7, Hava Kuvvetleri Komutan\u0131 Orgeneral Aydo\u011fan Babao\u011flu, Genelkurmay 2. Ba\u015fkan\u0131 Orgeneral Hasan I\u011fs\u0131z, Jandarma Genel Komutan\u0131 Orgeneral Atila I\u015f\u0131k ile yakla\u015f\u0131k 30 general kat\u0131ld\u0131.\n<\/p>\n<p style=\"text-align: justify;\"><span style=\"color: #888888;\">Kaynak : Gazetport<\/span><\/p>\n","protected":false},"excerpt":{"rendered":"<p style=\"text-align: center;\">\n<p>Genelkurmay Ba\u015fkan\u0131 \u0130lker Ba\u015fbu\u011f Genelkurmay karargah\u0131nda Gazetecilere bas\u0131n a\u00e7\u0131klamas\u0131 yapt\u0131. \u0130lker Ba\u015fbu\u011f belge oldu\u011fu ileri s\u00fcr\u00fclen \u015feyin hukuki olarak belge de\u011fil ka\u011f\u0131t oldu\u011funun ortaya \u00e7\u0131kt\u0131\u011f\u0131n\u0131 s\u00f6yledi. <\/p>\n<p style=\"text-align: justify;\">ANKARA (A.A) &#8211; Genelkurmay Ba\u015fkan\u0131 Orgeneral \u0130lker Ba\u015fbu\u011f, Taraf gazetesinde yay\u0131mlanan habere konu olan belgeyle ilgili olarak, &#8221;Bug\u00fcn biz bu ka\u011f\u0131t par\u00e7as\u0131n\u0131n birileri <\/p>\n","protected":false},"author":1,"featured_media":0,"comment_status":"open","ping_status":"closed","sticky":false,"template":"","format":"standard","meta":{"footnotes":""},"categories":[105],"tags":[],"class_list":["post-10450","post","type-post","status-publish","format-standard","hentry","category-gundem","odd"],"_links":{"self":[{"href":"http:\/\/www.korhanyilmaz.com\/index.php?rest_route=\/wp\/v2\/posts\/10450","targetHints":{"allow":["GET"]}}],"collection":[{"href":"http:\/\/www.korhanyilmaz.com\/index.php?rest_route=\/wp\/v2\/posts"}],"about":[{"href":"http:\/\/www.korhanyilmaz.com\/index.php?rest_route=\/wp\/v2\/types\/post"}],"author":[{"embeddable":true,"href":"http:\/\/www.korhanyilmaz.com\/index.php?rest_route=\/wp\/v2\/users\/1"}],"replies":[{"embeddable":true,"href":"http:\/\/www.korhanyilmaz.com\/index.php?rest_route=%2Fwp%2Fv2%2Fcomments&post=10450"}],"version-history":[{"count":0,"href":"http:\/\/www.korhanyilmaz.com\/index.php?rest_route=\/wp\/v2\/posts\/10450\/revisions"}],"wp:attachment":[{"href":"http:\/\/www.korhanyilmaz.com\/index.php?rest_route=%2Fwp%2Fv2%2Fmedia&parent=10450"}],"wp:term":[{"taxonomy":"category","embeddable":true,"href":"http:\/\/www.korhanyilmaz.com\/index.php?rest_route=%2Fwp%2Fv2%2Fcategories&post=10450"},{"taxonomy":"post_tag","embeddable":true,"href":"http:\/\/www.korhanyilmaz.com\/index.php?rest_route=%2Fwp%2Fv2%2Ftags&post=10450"}],"curies":[{"name":"wp","href":"https:\/\/api.w.org\/{rel}","templated":true}]}}