{"id":10444,"date":"2009-06-24T15:02:15","date_gmt":"2009-06-24T12:02:15","guid":{"rendered":"http:\/\/www.korhanyilmaz.com\/?p=10444"},"modified":"2009-06-24T15:02:15","modified_gmt":"2009-06-24T12:02:15","slug":"tskya-gore-komplo-dosya-sivil-savcida","status":"publish","type":"post","link":"http:\/\/www.korhanyilmaz.com\/?p=10444","title":{"rendered":"TSK&#039;ya g\u00f6re komplo, Dosya sivil savc\u0131da"},"content":{"rendered":"<p style=\"text-align: center;\"><img loading=\"lazy\" decoding=\"async\" class=\"aligncenter size-full wp-image-10446\" title=\"800020090618110026950\" src=\"http:\/\/www.korhanyilmaz.com\/wp-content\/uploads\/2009\/06\/8000200906181100269501.jpg\" alt=\"800020090618110026950\" width=\"218\" height=\"163\" \/><\/p>\n<p style=\"text-align: center;\">\n<p style=\"text-align: justify;\"><strong>Askeri savc\u0131l\u0131k: Bu belge karargahta haz\u0131rlanmad\u0131. <\/strong><\/p>\n<p style=\"text-align: justify;\">Askeri savc\u0131l\u0131k 15 g\u00fcnd\u00fcr T\u00fcrkiye\u2019nin g\u00fcndemini olu\u015fturan \u201c\u0130rticayla M\u00fccadele Eylem Plan\u0131\u201dn\u0131n Genelkurmay\u2019da haz\u0131rlanmad\u0131\u011f\u0131n\u0131 a\u00e7\u0131klad\u0131. Belgenin alt\u0131nda imzas\u0131 bulunan Albay \u00c7i\u00e7ek hakk\u0131nda kovu\u015fturmaya yer olmad\u0131\u011f\u0131na karar veren savc\u0131l\u0131k dosyay\u0131 \u0130stanbul Cumhuriyet Ba\u015fsavc\u0131l\u0131\u011f\u0131\u2019na g\u00f6nderdi.<\/p>\n<p style=\"text-align: justify;\">ANKARA &#8211; Genelkurmay Ba\u015fkanl\u0131\u011f\u0131 Askeri Savc\u0131l\u0131\u011f\u0131, Taraf Gazetesinde yay\u0131mlanan \u201c\u0130rticayla M\u00fccadele Eylem Plan\u0131\u201d ba\u015fl\u0131kl\u0131 belgeyle ilgili soru\u015fturmay\u0131 tamamlad\u0131. Askeri Savc\u0131l\u0131k, belgenin Genelkurmay Ba\u015fkanl\u0131\u011f\u0131 b\u00fcnyesinde haz\u0131rlanmad\u0131\u011f\u0131 kanaatine var\u0131ld\u0131\u011f\u0131 ve belgenin asl\u0131n\u0131n olmamas\u0131 nedeniyle, fotokopi belgedeki imzan\u0131n Albay Dursun \u00c7i\u00e7ek\u2019e ait oldu\u011funun ispatlanamad\u0131\u011f\u0131 sonucuna vard\u0131. Askeri Savc\u0131l\u0131k bu y\u00fczden soru\u015fturmayla ilgili takipsizlik karar\u0131 vererek, dosyay\u0131 belgeyi haz\u0131rlayanlar\u0131n ortaya \u00e7\u0131kar\u0131lmas\u0131 i\u00e7in \u0130stanbul Cumhuriyet Ba\u015fsavc\u0131l\u0131\u011f\u0131\u2019na g\u00f6nderdi. <!--more--><\/p>\n<p style=\"text-align: justify;\">Askeri Savc\u0131l\u0131k, Genelkurmay Harekat Ba\u015fkanl\u0131\u011f\u0131 3. Destek \u015eube M\u00fcd\u00fcrl\u00fc\u011f\u00fc\u2019nde haz\u0131rland\u0131\u011f\u0131 iddia edilen ve Kurmay Albay Dursun \u00c7i\u00e7ek imzal\u0131 belgeyle ilgili Genelkurmay Ba\u015fkanl\u0131\u011f\u0131\u2019nca verilen soru\u015fturma emri uyar\u0131nca yap\u0131lan soru\u015fturman\u0131n tamamland\u0131\u011f\u0131n\u0131a\u00e7\u0131klad\u0131:<\/p>\n<p style=\"text-align: justify;\"><strong>GENELKURMAY\u2019DA HAZIRLANMADI: <\/strong>Belgenin Genelkurmay Ba\u015fkanl\u0131\u011f\u0131 Karargah\u0131\u2019nda d\u00fczenlenmedi\u011fi tespit edilmi\u015f, b\u00f6yle bir belgeyle ilgili olarak gerek elektronik ortamda, gerekse de yaz\u0131l\u0131 kay\u0131tlarda herhangi bir bilgi, belge, emir veya emareye rastlan\u0131lmam\u0131\u015ft\u0131r. Belgenin Genelkurmay Ba\u015fkanl\u0131\u011f\u0131\u2019nda haz\u0131rlanmad\u0131\u011f\u0131, b\u00f6yle bir belgenin mevcut olmad\u0131\u011f\u0131 anla\u015f\u0131ld\u0131\u011f\u0131ndan ve asl\u0131 bulunmayan fotokopi belgenin 4. sayfas\u0131ndaki imza blo\u011funda Albay Dursun \u00c7i\u00e7ek\u2019in isminin \u00fczerinde yer alan imzan\u0131n, \u015f\u00fcpheli Dursun \u00c7i\u00e7ek\u2019e ait oldu\u011funa, bu belgenin haz\u0131rlanmas\u0131 ve herhangi bir ki\u015fiye verildi\u011fine ili\u015fkin \u015f\u00fcpheli hakk\u0131nda delil bulunmad\u0131\u011f\u0131ndan, olay ve Dursun \u00c7i\u00e7ek ile ilgili itiraz yolu a\u00e7\u0131k olmak \u00fczere kovu\u015fturmaya yer olmad\u0131\u011f\u0131na karar verilmi\u015ftir.<\/p>\n<p style=\"text-align: justify;\"><strong>\u0130STANBUL SAVCILI\u011eI BULSUN: <\/strong>Belgenin asl\u0131n\u0131n mevcut olmamas\u0131 nedeniyle, bu belgenin hangi ama\u00e7la kim veya kimler taraf\u0131ndan \u00fcretildi\u011fi, \u00fcretenlerin ama\u00e7lar\u0131, \u00f6zellikle TSK\u2019nin bir \u015fekilde hedef al\u0131n\u0131p al\u0131nmad\u0131\u011f\u0131 ve belgenin Taraf Gazetesi muhabirine ula\u015ft\u0131r\u0131lmas\u0131yla ayn\u0131 gazetede yay\u0131mlanmas\u0131 olaylar\u0131 hakk\u0131nda adliye mahkemelerinin g\u00f6revli ve yetkili olduklar\u0131 anla\u015f\u0131ld\u0131\u011f\u0131ndan, itiraz yolu a\u00e7\u0131k olmak \u00fczere Genelkurmay Ba\u015fkanl\u0131\u011f\u0131 Askeri Savc\u0131l\u0131\u011f\u0131n\u0131n g\u00f6revsizli\u011fine, soru\u015fturma dosyas\u0131n\u0131n gere\u011finin takdir ve ifas\u0131 i\u00e7in g\u00f6revli ve yetkili \u0130stanbul Cumhuriyet Ba\u015fsavc\u0131l\u0131\u011f\u0131\u2019na g\u00f6nderilmesine karar verildi.<\/p>\n<p style=\"text-align: justify;\"><strong>Askeri yaz\u0131\u015fma kurallar\u0131na uymuyor <\/strong><\/p>\n<p style=\"text-align: justify;\">Askeri Savc\u0131l\u0131k, \u201cmaddi ger\u00e7eklere ula\u015f\u0131labilmesi\u201d i\u00e7in her t\u00fcr teknik imkandan yararlan\u0131ld\u0131\u011f\u0131n\u0131 belirterek, soru\u015fturma a\u015famalar\u0131na dair de bilgiler verdi. \u00c7i\u00e7ek\u2019in g\u00f6rev yapt\u0131\u011f\u0131 Genelkurmay Hareket Ba\u015fkanl\u0131\u011f\u0131 3. Bilgi Destek \u015eube M\u00fcd\u00fcrl\u00fc\u011f\u00fc\u2019nde kulland\u0131\u011f\u0131 2 bilgisayar da dahil olmak \u00fczere 14 bilgisayar\u0131n sabit diskleri ile bilgisayarlar\u0131n ba\u011fl\u0131 olduklar\u0131 ana sunucu ve yedeklerinin muhafaza edildi\u011fi Genelkurmay Muhabere Merkezi\u2019nde, teknik bilirki\u015filer taraf\u0131ndan yap\u0131lan incelemede belgeye veya belgenin izine rastlan\u0131lmad\u0131.<\/p>\n<p style=\"text-align: justify;\">Belge \u00fczerinde karargah \u00e7al\u0131\u015fma usulleri, askeri yaz\u0131\u015fma teknikleri ile emir, talimat, y\u00f6nerge ve uygulamalara uygunlu\u011fu a\u00e7\u0131s\u0131ndan yap\u0131lan bilirki\u015fi incelemesi sonunda da, belgenin \u015fekil a\u00e7\u0131s\u0131ndan hi\u00e7bir askeri yaz\u0131 bi\u00e7imine uymad\u0131\u011f\u0131, resmi evrak niteli\u011fi kazand\u0131racak herhangi bir unsuru i\u00e7ermedi\u011fi, karargah \u00e7al\u0131\u015fma usulleri ve askeri yaz\u0131m teknikleriyle uyu\u015fmayan bir\u00e7ok maddi hata bulundu\u011fu, askeri yaz\u0131\u015fma gelenekleriyle \u00f6rt\u00fc\u015fmeyen ibare ve k\u0131saltmalara yer verildi\u011fi belirtildi.<\/p>\n<p style=\"text-align: justify;\">Askeri Savc\u0131l\u0131\u011f\u0131n imzan\u0131n kime ait oldu\u011funu saptamak i\u00e7in Jandarma ve Emniyet\u2019ten gelen raporlar\u0131n yan\u0131 s\u0131ra T\u00dcB\u0130TAK\u2019a da ba\u015fvurmas\u0131 dikkat \u00e7ekti.<\/p>\n<p style=\"text-align: justify;\"><strong>Askeri savc\u0131l\u0131k 6 sorunun yan\u0131t\u0131n\u0131 arad\u0131 <\/strong><\/p>\n<p style=\"text-align: justify;\">Askeri Savc\u0131l\u0131k\u2019tan yap\u0131lan a\u00e7\u0131klamada, sonucun bildirilmesiyle yetinilmedi ve \u201ckonunun kamuoyunu yak\u0131ndan ilgilendirmesi nedeniyle ayr\u0131nt\u0131l\u0131 bir bilgilendirme yap\u0131lmas\u0131n\u0131n zorunlu oldu\u011fu\u201d belirtildi. Soru\u015fturmada \u015fu sorulara yan\u0131t arand\u0131:<\/p>\n<p style=\"text-align: justify;\">&#8211; Belge Genelkurmay Karargah\u0131nda, Albay \u00c7i\u00e7ek veya ba\u015fka bir personel taraf\u0131ndan haz\u0131rland\u0131 m\u0131?<\/p>\n<p style=\"text-align: justify;\">&#8211; Bu konuda emir verildi mi?<\/p>\n<p style=\"text-align: justify;\">&#8211; Belge i\u00e7eri\u011fi ve belge do\u011fru mu?<\/p>\n<p style=\"text-align: justify;\">&#8211; Devletin g\u00fcvenli\u011fine ili\u015fkin herhangi bir belge \u00fczerinde sahtecilik yap\u0131ld\u0131 m\u0131?<\/p>\n<p style=\"text-align: justify;\">&#8211; Tahsis olundu\u011fu yerden ba\u015fka bir yerde kullan\u0131ld\u0131 m\u0131?<\/p>\n<p style=\"text-align: justify;\">&#8211; Hile ile al\u0131nd\u0131 m\u0131 veya \u00e7al\u0131nd\u0131 m\u0131?<\/p>\n<p style=\"text-align: justify;\">4 sorunun yan\u0131t\u0131 aranacak<\/p>\n<p style=\"text-align: justify;\">Askeri Savc\u0131l\u0131k g\u00f6revsizlik karar\u0131 ile \u0130stanbul\u2019a g\u00f6nderdi\u011fi g\u00f6revsizlik karar\u0131nda \u015fu sorular\u0131n yan\u0131tlanmas\u0131n\u0131 istedi:<\/p>\n<p style=\"text-align: justify;\">&#8211; Belge kim veya kimler taraf\u0131ndan \u00fcretildi?<\/p>\n<p style=\"text-align: justify;\">&#8211; \u00dcretenlerin ama\u00e7lar\u0131 nedir?<\/p>\n<p style=\"text-align: justify;\">&#8211; Bu suretle T\u00fcrk Silahl\u0131 Kuvvetleri hedef al\u0131nd\u0131 m\u0131?<\/p>\n<p style=\"text-align: justify;\">&#8211; Belge Taraf muhabirine nas\u0131l ula\u015ft\u0131r\u0131ld\u0131?<\/p>\n<p style=\"text-align: justify;\"><strong>Savc\u0131lar \u0130stanbul\u2019a gelmi\u015f <\/strong><\/p>\n<p style=\"text-align: justify;\">\u00d6zel yetkili \u0130stanbul Ba\u015fsavc\u0131l\u0131\u011f\u0131\u2019ndan istenen belge geldi\u011finde belgenin fotokopi oldu\u011funun g\u00f6r\u00fclmesi \u00fczerine askeri savc\u0131lar, \u0130stanbul\u2019a giderek Ergenekon soru\u015fturmas\u0131n\u0131 y\u00fcr\u00fcten savc\u0131larla g\u00f6r\u00fc\u015ft\u00fc ve belgenin fotokopi oldu\u011fu, asl\u0131n\u0131n bulunmad\u0131\u011f\u0131, ele ge\u00e7irilmedi\u011fini \u00f6\u011frendiler.<\/p>\n<p style=\"text-align: justify;\"><strong>\u2018Adli T\u0131p raporuna g\u00f6re ifade al\u0131nacak\u2019 <\/strong><\/p>\n<p style=\"text-align: justify;\">Genelkurmay Askeri Ba\u015fsavc\u0131l\u0131\u011f\u0131\u2019n\u0131n d\u00fcn irtica belgesinin alt\u0131nda imzas\u0131 oldu\u011fu iddia edilen Albay Dursun \u00c7i\u00e7ek hakk\u0131nda kovu\u015fturmaya yer olmad\u0131\u011f\u0131n\u0131 a\u00e7\u0131klamas\u0131n\u0131n ard\u0131ndan Be\u015fikta\u015f\u2019taki \u0130stanbul Adliyesi\u2019nde hareketli saatler ya\u015fand\u0131. Ergenekon soru\u015fturmas\u0131na bakan savc\u0131lar, \u0130stanbul Cumhuriyet Ba\u015fsavc\u0131 Vekili Turan \u00c7olakkad\u0131\u2019n\u0131n ba\u015fkanl\u0131\u011f\u0131nda biraraya gelerek yakla\u015f\u0131k 4 saat toplant\u0131 yapt\u0131. Toplant\u0131ya Savc\u0131 Zekeriya \u00d6z\u2019\u00fcn ise kat\u0131lmad\u0131\u011f\u0131 \u00f6\u011frenildi.<\/p>\n<p style=\"text-align: justify;\"><strong>Ba\u015fsavc\u0131 Vekili toplant\u0131 yapt\u0131 <\/strong><\/p>\n<p style=\"text-align: justify;\">Toplant\u0131 sonras\u0131nda k\u0131sa bir a\u00e7\u0131klama yapan \u00c7olakkad\u0131, \u201cErgenekon savc\u0131lar\u0131 \u00e7al\u0131\u015f\u0131yordu. Ben de kendilerinden son duruma ili\u015fkin bilgi ald\u0131m. Biz \u0130stanbul Cumhuriyet Ba\u015fsavc\u0131l\u0131\u011f\u0131 olarak Albay \u00c7i\u00e7ek\u2019e ait imza \u00f6rneklerini Adli T\u0131p Kurumu\u2019na bug\u00fcn (\u00e7ar\u015famba) g\u00f6nderdik. Ayn\u0131 zamanda Askeri Ba\u015fsavc\u0131l\u0131\u011f\u0131\u2019n\u0131n yapt\u0131rd\u0131\u011f\u0131 kriminal incelemeye ili\u015fkin raporla belgenin ele ge\u00e7irilmesinden sonra \u0130stanbul Emniyet M\u00fcd\u00fcrl\u00fc\u011f\u00fc Kriminal Labaratuvar\u0131\u2019n\u0131n haz\u0131rlad\u0131\u011f\u0131 raporlar da geldi. \u015eimdi Adli T\u0131p Kurumu\u2019ndan gelecek raporu bekliyoruz. Buna g\u00f6re savc\u0131lar\u0131m\u0131z gerekli g\u00f6r\u00fcrse ifade alacak\u201d dedi.<\/p>\n<p style=\"text-align: justify;\">\n<p style=\"text-align: justify;\"><span style=\"color: #888888;\">Kaynak : Vatan<\/span><\/p>\n","protected":false},"excerpt":{"rendered":"<p style=\"text-align: center;\">\n<p style=\"text-align: center;\">\n<p style=\"text-align: justify;\">Askeri savc\u0131l\u0131k: Bu belge karargahta haz\u0131rlanmad\u0131. <\/p>\n<p style=\"text-align: justify;\">Askeri savc\u0131l\u0131k 15 g\u00fcnd\u00fcr T\u00fcrkiye\u2019nin g\u00fcndemini olu\u015fturan \u201c\u0130rticayla M\u00fccadele Eylem Plan\u0131\u201dn\u0131n Genelkurmay\u2019da haz\u0131rlanmad\u0131\u011f\u0131n\u0131 a\u00e7\u0131klad\u0131. Belgenin alt\u0131nda imzas\u0131 bulunan Albay \u00c7i\u00e7ek hakk\u0131nda kovu\u015fturmaya yer olmad\u0131\u011f\u0131na karar veren savc\u0131l\u0131k dosyay\u0131 \u0130stanbul Cumhuriyet Ba\u015fsavc\u0131l\u0131\u011f\u0131\u2019na g\u00f6nderdi.<\/p>\n<p style=\"text-align: justify;\">ANKARA &#8211; Genelkurmay Ba\u015fkanl\u0131\u011f\u0131 <\/p>\n","protected":false},"author":1,"featured_media":0,"comment_status":"open","ping_status":"closed","sticky":false,"template":"","format":"standard","meta":{"footnotes":""},"categories":[105],"tags":[],"class_list":["post-10444","post","type-post","status-publish","format-standard","hentry","category-gundem","odd"],"_links":{"self":[{"href":"http:\/\/www.korhanyilmaz.com\/index.php?rest_route=\/wp\/v2\/posts\/10444","targetHints":{"allow":["GET"]}}],"collection":[{"href":"http:\/\/www.korhanyilmaz.com\/index.php?rest_route=\/wp\/v2\/posts"}],"about":[{"href":"http:\/\/www.korhanyilmaz.com\/index.php?rest_route=\/wp\/v2\/types\/post"}],"author":[{"embeddable":true,"href":"http:\/\/www.korhanyilmaz.com\/index.php?rest_route=\/wp\/v2\/users\/1"}],"replies":[{"embeddable":true,"href":"http:\/\/www.korhanyilmaz.com\/index.php?rest_route=%2Fwp%2Fv2%2Fcomments&post=10444"}],"version-history":[{"count":0,"href":"http:\/\/www.korhanyilmaz.com\/index.php?rest_route=\/wp\/v2\/posts\/10444\/revisions"}],"wp:attachment":[{"href":"http:\/\/www.korhanyilmaz.com\/index.php?rest_route=%2Fwp%2Fv2%2Fmedia&parent=10444"}],"wp:term":[{"taxonomy":"category","embeddable":true,"href":"http:\/\/www.korhanyilmaz.com\/index.php?rest_route=%2Fwp%2Fv2%2Fcategories&post=10444"},{"taxonomy":"post_tag","embeddable":true,"href":"http:\/\/www.korhanyilmaz.com\/index.php?rest_route=%2Fwp%2Fv2%2Ftags&post=10444"}],"curies":[{"name":"wp","href":"https:\/\/api.w.org\/{rel}","templated":true}]}}