{"id":10432,"date":"2009-06-23T21:17:51","date_gmt":"2009-06-23T18:17:51","guid":{"rendered":"http:\/\/www.korhanyilmaz.com\/?p=10432"},"modified":"2009-06-23T21:17:51","modified_gmt":"2009-06-23T18:17:51","slug":"mahinur-ozdemir-alkislarla-yemin-etti-ama","status":"publish","type":"post","link":"http:\/\/www.korhanyilmaz.com\/?p=10432","title":{"rendered":"Mahinur \u00d6zdemir alk\u0131\u015flarla yemin etti ama&#8230;"},"content":{"rendered":"<p style=\"text-align: center;\"><img loading=\"lazy\" decoding=\"async\" class=\"aligncenter size-full wp-image-10433\" src=\"http:\/\/www.korhanyilmaz.com\/wp-content\/uploads\/2009\/06\/fft28_mf195343.Jpeg\" alt=\"\" width=\"306\" height=\"204\" \/><\/p>\n<p style=\"text-align: justify;\"><strong>Bel\u00e7ika&#8217;da t\u00fcrban tart\u0131\u015fmas\u0131 giderek b\u00fcy\u00fcyor. <\/strong><\/p>\n<p style=\"text-align: justify;\">BR\u00dcKSEL &#8211; Bel\u00e7ika\u2019daki b\u00f6lgesel se\u00e7imlerde Valon H\u0131ristiyan Demokratlar\u0131n listesinden Br\u00fcksel Parlamentosu\u2019na se\u00e7ilen T\u00fcrk as\u0131ll\u0131 Mahinur \u00d6zdemir, hem Bel\u00e7ika hem de Avrupa\u2019n\u0131n ilk ba\u015f\u00f6rt\u00fcl\u00fc milletvekili olarak  yemin etti. En gen\u00e7 vekil s\u0131fat\u0131yla katiplik de yapan 26 ya\u015f\u0131ndaki \u00d6zdemir&#8217;in alk\u0131\u015flar aras\u0131nda yemin etmesine ra\u011fmen, ba\u015f\u00f6rt\u00fcs\u00fc tart\u0131\u015fmas\u0131 b\u00fcy\u00fcd\u00fc.<\/p>\n<p style=\"text-align: justify;\">Parlamento d\u0131\u015f\u0131nda 20 ki\u015fi &#8216;Allah yoktur&#8217;, &#8216;Kamusal alana ba\u015f\u00f6rt\u00fcs\u00fc giremez&#8217; pankartlar\u0131yla protesto d\u00fczenlerken, ba\u015f\u0131n\u0131 Valon Liberallerin \u00e7ekti\u011fi bir grup da &#8216;\u00fclkenin 40 y\u0131l geri gitti\u011fi, kamu sekt\u00f6r\u00fc ve siyasette dinsel simgelerin yasaklanmas\u0131 gerekti\u011fini&#8217; savunarak \u00d6zdemir&#8217;i engellemeye \u00e7al\u0131\u015fm\u0131\u015ft\u0131. <!--more-->\u00c7o\u011funlu\u011fu elinde bulunduran Hristiyan Demokrat, Sosyalist ve Ye\u015filler \u00d6zdemir&#8217;in vekilli\u011finin engellemesine kar\u015f\u0131 \u00e7\u0131ksa da, b\u00f6lgesel h\u00fck\u00fcmette bakan olmas\u0131na yana\u015fm\u0131yor. \u00dcst\u00fcne \u00fcstl\u00fck Ermeni lobisiyle ba\u011flant\u0131l\u0131 Vatanda\u015fl\u0131k Komitesi, \u00d6zdemir hakk\u0131nda Ermeni iddialar\u0131n\u0131 kabullenmedi\u011fi gerek\u00e7esiyle su\u00e7 duyurusunda bulundu.<\/p>\n<p style=\"text-align: justify;\">Bel\u00e7ika\u2019da dinsel simgelerin kullan\u0131m\u0131na ili\u015fkin yasa veya genel kural bulunmuyor. Anayasa inan\u00e7 ve ifade \u00f6zg\u00fcrl\u00fc\u011f\u00fc tan\u0131yor. Parlamentolarda halk\u0131n temsilcilerinin tarafs\u0131z olmad\u0131klar\u0131, e\u011filim ve inan\u00e7lar\u0131n\u0131 a\u00e7\u0131k\u00e7a g\u00f6sterebilecekleri benimseniyor. Ama okullarda kamu ve \u00f6zel sekt\u00f6rde istisnalar s\u00f6z konusu. \u0130\u015fverenler \u00e7al\u0131\u015fanlara dinsel simge ta\u015f\u0131may\u0131 yasaklayabilirken, polis, asker, avukat, yarg\u0131\u00e7larla halkla do\u011frudan temastaki memurlar\u0131n dinsel simge ta\u015f\u0131malar\u0131 uygun bulunmuyor. Her okul kendi uygulamas\u0131n\u0131 belirliyor. Karga\u015faya son vermek i\u00e7in yasal belirlemeler gerekti\u011finde uzla\u015f\u0131lsa da, bunun siyaset ve kamuoyunu iyice germesinden korkuluyor.<\/p>\n<p style=\"text-align: justify;\"><span style=\"color: #888888;\">AA<\/span><\/p>\n","protected":false},"excerpt":{"rendered":"<p style=\"text-align: center;\">\n<p style=\"text-align: justify;\">Bel\u00e7ika&#8217;da t\u00fcrban tart\u0131\u015fmas\u0131 giderek b\u00fcy\u00fcyor. <\/p>\n<p style=\"text-align: justify;\">BR\u00dcKSEL &#8211; Bel\u00e7ika\u2019daki b\u00f6lgesel se\u00e7imlerde Valon H\u0131ristiyan Demokratlar\u0131n listesinden Br\u00fcksel Parlamentosu\u2019na se\u00e7ilen T\u00fcrk as\u0131ll\u0131 Mahinur \u00d6zdemir, hem Bel\u00e7ika hem de Avrupa\u2019n\u0131n ilk ba\u015f\u00f6rt\u00fcl\u00fc milletvekili olarak yemin etti. En gen\u00e7 vekil s\u0131fat\u0131yla katiplik de yapan 26 ya\u015f\u0131ndaki \u00d6zdemir&#8217;in alk\u0131\u015flar aras\u0131nda yemin etmesine ra\u011fmen, <\/p>\n","protected":false},"author":1,"featured_media":0,"comment_status":"open","ping_status":"closed","sticky":false,"template":"","format":"standard","meta":{"footnotes":""},"categories":[105],"tags":[],"class_list":["post-10432","post","type-post","status-publish","format-standard","hentry","category-gundem","odd"],"_links":{"self":[{"href":"http:\/\/www.korhanyilmaz.com\/index.php?rest_route=\/wp\/v2\/posts\/10432","targetHints":{"allow":["GET"]}}],"collection":[{"href":"http:\/\/www.korhanyilmaz.com\/index.php?rest_route=\/wp\/v2\/posts"}],"about":[{"href":"http:\/\/www.korhanyilmaz.com\/index.php?rest_route=\/wp\/v2\/types\/post"}],"author":[{"embeddable":true,"href":"http:\/\/www.korhanyilmaz.com\/index.php?rest_route=\/wp\/v2\/users\/1"}],"replies":[{"embeddable":true,"href":"http:\/\/www.korhanyilmaz.com\/index.php?rest_route=%2Fwp%2Fv2%2Fcomments&post=10432"}],"version-history":[{"count":0,"href":"http:\/\/www.korhanyilmaz.com\/index.php?rest_route=\/wp\/v2\/posts\/10432\/revisions"}],"wp:attachment":[{"href":"http:\/\/www.korhanyilmaz.com\/index.php?rest_route=%2Fwp%2Fv2%2Fmedia&parent=10432"}],"wp:term":[{"taxonomy":"category","embeddable":true,"href":"http:\/\/www.korhanyilmaz.com\/index.php?rest_route=%2Fwp%2Fv2%2Fcategories&post=10432"},{"taxonomy":"post_tag","embeddable":true,"href":"http:\/\/www.korhanyilmaz.com\/index.php?rest_route=%2Fwp%2Fv2%2Ftags&post=10432"}],"curies":[{"name":"wp","href":"https:\/\/api.w.org\/{rel}","templated":true}]}}