{"id":10424,"date":"2009-06-23T12:45:55","date_gmt":"2009-06-23T09:45:55","guid":{"rendered":"http:\/\/www.korhanyilmaz.com\/?p=10424"},"modified":"2009-06-23T12:45:55","modified_gmt":"2009-06-23T09:45:55","slug":"butun-sol-kesimleri-aktif-mucadeleye-cagiriyoruz","status":"publish","type":"post","link":"http:\/\/www.korhanyilmaz.com\/?p=10424","title":{"rendered":"B\u00dcT\u00dcN SOL KES\u0130MLER\u0130 AKT\u0130F M\u00dcCADELEYE \u00c7A\u011eIRIYORUZ"},"content":{"rendered":"<p style=\"text-align: justify;\"><img loading=\"lazy\" decoding=\"async\" class=\"aligncenter size-full wp-image-10425\" src=\"http:\/\/www.korhanyilmaz.com\/wp-content\/uploads\/2009\/06\/actuel_1245750337.jpg\" alt=\"\" width=\"270\" height=\"207\" \/><\/p>\n<p style=\"text-align: justify;\">\u00d6DP bildirgesinde, \u201cKapitalist s\u00f6m\u00fcr\u00fcye ve onun \u00fclkemizdeki arac\u0131 olan gerici-liberal anlay\u0131\u015flara son vermek i\u00e7in b\u00fct\u00fcn muhalif kesimler m\u00fccadeleyi y\u00fckseltmelidir\u201d denildi.<\/p>\n<p style=\"text-align: justify;\">\u00d6DP 6. Ola\u011fan Kongresi sonu\u00e7 bildirgesi a\u00e7\u0131kland\u0131. S\u00f6m\u00fcr\u00fcye ve haks\u0131zl\u0131\u011fa kar\u015f\u0131 b\u00fct\u00fcn sol kesimlerin aktif m\u00fccadeleye \u00e7a\u011fr\u0131ld\u0131\u011f\u0131 bildirgede, \u201cKapitalist s\u00f6m\u00fcr\u00fcye ve onun \u00fclkemizdeki arac\u0131 olan gerici-liberal anlay\u0131\u015flara son vermek i\u00e7in b\u00fct\u00fcn muhalif kesimler m\u00fccadeleyi y\u00fckseltmelidir. En k\u00fc\u00e7\u00fck \u00e7aba bile de\u011ferlidir\u201d denildi. Bildirgede, \u201cA\u015fa\u011f\u0131dan yukar\u0131ya geli\u015fen ve sol, sosyalist b\u00fct\u00fcn kesimlerin birikimlerine sahip \u00e7\u0131kan bir m\u00fccadele, \u00fclkemizi talan eden sisteme kar\u015f\u0131 tek g\u00fc\u00e7 olabilir\u201d ifadesi yer ald\u0131. <!--more--><\/p>\n<p style=\"text-align: justify;\"><strong>\u2018\u00d6DP DEVR\u0130MC\u0130 B\u0130R PART\u0130D\u0130R\u2019<\/strong><\/p>\n<p style=\"text-align: justify;\">Asker ve darbe hevesinin yan\u0131 s\u0131ra gerici liberal h\u00fck\u00fcmet anlay\u0131\u015f\u0131na kar\u015f\u0131 m\u00fccadele etmenin kolay olmad\u0131\u011f\u0131n\u0131n ifade edildi\u011fi bildirgede, \u015funlar kaydedildi: \u201cAma \u00d6DP, T\u00fcrkiye\u2019nin zor d\u00f6nemlerinde en do\u011fru politikalar\u0131 kararl\u0131l\u0131kla s\u00fcrd\u00fcrebilen devrimci bir partidir. Emek\u00e7ilerin ve b\u00fct\u00fcn ezilen kesimlerin m\u00fccadelesini y\u00fckseltmek ve \u00d6DP\u2019yi bu m\u00fccadelede b\u00fcy\u00fcyen bir \u0131\u015f\u0131k haline getirmek bizim ahd\u0131m\u0131zd\u0131r. Bunun bilincinde olan \u00d6DP, emekten yana b\u00fct\u00fcn sol ve demokrat kesimlerin dayan\u0131\u015fma i\u00e7inde olmas\u0131na ve ortak m\u00fccadele geli\u015ftirmesine hayati \u00f6nem veriyor.\u201d<\/p>\n<p style=\"text-align: justify;\"><strong>\u2018HALK \u0130KT\u0130DARI \u0130\u00c7\u0130N \u00c7ALI\u015eACA\u011eIZ\u2019<\/strong><\/p>\n<p style=\"text-align: justify;\">Halktan yana olmayan antidemokratik y\u00f6nelimlere kar\u015f\u0131 m\u00fccadele etmenin yurtta\u015flara ger\u00e7ek \u00e7\u00f6z\u00fcm\u00fcn nerede oldu\u011funu g\u00f6stermek a\u00e7\u0131s\u0131ndan da \u00f6nemli oldu\u011funun belirtildi\u011fi bildirgede, \u015f\u00f6yle denildi: \u201c\u00d6DP, halk\u0131n kendi iktidar\u0131n\u0131 kurmas\u0131 i\u00e7in m\u00fccadele etmenin tek \u00e7are oldu\u011funun bilinciyle davranmaya devam edecektir. Bug\u00fcn aslolan, hayat\u0131 \u00f6rg\u00fctlemek, yani yoksul halk\u0131n ya\u015fam alanlar\u0131nda m\u00fccadeleyi y\u00fckseltmekse, \u00d6DP bu i\u015fi yapmaya adayd\u0131r. AKP\u2019nin art\u0131k sadece h\u00fckumet de\u011fil, b\u00fcy\u00fck \u00f6l\u00e7\u00fcde iktidar konumuna geldi\u011fi bir ger\u00e7ektir. Ama bu iktidara kar\u015f\u0131 sol bir alternatifin ortaya \u00e7\u0131kamad\u0131\u011f\u0131 da g\u00f6r\u00fclmektedir. Bug\u00fcn \u00d6DP\u2019nin ve b\u00fct\u00fcn sol kesimlerin \u00f6n\u00fcndeki g\u00f6rev, iktidara kar\u015f\u0131 solu yeniden umut haline getirmek ve \u00e7aresizlik i\u00e7inde k\u0131vranan emek\u00e7i halka el uzatmakt\u0131r.\u201d<\/p>\n<p style=\"text-align: justify;\"><strong>\u2018\u00dcLKEM\u0130ZDE DER\u0130N YARALAR A\u00c7ILIYOR\u2019<\/strong><\/p>\n<p style=\"text-align: justify;\">AKP h\u00fck\u00fcmetinin politikalar\u0131n\u0131n, zenginlerle fakirler aras\u0131ndaki u\u00e7urumu derinle\u015ftirdi\u011finin ifade edildi\u011fi bildirgede, \u015fu tespitler de yer ald\u0131:<\/p>\n<p style=\"text-align: justify;\">\u201cKapitalizmin ya\u015fad\u0131\u011f\u0131 kriz, \u00fclkemizde derin yaralar a\u00e7\u0131yor. Fakir aileler, ge\u00e7inebilmek i\u00e7in yiyeceklerinden k\u0131sarak, ekme\u011fe talim ediyorlard\u0131. Ama \u015fimdi art\u0131k yedikleri kuru ekmek de elden gidiyor. Sokaklar i\u015fsiz dolu. \u0130\u015f sahibi olanlar i\u015ften at\u0131l\u0131yor. Maa\u015flar eriyor. Emekliler ay sonunu getiremiyor. Hasta olanlar hastane kap\u0131s\u0131nda can veriyor. Bankalar\u0131 ve firmalar\u0131 kurtarmak i\u00e7in her \u015feyi yapan devlet, s\u0131ra i\u015fsizlere, yoksullara ve garibanlara gelince parma\u011f\u0131n\u0131 k\u0131p\u0131rdatm\u0131yor. \u0130\u015fte bu\u011fday hasad\u0131na giren k\u00f6yl\u00fcn\u00fcn hali ortada. Hakk\u0131n\u0131 arayanlar\u0131 susturmak i\u00e7inse devlet her yola ba\u015fvuruyor.\u201d<\/p>\n<p style=\"text-align: justify;\">AKP h\u00fck\u00fcmetinin rant h\u00fck\u00fcmeti gibi \u00e7al\u0131\u015ft\u0131\u011f\u0131n\u0131n ifade edildi\u011fi bildirgede, \u015f\u00f6yle denildi: \u201cDavos\u2019ta \u2018one minute\u2019 diyen Ba\u015fbakan \u015fimdi s\u0131n\u0131r topraklar\u0131m\u0131z\u0131 \u0130srail\u2019e yar\u0131m as\u0131rl\u0131\u011f\u0131na vermenin derdine d\u00fc\u015fm\u00fc\u015f durumda. AKP\u2019nin yanda\u015flar\u0131na sa\u011flad\u0131\u011f\u0131 menfaatler ve kurumlardaki kadrola\u015fmalar hat safhaya varm\u0131\u015f durumda. \u0130nsanlar a\u00e7l\u0131ktan ve yokluktan peri\u015fan haldeyken, siyaset\u00e7iler yetim hakk\u0131yla \u015fi\u015fmi\u015f c\u00fczdanlar\u0131n\u0131 yast\u0131klar\u0131n\u0131n yan\u0131na koyarak huzur i\u00e7inde yatabiliyor.\u201d<\/p>\n<p style=\"text-align: justify;\"><strong>\u2018KAP\u0130TAL\u0130ZM KALP KR\u0130Z\u0130 GE\u00c7\u0130R\u0130YOR\u2019<\/strong><\/p>\n<p style=\"text-align: justify;\">Bildirgede, liberal kapitalizmin b\u00fct\u00fcn d\u00fcnyada kalp krizi ge\u00e7irdi\u011fi ifade edilerek, iktidar sahiplerinin krizi atlatmak i\u00e7in, uluslararas\u0131 \u015firketlerin \u00e7\u0131kar\u0131na i\u015fler yapmaya \u0131srarla devam etti\u011fi belirtildi. ABD ile dinci cemaatlerin \u00e7\u0131kar birli\u011fi i\u00e7inde oldu\u011funun vurguland\u0131\u011f\u0131 bildirgede, \u201cBundan rahats\u0131z olan eski \u2018g\u00f6zdelerin\u2019 tepkisi \u2018derin devlet\u2019 i\u00e7inde ya\u015fan\u0131yor. \u0130ki taraf da iktidar g\u00fcc\u00fcn\u00fc elde tutmak i\u00e7in di\u011fer tarafa kar\u015f\u0131 hamleler yap\u0131yor\u201d denildi.<\/p>\n<p style=\"text-align: justify;\"><strong>\u2018ERGENEKON, DEMOKLES\u2019\u0130N KILICI G\u0130B\u0130&#8230;\u2019<\/strong><\/p>\n<p style=\"text-align: justify;\">Ergenekon davas\u0131na da de\u011finilen bildirgede, AKP h\u00fck\u00fcmetinin dava s\u00fcrecini kendisine muhalif olan herkesin tepesinde Demokles\u2019in k\u0131l\u0131c\u0131 gibi salland\u0131rd\u0131\u011f\u0131 ifade edildi. AKP h\u00fck\u00fcmetinin muhafazak\u00e2r politikalarla kad\u0131nlar\u0131 eve kapatt\u0131\u011f\u0131n\u0131n vurguland\u0131\u011f\u0131 bildirgede, \u201c\u0130ktidar sahiplerinin K\u00fcrt ve Alevi sorununa yakla\u015f\u0131m\u0131 faydac\u0131 ve oyalamac\u0131 bir \u00e7izgidedir. Demokratik ve e\u015fitlik\u00e7i bir \u00e7\u00f6z\u00fcm konusunda ana muhalefet partisi CHP&#8217;nin de bir umut olamayaca\u011f\u0131 a\u00e7\u0131kt\u0131r. Bu sorunlar\u0131n \u00e7\u00f6z\u00fcm\u00fc i\u00e7in \u00e7al\u0131\u015fmak yine ilerici demokrat kesimlerin boynunun borcudur\u201d denildi.<\/p>\n<p style=\"text-align: justify;\"><strong>Delegasyondan vefa ve jest\u2026 <\/strong><\/p>\n<p style=\"text-align: justify;\">\u00d6DP Parti Meclisi se\u00e7imlerinde tek liste yar\u0131\u015f\u0131rken, sonu\u00e7larda eski genel ba\u015fkan Hayri Kozano\u011flu, Ufuk Uras\u2019\u0131n ba\u011f\u0131ms\u0131z adayl\u0131\u011f\u0131 s\u00fcrecinde ge\u00e7ici genel ba\u015fkanl\u0131k sorumlulu\u011funu alan Kemal Ulusaler ve kanserle m\u00fccadele eden eski KESK Kad\u0131n Sekreteri Sevgi G\u00f6y\u00e7e ilk s\u0131ralar\u0131 payla\u015ft\u0131. Genel Ba\u015fkan Alper Ta\u015f, kongrede \u201c\u00d6DP\u2019nin vefan\u0131n da partisi\u201d oldu\u011funu s\u00f6ylerken delegasyon da bu vefay\u0131 PM s\u0131ralamas\u0131nda g\u00f6stermi\u015f oldu.<\/p>\n<p style=\"text-align: justify;\">Bu arada en \u00e7ok oy alan Kozano\u011flu\u2019nun ard\u0131ndan \u00fc\u00e7 gencin s\u0131ralanmas\u0131 da ayr\u0131ca dikkatleri \u00e7ekti. \u00c7i\u00e7ek \u00c7atalkaya, \u00d6nder \u0130\u015fleyen ve Bar\u0131\u015f \u0130nce\u2019nin ald\u0131klar\u0131 oylar, kongre delegasyonunun son 3 y\u0131ld\u0131r y\u00fcr\u00fct\u00fclen gen\u00e7lik \u00e7al\u0131\u015fmas\u0131 dolay\u0131s\u0131yla Devrimci Gen\u00e7lere yapt\u0131\u011f\u0131 bir jest olarak alg\u0131land\u0131. Parti meclisi se\u00e7imlerinde Kozano\u011flu\u2019unun ard\u0131ndan en y\u00fcksek oyu alan \u00c7i\u00e7ek \u00c7atalkaya, gazetemize yapt\u0131\u011f\u0131 de\u011ferlendirmede \u015funlar\u0131 s\u00f6yledi:<\/p>\n<p style=\"text-align: justify;\">\u201cGen\u00e7lerin ald\u0131\u011f\u0131 bu oylar \u00e7ok k\u0131ymetli. Sadece biz de\u011fil di\u011fer gen\u00e7 adaylar\u0131n hepsi y\u00fcksek oylar alarak se\u00e7ilen arkada\u015flar. Bunun sebebi de uzun zamand\u0131r durgun bir seyir i\u00e7inde olan gen\u00e7lik alan\u0131nda kimsenin g\u00f6rmezden gelemeyece\u011fi bir faaliyeti, Gen\u00e7lik Muhalefeti\u2019ni \u00fclke genelinde b\u00fcy\u00fctm\u00fc\u015f olmam\u0131zd\u0131r. Bundan sonra da kald\u0131\u011f\u0131m\u0131z yerden devam edece\u011fiz.\u201d<\/p>\n<p style=\"text-align: justify;\">Devrimci Gen\u00e7ler, son \u00fc\u00e7 kongrede ald\u0131klar\u0131 politik tav\u0131rla ve kitlesellikle, \u00d6DP\u2019nin yenilenme s\u00fcrecinde \u00f6nemli rol oynam\u0131\u015ft\u0131.<\/p>\n<p style=\"text-align: justify;\"><a href=\"http:\/\/www.birgun.net\/actuel_index.php?news_code=1245750317&amp;year=2009&amp;month=06&amp;day=23\" target=\"_blank\">Kaynak : \u00d6zlem Zorcan &#8211; BirG\u00fcn<\/a><\/p>\n","protected":false},"excerpt":{"rendered":"<p style=\"text-align: justify;\">\n<p style=\"text-align: justify;\">\u00d6DP bildirgesinde, \u201cKapitalist s\u00f6m\u00fcr\u00fcye ve onun \u00fclkemizdeki arac\u0131 olan gerici-liberal anlay\u0131\u015flara son vermek i\u00e7in b\u00fct\u00fcn muhalif kesimler m\u00fccadeleyi y\u00fckseltmelidir\u201d denildi.<\/p>\n<p style=\"text-align: justify;\">\u00d6DP 6. Ola\u011fan Kongresi sonu\u00e7 bildirgesi a\u00e7\u0131kland\u0131. S\u00f6m\u00fcr\u00fcye ve haks\u0131zl\u0131\u011fa kar\u015f\u0131 b\u00fct\u00fcn sol kesimlerin aktif m\u00fccadeleye \u00e7a\u011fr\u0131ld\u0131\u011f\u0131 bildirgede, \u201cKapitalist s\u00f6m\u00fcr\u00fcye ve onun \u00fclkemizdeki arac\u0131 olan gerici-liberal anlay\u0131\u015flara son <\/p>\n","protected":false},"author":1,"featured_media":0,"comment_status":"open","ping_status":"closed","sticky":false,"template":"","format":"standard","meta":{"footnotes":""},"categories":[105],"tags":[],"class_list":["post-10424","post","type-post","status-publish","format-standard","hentry","category-gundem","odd"],"_links":{"self":[{"href":"http:\/\/www.korhanyilmaz.com\/index.php?rest_route=\/wp\/v2\/posts\/10424","targetHints":{"allow":["GET"]}}],"collection":[{"href":"http:\/\/www.korhanyilmaz.com\/index.php?rest_route=\/wp\/v2\/posts"}],"about":[{"href":"http:\/\/www.korhanyilmaz.com\/index.php?rest_route=\/wp\/v2\/types\/post"}],"author":[{"embeddable":true,"href":"http:\/\/www.korhanyilmaz.com\/index.php?rest_route=\/wp\/v2\/users\/1"}],"replies":[{"embeddable":true,"href":"http:\/\/www.korhanyilmaz.com\/index.php?rest_route=%2Fwp%2Fv2%2Fcomments&post=10424"}],"version-history":[{"count":0,"href":"http:\/\/www.korhanyilmaz.com\/index.php?rest_route=\/wp\/v2\/posts\/10424\/revisions"}],"wp:attachment":[{"href":"http:\/\/www.korhanyilmaz.com\/index.php?rest_route=%2Fwp%2Fv2%2Fmedia&parent=10424"}],"wp:term":[{"taxonomy":"category","embeddable":true,"href":"http:\/\/www.korhanyilmaz.com\/index.php?rest_route=%2Fwp%2Fv2%2Fcategories&post=10424"},{"taxonomy":"post_tag","embeddable":true,"href":"http:\/\/www.korhanyilmaz.com\/index.php?rest_route=%2Fwp%2Fv2%2Ftags&post=10424"}],"curies":[{"name":"wp","href":"https:\/\/api.w.org\/{rel}","templated":true}]}}