{"id":10418,"date":"2009-06-23T12:32:38","date_gmt":"2009-06-23T09:32:38","guid":{"rendered":"http:\/\/www.korhanyilmaz.com\/?p=10418"},"modified":"2009-06-23T12:32:38","modified_gmt":"2009-06-23T09:32:38","slug":"%e2%80%98belge-catismaya-neden-olmadi%e2%80%99","status":"publish","type":"post","link":"http:\/\/www.korhanyilmaz.com\/?p=10418","title":{"rendered":"\u2018BELGE \u00c7ATI\u015eMAYA NEDEN OLMADI\u2019"},"content":{"rendered":"<p style=\"text-align: center;\"><img loading=\"lazy\" decoding=\"async\" class=\"aligncenter size-full wp-image-10419\" src=\"http:\/\/www.korhanyilmaz.com\/wp-content\/uploads\/2009\/06\/actuel_1245749555.jpg\" alt=\"\" width=\"270\" height=\"207\" \/><\/p>\n<p style=\"text-align: justify;\">Ba\u015fbakan Erdo\u011fan tart\u0131\u015fmal\u0131 belge ile ilgili \u2018gerilim ya\u015fanmad\u0131\u011f\u0131\u2019n\u0131 a\u00e7\u0131klad\u0131. Erdo\u011fan \u201cDemokrasi d\u0131\u015f\u0131 senaryolara kar\u015f\u0131 tek v\u00fccut oldu\u011fumuzun kan\u0131t\u0131\u201d yorumunda bulundu.<\/p>\n<p style=\"text-align: justify;\">Ba\u015fbakan Recep Tayyip Erdo\u011fan, Taraf gazetesinde yay\u0131mlanan belgeyle ilgili olarak, T\u00fcrkiye\u2019de bir gerilim ya\u015fanmad\u0131\u011f\u0131n\u0131 belirtti. Demokrasiye y\u00f6nelik bir tart\u0131\u015fma ba\u015flamad\u0131\u011f\u0131n\u0131, kurumlar aras\u0131nda bir \u00e7at\u0131\u015fman\u0131n s\u00f6z konusu olmad\u0131\u011f\u0131n\u0131 belirterek, \u201cTam tersine, T\u00fcrkiye yasa d\u0131\u015f\u0131, hukuk d\u0131\u015f\u0131 demokrasi d\u0131\u015f\u0131 senaryolara kar\u015f\u0131 tek y\u00fcrek, tek v\u00fccut oldu\u011funu, bu belge vesilesiyle g\u00f6sterme f\u0131rsat\u0131 bulmu\u015ftur\u201d dedi. Ancak tam bu saatlerde AKP Ankara Milletvekili Haluk \u00d6zdalga, Erdo\u011fan\u2019\u0131n s\u00f6zlerinin aksini d\u00fc\u015f\u00fcnd\u00fcren a\u00e7\u0131klamalarda bulundu.<!--more--><\/p>\n<p style=\"text-align: justify;\">AB b\u00fcy\u00fckel\u00e7ilerine Ba\u015fbakanl\u0131k Resmi Konutu&#8217;nda verdi\u011fi yemekte yapt\u0131\u011f\u0131 konu\u015fmada, demokratikle\u015fme ve insan haklar\u0131 konusunda T\u00fcrkiye&#8217;de son y\u0131llarda \u00e7ok \u00f6nemli a\u00e7\u0131l\u0131mlar oldu\u011funa i\u015faret eden Erdo\u011fan, \u015f\u00f6yle konu\u015ftu:<\/p>\n<p style=\"text-align: justify;\">\u201c\u015euraya dikkatinizi \u00e7ekiyorum; ge\u00e7ti\u011fimiz haftalarda benim genel ba\u015fkan\u0131 oldu\u011fum Adalet ve Kalk\u0131nma Partisi&#8217;ne y\u00f6nelik baz\u0131 kirli senaryolar\u0131 ihtiva eden bir belge ortaya \u00e7\u0131kt\u0131. Belgenin sahte mi ger\u00e7ek mi oldu\u011funu, hem yarg\u0131 makamlar\u0131 hem de kurumlar\u0131m\u0131z ara\u015ft\u0131r\u0131yorlar. Ancak burada son derece \u00e7arp\u0131c\u0131 olan, bu belgedeki senaryolar kar\u015f\u0131s\u0131nda \u00fclkenin hemen tamam\u0131n\u0131n ittifak halinde demokrasiyi savunmalar\u0131 olmu\u015ftur. Medyadan, sivil topluma, siyasi partilerden kurumlar\u0131m\u0131za kadar ilgili herkes demokrasiyi sahiplenmi\u015f, milli iradeyi sahiplenmi\u015f, \u00e7a\u011fda\u015f bir tutum sergilemi\u015ftir.\u201d<\/p>\n<p style=\"text-align: justify;\">\n<p style=\"text-align: justify;\"><strong>\u2018AYRI\u015eMA ATMOSFER\u0130 YANLI\u015e\u2019<\/strong><\/p>\n<p style=\"text-align: justify;\">\u2018Demokrasi noktas\u0131nda hukukun ve milli iradenin egemenli\u011fi noktas\u0131nda, reformlar noktas\u0131nda geri d\u00f6n\u00fclemez bir yola girildi\u011fini\u2019 ifade eden Erdo\u011fan, \u201cT\u00fcrkiye&#8217;de bir gerilim varm\u0131\u015f gibi bir ayr\u0131\u015fma varm\u0131\u015f gibi atmosferin olu\u015fmas\u0131n\u0131 son derece yanl\u0131\u015f buldu\u011fumu burada ifade etmek istiyorum\u201d dedi. Erdo\u011fan ayr\u0131ca bu t\u00fcr olaylar\u0131n \u2018demokrasi yolunda\u2019 kendilerine daha \u00e7ok g\u00fc\u00e7 verdi\u011fini belirterek, \u201cDemokrasimizin olgunla\u015ft\u0131\u011f\u0131,bir kez daha  g\u00f6r\u00fclm\u00fc\u015ft\u00fcr. Tam tersine, T\u00fcrkiye yasa d\u0131\u015f\u0131, hukuk d\u0131\u015f\u0131 demokrasi d\u0131\u015f\u0131 senaryolara kar\u015f\u0131 tek y\u00fcrek, tek v\u00fccut oldu\u011funu, bu belge vesilesiyle g\u00f6sterme f\u0131rsat\u0131 bulmu\u015ftur\u201d  dedi.<\/p>\n<p style=\"text-align: justify;\"><strong>AKP\u2019li \u00d6zdalga: \u015e\u00fcpheler art\u0131yor<\/strong><\/p>\n<p style=\"text-align: justify;\">AKP Ankara Milletvekili Haluk \u00d6zdalga, \u201c\u0130rticayla M\u00fccadele Eylem Plan\u0131 hakk\u0131nda T\u00fcrk Silahl\u0131 Kuvvetleri (TSK) taraf\u0131ndan kamuoyunu tatmin edecek bir a\u00e7\u0131klaman\u0131n hala yap\u0131lmad\u0131\u011f\u0131n\u0131\u201d ifade etti.<\/p>\n<p style=\"text-align: justify;\">\u00d6zdalga, yapt\u0131\u011f\u0131 yaz\u0131l\u0131 a\u00e7\u0131klamada, \u201caradan yeterinden fazla s\u00fcre ge\u00e7mi\u015f olmas\u0131na ra\u011fmen, \u0130rticayla M\u00fccadele Eylem Plan\u0131 hakk\u0131nda TSK taraf\u0131ndan kamuoyunu tatmin edecek bir a\u00e7\u0131klama hala yap\u0131lmam\u0131\u015ft\u0131r\u201d g\u00f6r\u00fc\u015f\u00fcn\u00fc dile getirdi.<\/p>\n<p style=\"text-align: justify;\">\u201cAksine askeri savc\u0131l\u0131k taraf\u0131ndan y\u00fcr\u00fct\u00fclen soru\u015fturman\u0131n g\u00fcvenilirli\u011fiyle ilgili \u015f\u00fcphelerin her ge\u00e7en g\u00fcn artt\u0131\u011f\u0131n\u0131\u201d ileri s\u00fcren \u00d6zdalga, TSK&#8217;n\u0131n demokratik rejimi do\u011frudan ilgilendiren bu olay \u00fczerine daha h\u0131zl\u0131 ve daha g\u00fcven verici bir \u015fekilde gitmesi gerekti\u011fini kaydetti.<\/p>\n<p style=\"text-align: justify;\">Haluk \u00d6zdalga, \u201cs\u00f6z konusu kurmay albay\u0131n sivil ve do\u011fal yarg\u0131\u00e7 \u00f6n\u00fcnde hesap vermesi gerekti\u011fini\u201d belirterek, \u201cOlayla ba\u011flant\u0131l\u0131 olarak TSK i\u00e7inde anayasa su\u00e7u i\u015fledi\u011fi ortaya \u00e7\u0131kabilecek di\u011fer b\u00fct\u00fcn unsurlar da, g\u00f6revi ve r\u00fctbesi ne olursa olsun, hukuki ve idari s\u00fcre\u00e7ler sonunda askeri yap\u0131n\u0131n d\u0131\u015f\u0131na \u00e7\u0131kar\u0131lmal\u0131, tasfiye edilmelidir\u201d ifadesini kulland\u0131.<\/p>\n<p style=\"text-align: justify;\"><strong>Bozkurt: Belge ger\u00e7ekse \u0130lerleme Raporu\u2019na Girer<\/strong><\/p>\n<p style=\"text-align: justify;\">Avrupa Parlamentosu Milletvekili Emine Bozkurt, \u201c\u0130rtica Eylem Plan\u0131\u201dn\u0131 i\u00e7erdi\u011fi iddia edilen belgenin ger\u00e7ek \u00e7\u0131kmas\u0131 durumunda, olay\u0131n Avrupa Birli\u011fi&#8217;nin (AB) T\u00fcrkiye \u0130lerleme Raporu&#8217;na girece\u011fine i\u015faret etti.<\/p>\n<p style=\"text-align: justify;\">Fethullah G\u00fclen\u2019in organize etti\u011fi Abant Platformu&#8217;nca d\u00fczenlenen toplant\u0131 i\u00e7in T\u00fcrkiye&#8217;de bulunan Bozkurt, \u2018Ergenekon\u2019 soru\u015fturmas\u0131 kapsam\u0131nda tutuklanan Serdar \u00d6zt\u00fcrk&#8217;\u00fcn ofisinde bulundu\u011fu \u00f6ne s\u00fcr\u00fclen \u201cirticayla m\u00fccadele eylem plan\u0131\u201dn\u0131n ger\u00e7ek mi, sahte mi oldu\u011funun en iyi \u015fekilde ara\u015ft\u0131r\u0131lmas\u0131 gerekti\u011fini s\u00f6yledi.<\/p>\n<p style=\"text-align: justify;\">Belgenin ger\u00e7ek \u00e7\u0131kmas\u0131 halinde T\u00fcrkiye&#8217;nin, AB \u00fclkeleri g\u00f6z\u00fcnde imaj\u0131n\u0131n olumsuz etkilenece\u011fine ifade eden Emine Bozkurt, \u201cBelge ger\u00e7ek \u00e7\u0131karsa, bu olay muhakkak T\u00fcrkiye \u0130lerleme Raporu&#8217;na ge\u00e7ecektir, \u00e7\u00fcnk\u00fc demokrasi en \u00f6nemli kriterler aras\u0131nda yer al\u0131yor. B\u00f6yle bir durum ger\u00e7ekse, demokrasi b\u00fcy\u00fck bir tehdit alt\u0131ndad\u0131r\u201d de\u011ferlendirmesinde bulundu.<\/p>\n<p style=\"text-align: justify;\">T\u00fcrkiye&#8217;nin AB \u00fcyeli\u011fi s\u00fcreciyle ilgili, Avrupa Parlamentosu se\u00e7imlerinin yak\u0131n bir ge\u00e7mi\u015fte yap\u0131ld\u0131\u011f\u0131n\u0131 an\u0131msatan Bozkurt, Parlamentodaki de\u011fi\u015fikli\u011fin T\u00fcrkiye i\u00e7in \u00e7ok da \u00f6nemli olmad\u0131\u011f\u0131n\u0131 vurgulad\u0131.<\/p>\n<p style=\"text-align: justify;\">Bozkurt, T\u00fcrkiye ile ilgili ilerleme raporlar\u0131n\u0131n her zaman tart\u0131\u015fmal\u0131 m\u00fczakereler sonunda ge\u00e7ti\u011fini, parlamentonun yeni yap\u0131s\u0131yla bu tart\u0131\u015fmalar\u0131n daha da uzun s\u00fcrebilece\u011fini ancak yine de olumsuz bir raporun ge\u00e7me \u015fans\u0131n\u0131n d\u00fc\u015f\u00fck oldu\u011funu kaydetti.<\/p>\n<p style=\"text-align: justify;\"><span style=\"color: #888888;\">Kaynak : BirG\u00fcn<\/span><\/p>\n","protected":false},"excerpt":{"rendered":"<p style=\"text-align: center;\">\n<p style=\"text-align: justify;\">Ba\u015fbakan Erdo\u011fan tart\u0131\u015fmal\u0131 belge ile ilgili \u2018gerilim ya\u015fanmad\u0131\u011f\u0131\u2019n\u0131 a\u00e7\u0131klad\u0131. Erdo\u011fan \u201cDemokrasi d\u0131\u015f\u0131 senaryolara kar\u015f\u0131 tek v\u00fccut oldu\u011fumuzun kan\u0131t\u0131\u201d yorumunda bulundu.<\/p>\n<p style=\"text-align: justify;\">Ba\u015fbakan Recep Tayyip Erdo\u011fan, Taraf gazetesinde yay\u0131mlanan belgeyle ilgili olarak, T\u00fcrkiye\u2019de bir gerilim ya\u015fanmad\u0131\u011f\u0131n\u0131 belirtti. Demokrasiye y\u00f6nelik bir tart\u0131\u015fma ba\u015flamad\u0131\u011f\u0131n\u0131, kurumlar aras\u0131nda bir \u00e7at\u0131\u015fman\u0131n s\u00f6z konusu olmad\u0131\u011f\u0131n\u0131 belirterek, <\/p>\n","protected":false},"author":1,"featured_media":0,"comment_status":"open","ping_status":"closed","sticky":false,"template":"","format":"standard","meta":{"footnotes":""},"categories":[105],"tags":[],"class_list":["post-10418","post","type-post","status-publish","format-standard","hentry","category-gundem","odd"],"_links":{"self":[{"href":"http:\/\/www.korhanyilmaz.com\/index.php?rest_route=\/wp\/v2\/posts\/10418","targetHints":{"allow":["GET"]}}],"collection":[{"href":"http:\/\/www.korhanyilmaz.com\/index.php?rest_route=\/wp\/v2\/posts"}],"about":[{"href":"http:\/\/www.korhanyilmaz.com\/index.php?rest_route=\/wp\/v2\/types\/post"}],"author":[{"embeddable":true,"href":"http:\/\/www.korhanyilmaz.com\/index.php?rest_route=\/wp\/v2\/users\/1"}],"replies":[{"embeddable":true,"href":"http:\/\/www.korhanyilmaz.com\/index.php?rest_route=%2Fwp%2Fv2%2Fcomments&post=10418"}],"version-history":[{"count":0,"href":"http:\/\/www.korhanyilmaz.com\/index.php?rest_route=\/wp\/v2\/posts\/10418\/revisions"}],"wp:attachment":[{"href":"http:\/\/www.korhanyilmaz.com\/index.php?rest_route=%2Fwp%2Fv2%2Fmedia&parent=10418"}],"wp:term":[{"taxonomy":"category","embeddable":true,"href":"http:\/\/www.korhanyilmaz.com\/index.php?rest_route=%2Fwp%2Fv2%2Fcategories&post=10418"},{"taxonomy":"post_tag","embeddable":true,"href":"http:\/\/www.korhanyilmaz.com\/index.php?rest_route=%2Fwp%2Fv2%2Ftags&post=10418"}],"curies":[{"name":"wp","href":"https:\/\/api.w.org\/{rel}","templated":true}]}}