{"id":10414,"date":"2009-06-23T17:11:52","date_gmt":"2009-06-23T14:11:52","guid":{"rendered":"http:\/\/www.korhanyilmaz.com\/?p=10414"},"modified":"2009-06-23T17:11:52","modified_gmt":"2009-06-23T14:11:52","slug":"emniyetteki-belge-de-fotokopi-cikti","status":"publish","type":"post","link":"http:\/\/www.korhanyilmaz.com\/?p=10414","title":{"rendered":"Emniyet&#039;teki belge de fotokopi \u00e7\u0131kt\u0131"},"content":{"rendered":"<p style=\"text-align: center;\"><img loading=\"lazy\" decoding=\"async\" class=\"aligncenter size-full wp-image-10415\" title=\"800020090618110026950\" src=\"http:\/\/www.korhanyilmaz.com\/wp-content\/uploads\/2009\/06\/800020090618110026950.jpg\" alt=\"800020090618110026950\" width=\"218\" height=\"163\" \/><\/p>\n<p style=\"text-align: justify;\"><strong>\u0130\u00e7i\u015fleri Bakan\u0131 Be\u015fir Atalay, \u0130rticayla M\u00fccadele Plan\u0131 ile ilgili Emniyet&#8217;teki belgenin de fotokopi oldu\u011funu s\u00f6yledi&#8230; <\/strong><\/p>\n<p style=\"text-align: justify;\">\u0130\u00c7\u0130\u015eLER\u0130 Bakan\u0131 Be\u015fir Atalay, CHP lideri Deniz Baykal\u2019a, Genelkurmay Ba\u015fkanl\u0131\u011f\u0131\u2019nca haz\u0131rland\u0131\u011f\u0131 iddia edilen \u201c\u0130rtica ile M\u00fccadele Eylem Plan\u0131\u201dna ili\u015fkin Emniyet\u2019te bulunan belgenin fotokopi oldu\u011funu s\u00f6yledi. Bakan Atalay, d\u00fcn CHP Genel Ba\u015fkan\u0131 Deniz Baykal\u2019\u0131, Kamu D\u00fczeni ve G\u00fcvenli\u011fi M\u00fcste\u015farl\u0131\u011f\u0131 (KDGM) kurulmas\u0131na ili\u015fkin yasa tasar\u0131s\u0131na destek talep etmek i\u00e7in ziyaret etti. Ziyaret yakla\u015f\u0131k 10 dakika s\u00fcrd\u00fc. VATAN\u2019\u0131n edindi\u011fi bilgiye g\u00f6re, Baykal, Atalay\u2019a, belgeye ili\u015fkin geli\u015fmeleri de sordu. Atalay, CHP liderine belgeye ili\u015fkin inceleme ve ara\u015ft\u0131rmalar\u0131n s\u00fcrd\u00fc\u011f\u00fcn\u00fc belirterek, \u201cAncak orijinali olmad\u0131\u011f\u0131 i\u00e7in, fotokopiler \u00fczerinden gidildi\u011fi i\u00e7in sonu\u00e7 al\u0131nam\u0131yor, kesin yarg\u0131ya var\u0131lam\u0131yor. <!--more-->Fotokopilerle de ancak benzerli\u011fi saptanabiliyor\u201d bilgisini verdi. Bakan Atalay, KDGM\u2019nin kurulu\u015funa ili\u015fkin tasar\u0131n\u0131n da TBMM\u2019nin tatile girmesinden \u00f6nce yasala\u015ft\u0131r\u0131lmas\u0131 i\u00e7in CHP\u2019nin destek vermesini istedi. Baykal ise CHP\u2019nin itirazlar\u0131n\u0131 s\u0131ralad\u0131ktan sonra, bu m\u00fcste\u015farl\u0131\u011f\u0131n kurulmas\u0131na gerek olmad\u0131\u011f\u0131n\u0131 belirterek, \u201cBu tasar\u0131n\u0131n \u00e7\u0131kar\u0131lmas\u0131 Meclis g\u00fcndeminde yok. \u0130\u00e7eri\u011fi ile ilgili de ciddi endi\u015felerimiz var\u201d diyerek, CHP\u2019nin tavr\u0131nda de\u011fi\u015fiklik olmayaca\u011f\u0131n\u0131 bildirdi.<\/p>\n<p style=\"text-align: justify;\"><span style=\"color: #888888;\">Kaynak : Hale G\u00d6N\u00dcLTA\u015e &#8211; VATAN<\/span><\/p>\n","protected":false},"excerpt":{"rendered":"<p style=\"text-align: center;\">\n<p style=\"text-align: justify;\">\u0130\u00e7i\u015fleri Bakan\u0131 Be\u015fir Atalay, \u0130rticayla M\u00fccadele Plan\u0131 ile ilgili Emniyet&#8217;teki belgenin de fotokopi oldu\u011funu s\u00f6yledi&#8230; <\/p>\n<p style=\"text-align: justify;\">\u0130\u00c7\u0130\u015eLER\u0130 Bakan\u0131 Be\u015fir Atalay, CHP lideri Deniz Baykal\u2019a, Genelkurmay Ba\u015fkanl\u0131\u011f\u0131\u2019nca haz\u0131rland\u0131\u011f\u0131 iddia edilen \u201c\u0130rtica ile M\u00fccadele Eylem Plan\u0131\u201dna ili\u015fkin Emniyet\u2019te bulunan belgenin fotokopi oldu\u011funu s\u00f6yledi. Bakan Atalay, d\u00fcn CHP Genel Ba\u015fkan\u0131 Deniz <\/p>\n","protected":false},"author":1,"featured_media":0,"comment_status":"open","ping_status":"closed","sticky":false,"template":"","format":"standard","meta":{"footnotes":""},"categories":[105],"tags":[],"class_list":["post-10414","post","type-post","status-publish","format-standard","hentry","category-gundem","odd"],"_links":{"self":[{"href":"http:\/\/www.korhanyilmaz.com\/index.php?rest_route=\/wp\/v2\/posts\/10414","targetHints":{"allow":["GET"]}}],"collection":[{"href":"http:\/\/www.korhanyilmaz.com\/index.php?rest_route=\/wp\/v2\/posts"}],"about":[{"href":"http:\/\/www.korhanyilmaz.com\/index.php?rest_route=\/wp\/v2\/types\/post"}],"author":[{"embeddable":true,"href":"http:\/\/www.korhanyilmaz.com\/index.php?rest_route=\/wp\/v2\/users\/1"}],"replies":[{"embeddable":true,"href":"http:\/\/www.korhanyilmaz.com\/index.php?rest_route=%2Fwp%2Fv2%2Fcomments&post=10414"}],"version-history":[{"count":0,"href":"http:\/\/www.korhanyilmaz.com\/index.php?rest_route=\/wp\/v2\/posts\/10414\/revisions"}],"wp:attachment":[{"href":"http:\/\/www.korhanyilmaz.com\/index.php?rest_route=%2Fwp%2Fv2%2Fmedia&parent=10414"}],"wp:term":[{"taxonomy":"category","embeddable":true,"href":"http:\/\/www.korhanyilmaz.com\/index.php?rest_route=%2Fwp%2Fv2%2Fcategories&post=10414"},{"taxonomy":"post_tag","embeddable":true,"href":"http:\/\/www.korhanyilmaz.com\/index.php?rest_route=%2Fwp%2Fv2%2Ftags&post=10414"}],"curies":[{"name":"wp","href":"https:\/\/api.w.org\/{rel}","templated":true}]}}