{"id":10409,"date":"2009-06-23T13:01:14","date_gmt":"2009-06-23T10:01:14","guid":{"rendered":"http:\/\/www.korhanyilmaz.com\/?p=10409"},"modified":"2009-06-23T13:01:14","modified_gmt":"2009-06-23T10:01:14","slug":"rezidansta-cinayet","status":"publish","type":"post","link":"http:\/\/www.korhanyilmaz.com\/?p=10409","title":{"rendered":"Rezidansta cinayet"},"content":{"rendered":"<p style=\"text-align: center;\"><img loading=\"lazy\" decoding=\"async\" class=\"aligncenter size-full wp-image-10410\" src=\"http:\/\/www.korhanyilmaz.com\/wp-content\/uploads\/2009\/06\/2009-06-23_182550.jpg\" alt=\"\" width=\"289\" height=\"192\" \/><\/p>\n<p style=\"text-align: justify;\">\u015ei\u015fli&#8217;de bir rezidansta kalan m\u00fcteahhit Fatih Edremit, Polat Rezidance&#8217;\u0131n 22. kat\u0131ndaki dairesinde silahla vurularak \u00f6ld\u00fcr\u00fcld\u00fc. Cinayetle ilgili olarak yer alt\u0131 d\u00fcnyas\u0131n\u0131n \u00fcnl\u00fc isimlerinden Hasan Heybetli ve bir ki\u015fi daha g\u00f6zalt\u0131na al\u0131nd\u0131.<\/p>\n<p style=\"text-align: justify;\">\u0130STANBUL- Fulya Mahallesi Ye\u015fil\u00e7imen Sokak&#8217;taki rezidans\u0131n 22. kat\u0131ndaki dairede kalan Fatih Edremit (52), dairesine kabul etti\u011fi 2 ki\u015finin binadan ayr\u0131lmas\u0131ndan sonra yaral\u0131 halde bulundu. Ambulansla \u015ei\u015fli Etfal E\u011fitim ve Ara\u015ft\u0131rma Hastanesi&#8217;ne kald\u0131r\u0131lan Edremit, burada hayat\u0131n\u0131 kaybetti.<\/p>\n<p style=\"text-align: justify;\">M\u00fcteahhitlik yapt\u0131\u011f\u0131 belirtilen Edremit&#8217;in \u00f6ld\u00fcr\u00fclmesine ili\u015fkin \u00e7al\u0131\u015fma ba\u015flatan polis, rezidans\u0131n g\u00fcvenlik kameras\u0131 g\u00f6r\u00fcnt\u00fclerine incelenmek \u00fczere el koydu. <!--more--><\/p>\n<p style=\"text-align: justify;\"><strong>KANLAR \u0130\u00c7\u0130NDE YATARKEN BULDULAR<\/strong><\/p>\n<p style=\"text-align: justify;\">Edinilen bilgiye g\u00f6re, saat 23.30 s\u0131ralar\u0131nda Be\u015fikta\u015f&#8217;taki Polat Tower&#8217;e gelen iki ki\u015fi, g\u00fcvenlik g\u00f6revlilerine 22&#8217;nci kat 124 numaral\u0131 odada kalan Fatih Edremit (52) ile g\u00f6r\u00fc\u015fmek istediklerini s\u00f6ylediler. G\u00f6revliler, Fatih Edremit&#8217;le konu\u015ftuktan sonra iki ki\u015finin i\u00e7eri girmesine izin verdi. Bir s\u00fcre sonra iki sald\u0131rgan, Polat Tower&#8217;dan h\u0131zla \u00e7\u0131k\u0131p, bir taksiye binerek ka\u00e7t\u0131. Durumdan \u015f\u00fcphelenen g\u00fcvenlik g\u00f6revlileri, Fatih Edremit&#8217;e telefonla ula\u015famay\u0131nca odas\u0131na \u00e7\u0131kt\u0131lar. A\u00e7\u0131k kap\u0131dan i\u00e7eri giren g\u00f6revliler, Fatih Edremit&#8217;i kanlar i\u00e7inde yerde kanlar i\u00e7inde yatarken buldular. Ambulansla \u015ei\u015fli Etfal E\u011fitim ve Ara\u015ft\u0131rma Hastanesi&#8217;ne kald\u0131r\u0131lan Fatih Edremit&#8217;in g\u00f6\u011f\u00fcs, kar\u0131n bo\u015flu\u011fu ve bacaklar\u0131ndan vuruldu\u011fu belirlendi. Ameliyata al\u0131nan Fatih Edremit kurtar\u0131lamad\u0131.<\/p>\n<p style=\"text-align: justify;\"><strong>HASAN HEYBETL\u0130 G\u00d6ZALTINDA<\/strong><\/p>\n<p style=\"text-align: justify;\">G\u00fcvenlik g\u00f6revlilerinin ifadesini alan polis, giri\u015f ve 22&#8217;nci kattaki g\u00fcvenlik kameralar\u0131na da el koydu. Sald\u0131r\u0131n\u0131n, Fatih Edremit&#8217;in tan\u0131d\u0131\u011f\u0131 ki\u015filerce yap\u0131ld\u0131\u011f\u0131n\u0131 d\u00fc\u015f\u00fcnen polis, Edremit&#8217;in yak\u0131nlar\u0131ndan baz\u0131lar\u0131n\u0131n ifadesine ba\u015fvurdu. Polisin olayla ilgili Hasan Heybetli ve bir ki\u015fiyi g\u00f6zalt\u0131na ald\u0131. Cinayetle ilgili inceleme devam ediyor.<\/p>\n<p style=\"text-align: justify;\"><span style=\"color: #888888;\">Kaynak : Gazeteport<\/span><\/p>\n","protected":false},"excerpt":{"rendered":"<p style=\"text-align: center;\">\n<p style=\"text-align: justify;\">\u015ei\u015fli&#8217;de bir rezidansta kalan m\u00fcteahhit Fatih Edremit, Polat Rezidance&#8217;\u0131n 22. kat\u0131ndaki dairesinde silahla vurularak \u00f6ld\u00fcr\u00fcld\u00fc. Cinayetle ilgili olarak yer alt\u0131 d\u00fcnyas\u0131n\u0131n \u00fcnl\u00fc isimlerinden Hasan Heybetli ve bir ki\u015fi daha g\u00f6zalt\u0131na al\u0131nd\u0131.<\/p>\n<p style=\"text-align: justify;\">\u0130STANBUL- Fulya Mahallesi Ye\u015fil\u00e7imen Sokak&#8217;taki rezidans\u0131n 22. kat\u0131ndaki dairede kalan Fatih Edremit (52), dairesine kabul etti\u011fi 2 <\/p>\n","protected":false},"author":1,"featured_media":0,"comment_status":"open","ping_status":"closed","sticky":false,"template":"","format":"standard","meta":{"footnotes":""},"categories":[105],"tags":[],"class_list":["post-10409","post","type-post","status-publish","format-standard","hentry","category-gundem","odd"],"_links":{"self":[{"href":"http:\/\/www.korhanyilmaz.com\/index.php?rest_route=\/wp\/v2\/posts\/10409","targetHints":{"allow":["GET"]}}],"collection":[{"href":"http:\/\/www.korhanyilmaz.com\/index.php?rest_route=\/wp\/v2\/posts"}],"about":[{"href":"http:\/\/www.korhanyilmaz.com\/index.php?rest_route=\/wp\/v2\/types\/post"}],"author":[{"embeddable":true,"href":"http:\/\/www.korhanyilmaz.com\/index.php?rest_route=\/wp\/v2\/users\/1"}],"replies":[{"embeddable":true,"href":"http:\/\/www.korhanyilmaz.com\/index.php?rest_route=%2Fwp%2Fv2%2Fcomments&post=10409"}],"version-history":[{"count":0,"href":"http:\/\/www.korhanyilmaz.com\/index.php?rest_route=\/wp\/v2\/posts\/10409\/revisions"}],"wp:attachment":[{"href":"http:\/\/www.korhanyilmaz.com\/index.php?rest_route=%2Fwp%2Fv2%2Fmedia&parent=10409"}],"wp:term":[{"taxonomy":"category","embeddable":true,"href":"http:\/\/www.korhanyilmaz.com\/index.php?rest_route=%2Fwp%2Fv2%2Fcategories&post=10409"},{"taxonomy":"post_tag","embeddable":true,"href":"http:\/\/www.korhanyilmaz.com\/index.php?rest_route=%2Fwp%2Fv2%2Ftags&post=10409"}],"curies":[{"name":"wp","href":"https:\/\/api.w.org\/{rel}","templated":true}]}}