{"id":10405,"date":"2009-06-23T18:04:29","date_gmt":"2009-06-23T15:04:29","guid":{"rendered":"http:\/\/www.korhanyilmaz.com\/?p=10405"},"modified":"2009-06-23T18:04:29","modified_gmt":"2009-06-23T15:04:29","slug":"subay-operasyonunun-perde-arkasi","status":"publish","type":"post","link":"http:\/\/www.korhanyilmaz.com\/?p=10405","title":{"rendered":"Subay operasyonunun perde arkas\u0131"},"content":{"rendered":"<p style=\"text-align: justify;\"><img loading=\"lazy\" decoding=\"async\" class=\"aligncenter size-full wp-image-10406\" src=\"http:\/\/www.korhanyilmaz.com\/wp-content\/uploads\/2009\/06\/230620091804582079856_2.jpg\" alt=\"\" width=\"193\" height=\"102\" \/><\/p>\n<p style=\"text-align: justify;\">ERZ\u0130NCAN&#8217;da, Genelkurmay Ba\u015fkanl\u0131\u011f\u0131&#8217;n\u0131n PKK ile ilgili istihbarat raporunu ge\u00e7en \u015fubat ay\u0131nda medyaya s\u0131zd\u0131rd\u0131klar\u0131 iddias\u0131yla ge\u00e7en hafta bir \u00fcste\u011fmen ile bir te\u011fmenin tutukland\u0131\u011f\u0131 olay\u0131nda baz\u0131 bilgiler g\u00fcn \u0131\u015f\u0131\u011f\u0131na \u00e7\u0131kmaya ba\u015flad\u0131.<\/p>\n<p style=\"text-align: justify;\">Ter\u00f6r \u00f6rg\u00fct\u00fc PKK ile ilgili Genelkurmay Ba\u015fkanl\u0131\u011f\u0131 ar\u015fivinde yer alan, istihbarat bilgilerinin gazetelerde yay\u0131mlanmas\u0131n\u0131n ard\u0131ndan askeri savc\u0131l\u0131k soru\u015fturma ba\u015flatt\u0131. \u00d6ncelikle belgenin ger\u00e7ek olup olmad\u0131\u011f\u0131 ara\u015ft\u0131r\u0131ld\u0131, daha sonra belgenin hangi birim taraf\u0131ndan kullan\u0131ld\u0131\u011f\u0131, bu birimdeki bilgisayardan d\u0131\u015far\u0131ya bilgi g\u00f6nderilip g\u00f6nderilmedi\u011fi, birimle ilgili ki\u015filerin kimlerle g\u00f6r\u00fc\u015ft\u00fc\u011f\u00fc ve g\u00f6r\u00fc\u015f\u00fclen ki\u015filerin ba\u011flant\u0131lar\u0131na ula\u015f\u0131ld\u0131. Ara\u015ft\u0131rmalar sonucu, ger\u00e7ek oldu\u011fu saptanan belgenin, Erzincan&#8217;dan sivil ki\u015filere s\u0131zd\u0131r\u0131ld\u0131\u011f\u0131 y\u00f6n\u00fcnde bulgular elde edildi. Harekete ge\u00e7en askeri savc\u0131l\u0131k, belgeyi s\u0131zd\u0131rd\u0131\u011f\u0131 iddia edilen muvazzaf subaylar hakk\u0131nda g\u00f6zalt\u0131 ve arama kararlar\u0131 \u00e7\u0131kartt\u0131. <!--more--><\/p>\n<p style=\"text-align: justify;\"><strong>ARAMA \u0130\u00c7\u0130N POL\u0130STEN YARDIM \u0130STEND\u0130 <\/strong><\/p>\n<p style=\"text-align: justify;\">16 Haziran&#8217;da Ankara&#8217;dan gelen bir hakim binba\u015f\u0131 ve iki askeri savc\u0131 olayda ad\u0131 belirlenen te\u011fmen A.K. ve ad\u0131 \u00f6\u011frenilemeyen \u00fcste\u011fmenin evlerinin aranmas\u0131 i\u00e7in polisten yard\u0131m istedi.<\/p>\n<p style=\"text-align: justify;\">Emniyet M\u00fcd\u00fcrl\u00fc\u011f\u00fc&#8217;nden 2&#8217;si kad\u0131n 4 sivil polis g\u00f6revlendirildi. Ekip \u00f6nce Ordu Caddesi&#8217;nde bulunan Te\u011fmen A.K.&#8217;n\u0131n oturdu\u011fu daireye girdi. Evde yap\u0131lan yakla\u015f\u0131k bir saatlik aramada 3 diz\u00fcst\u00fc bilgisayar, 8- 10 hardisk, \u00e7ok say\u0131da flash bellek, CD ve \u00e7ok say\u0131da ka\u011f\u0131t ve dok\u00fcman ele ge\u00e7irdi. Arama ekibini kar\u015f\u0131s\u0131nda g\u00f6r\u00fcnce \u015fa\u015f\u0131ran te\u011fmen A.K., askeri hakimin &#8220;Televizyon izliyor musun? En \u00e7ok dikkat \u00e7eken haber ne?&#8221; sorular\u0131na, &#8220;Herkes gibi ben de izliyorum. Herkesin bildi\u011fi kadar baz\u0131 \u015feyleri biliyorum&#8221; yan\u0131t\u0131n\u0131 verdi.<\/p>\n<p style=\"text-align: justify;\">Te\u011fmen A.K.&#8217;n\u0131n askeri hakim taraf\u0131ndan kendisine y\u00f6neltilen &#8220;3 bilgisayar ile ne yap\u0131yorsun&#8221; sorusuna ise yan\u0131t veremedi\u011fi \u00f6\u011frenildi. Kelep\u00e7e tak\u0131larak g\u00f6zalt\u0131na al\u0131nan A.K&#8217;n\u0131n ard\u0131ndan, K\u0131rklar Caddesi&#8217;nde bulunan \u00fcste\u011fmenin evine giden ekipler, ta\u015f\u0131nd\u0131\u011f\u0131n\u0131 saptad\u0131. Kimli\u011fi \u00f6\u011frenilemeyen \u00fcste\u011fmenin yerle\u015fti\u011fi Orduevi&#8217;nde g\u00f6zalt\u0131na al\u0131nd\u0131\u011f\u0131 belirtildi.<\/p>\n<p style=\"text-align: justify;\"><span style=\"color: #888888;\">Kaynak : Recep DEM\u0130RC\u0130\/ERZ\u0130NCAN, (DHA)<\/span><\/p>\n","protected":false},"excerpt":{"rendered":"<p style=\"text-align: justify;\">\n<p style=\"text-align: justify;\">ERZ\u0130NCAN&#8217;da, Genelkurmay Ba\u015fkanl\u0131\u011f\u0131&#8217;n\u0131n PKK ile ilgili istihbarat raporunu ge\u00e7en \u015fubat ay\u0131nda medyaya s\u0131zd\u0131rd\u0131klar\u0131 iddias\u0131yla ge\u00e7en hafta bir \u00fcste\u011fmen ile bir te\u011fmenin tutukland\u0131\u011f\u0131 olay\u0131nda baz\u0131 bilgiler g\u00fcn \u0131\u015f\u0131\u011f\u0131na \u00e7\u0131kmaya ba\u015flad\u0131.<\/p>\n<p style=\"text-align: justify;\">Ter\u00f6r \u00f6rg\u00fct\u00fc PKK ile ilgili Genelkurmay Ba\u015fkanl\u0131\u011f\u0131 ar\u015fivinde yer alan, istihbarat bilgilerinin gazetelerde yay\u0131mlanmas\u0131n\u0131n ard\u0131ndan askeri savc\u0131l\u0131k soru\u015fturma ba\u015flatt\u0131. <\/p>\n","protected":false},"author":1,"featured_media":0,"comment_status":"open","ping_status":"closed","sticky":false,"template":"","format":"standard","meta":{"footnotes":""},"categories":[105],"tags":[],"class_list":["post-10405","post","type-post","status-publish","format-standard","hentry","category-gundem","odd"],"_links":{"self":[{"href":"http:\/\/www.korhanyilmaz.com\/index.php?rest_route=\/wp\/v2\/posts\/10405","targetHints":{"allow":["GET"]}}],"collection":[{"href":"http:\/\/www.korhanyilmaz.com\/index.php?rest_route=\/wp\/v2\/posts"}],"about":[{"href":"http:\/\/www.korhanyilmaz.com\/index.php?rest_route=\/wp\/v2\/types\/post"}],"author":[{"embeddable":true,"href":"http:\/\/www.korhanyilmaz.com\/index.php?rest_route=\/wp\/v2\/users\/1"}],"replies":[{"embeddable":true,"href":"http:\/\/www.korhanyilmaz.com\/index.php?rest_route=%2Fwp%2Fv2%2Fcomments&post=10405"}],"version-history":[{"count":0,"href":"http:\/\/www.korhanyilmaz.com\/index.php?rest_route=\/wp\/v2\/posts\/10405\/revisions"}],"wp:attachment":[{"href":"http:\/\/www.korhanyilmaz.com\/index.php?rest_route=%2Fwp%2Fv2%2Fmedia&parent=10405"}],"wp:term":[{"taxonomy":"category","embeddable":true,"href":"http:\/\/www.korhanyilmaz.com\/index.php?rest_route=%2Fwp%2Fv2%2Fcategories&post=10405"},{"taxonomy":"post_tag","embeddable":true,"href":"http:\/\/www.korhanyilmaz.com\/index.php?rest_route=%2Fwp%2Fv2%2Ftags&post=10405"}],"curies":[{"name":"wp","href":"https:\/\/api.w.org\/{rel}","templated":true}]}}