{"id":10399,"date":"2009-06-23T15:07:39","date_gmt":"2009-06-23T13:07:39","guid":{"rendered":"http:\/\/www.korhanyilmaz.com\/?p=10399"},"modified":"2009-06-23T15:07:39","modified_gmt":"2009-06-23T13:07:39","slug":"10399","status":"publish","type":"post","link":"http:\/\/www.korhanyilmaz.com\/?p=10399","title":{"rendered":"Deniz Baykal: &#039;Ne olacak, g\u00f6relim&#8230;&#039;"},"content":{"rendered":"<p><img loading=\"lazy\" decoding=\"async\" class=\"aligncenter size-full wp-image-10403\" src=\"http:\/\/www.korhanyilmaz.com\/wp-content\/uploads\/2009\/06\/436.jpg\" alt=\"\" width=\"326\" height=\"156\" \/><\/p>\n<p style=\"text-align: justify;\">\n<p style=\"text-align: justify;\">CHP Genel Ba\u015fkan\u0131 Deniz Baykal, GenelkurmayBa\u015fkanl\u0131\u011f\u0131nda haz\u0131rland\u0131\u011f\u0131 iddia edilen &#8220;irtica ile m\u00fccadele plan\u0131na&#8221; ili\u015fkin bir belge varsa, gere\u011finin mutlaka yap\u0131lmas\u0131n\u0131 talep ettiklerini belirterek,&#8221;E\u011fer b\u00f6yle bir belge yoksa, bir tertipse, Genelkurmay Ba\u015fkan\u0131&#8217;n\u0131n s\u00f6yledi\u011fi &#8216; E\u011fer do\u011fru de\u011filse, ne olaca\u011f\u0131n\u0131 o zaman g\u00f6r\u00fcrs\u00fcn\u00fcz&#8230;&#8217; tablosunun, ne oldu\u011funubiran \u00f6nce g\u00f6rmek istiyoruz&#8221; dedi.<\/p>\n<p style=\"text-align: justify;\">Baykal, CHP TBMM grup toplant\u0131s\u0131nda yapt\u0131\u011f\u0131 konu\u015fmada, Genelkurmay Ba\u015fkanl\u0131\u011f\u0131nda haz\u0131rland\u0131\u011f\u0131 iddia edilen ve son g\u00fcnlerde tart\u0131\u015f\u0131lan belgeye ili\u015fkin de\u011ferlendirmede bulundu.<\/p>\n<p style=\"text-align: justify;\">Belgenin kamuoyunda tart\u0131\u015f\u0131lmaya ba\u015flanmas\u0131n\u0131n \u00fczerinden 12 g\u00fcnge\u00e7ti\u011fini, ancak konunun ayd\u0131nl\u0131\u011fa kavu\u015fturulamad\u0131\u011f\u0131n\u0131 ifade eden Baykal, &#8220;T\u00fcrkiye, 12 g\u00fcnden beri bu konuda karanl\u0131ktad\u0131r. Ne oldu\u011fu me\u00e7huld\u00fcr&#8221; dedi. <!--more--><\/p>\n<p style=\"text-align: justify;\">Baykal, rejimin \u00f6z\u00fc, T\u00fcrk Silahl\u0131 Kuvvetlerinin (TSK) do\u011frultusu,\u00e7izgisi, anlay\u0131\u015f\u0131 ve kimli\u011fiyle ilgili b\u00f6ylesine bir temel belgenin i\u00e7 y\u00fcz\u00fcn\u00fcn hala ayd\u0131nlat\u0131lamam\u0131\u015f olmas\u0131n\u0131 derin \u00fcz\u00fcnt\u00fcyle kar\u015f\u0131lad\u0131klar\u0131n\u0131 ifade ederek, 12g\u00fcnd\u00fcr ortaya at\u0131lm\u0131\u015f olan itham ve iddialar\u0131n bo\u015flukta b\u0131rak\u0131ld\u0131\u011f\u0131n\u0131, bunu anlaman\u0131n m\u00fcmk\u00fcn olmad\u0131\u011f\u0131n\u0131 s\u00f6yledi.<\/p>\n<p style=\"text-align: justify;\">TSK&#8217;n\u0131n temel i\u015flevi ve g\u00fcvenirli\u011fiyle ilgili, Anayasal, hukuki vedemokratik \u00e7er\u00e7eve i\u00e7inde i\u015fleyen bir kurum olup olmad\u0131\u011f\u0131yla ilgili \u00e7ok ciddi ithamlar yap\u0131ld\u0131\u011f\u0131n\u0131 ve iddialar ortaya konuldu\u011funu belirten Baykal, belge oldu\u011fus\u00f6ylenen yaz\u0131l\u0131 metni, H\u00fck\u00fcmetin, ciddiye alarak yarg\u0131ya ba\u015fvurdu\u011funu hat\u0131rlatt\u0131.<\/p>\n<p style=\"text-align: justify;\">Baykal, 12 g\u00fcnden beri olay\u0131n i\u00e7 y\u00fcz\u00fcn\u00fcn ne oldu\u011funa dair en k\u00fc\u00e7\u00fck bir i\u015farete sahip olmad\u0131klar\u0131n\u0131 anlatarak, \u015funlar\u0131 s\u00f6yledi:<\/p>\n<p style=\"text-align: justify;\">&#8220;Bu belge, ya emir komuta zinciri i\u00e7inde, Genelkurmay\u0131n bilgisi ve talimat\u0131 dahilinde haz\u0131rlanm\u0131\u015f resmi bir belgedir. E\u011fer b\u00f6yleyse, derhal ortaya \u00e7\u0131kmas\u0131 laz\u0131md\u0131r. Ya da bu belge, Genelkurmay\u0131n resmi bilgisi, emir ve talimat\u0131yla haz\u0131rlanmam\u0131\u015ft\u0131r ama Silahl\u0131 Kuvvetlerin baz\u0131 mensuplar\u0131n\u0131n katk\u0131lar\u0131yla haz\u0131rlanm\u0131\u015ft\u0131r. O zaman Silahl\u0131 Kuvvetlerin t\u00fcm\u00fc de\u011filse de i\u00e7inde\u00f6nemli h\u00fccrelerin, \u00f6rg\u00fctlenmelerin hukuk d\u0131\u015f\u0131nda, Anayasa d\u0131\u015f\u0131nda kendi ba\u015f\u0131nabuyruk, Genelkurmay\u0131n bilgisi ve talimat\u0131 d\u0131\u015f\u0131nda faaliyet g\u00f6stermekte oldu\u011fu ortaya \u00e7\u0131kacakt\u0131r. E\u011fer b\u00f6yle ise bu da \u00fczerinde \u00f6zenle durulmas\u0131 ve \u00e7\u00f6z\u00fcm bulunmas\u0131 gereken tablo yaratmaktad\u0131r. Ya da bunlar\u0131n hi\u00e7birisi s\u00f6z konusu de\u011fildir.<\/p>\n<p style=\"text-align: justify;\">T\u00fcrkiye&#8217;yi ve d\u00fcnyay\u0131 aya\u011fa kald\u0131ran, Ba\u015fbakan&#8217;\u0131n k\u0131yamet koparmas\u0131nasebep olan, yarg\u0131ya \u015fikayetlere yol a\u00e7an bu belge, tamamen bir psikolojik sava\u015f harekat\u0131n\u0131n gere\u011fi olarak Silahl\u0131 Kuvvetleri y\u0131pratmak, k\u00fc\u00e7\u00fck d\u00fc\u015f\u00fcrmek, etkisizle\u015ftirmek amac\u0131yla belli merkezler taraf\u0131ndan planlanm\u0131\u015f olan belgedir. O merkezler, haz\u0131rlad\u0131klar\u0131 belgeyi, g\u00fcvenlik g\u00fc\u00e7lerinin, yarg\u0131n\u0131n ve H\u00fck\u00fcmetin \u00f6nemsemesini sa\u011flayacak bir etkinlik noktas\u0131ndad\u0131rlar. O zaman bunun ortaya \u00e7\u0131kar\u0131lmas\u0131, bunun gere\u011finin yap\u0131lmas\u0131 gerekir.&#8221;<\/p>\n<p style=\"text-align: justify;\"><strong>-&#8220;12 G\u00dcN \u0130\u00c7\u0130NDE NE OLMU\u015eTUR?&#8221;- <\/strong><\/p>\n<p style=\"text-align: justify;\">Ba\u015fbakan Recep Tayyip Erdo\u011fan&#8217;\u0131n, belgenin ortaya \u00e7\u0131kmas\u0131n\u0131n ard\u0131ndan &#8220;iktidara kar\u015f\u0131 komplo, demokrasiye kar\u015f\u0131 tertip&#8221; de\u011ferlendirmelerinde bulundu\u011funu, savc\u0131l\u0131\u011fa ba\u015fvuruldu\u011funu anlatan Baykal, s\u00f6zlerine \u015f\u00f6yle devam etti:<\/p>\n<p style=\"text-align: justify;\">&#8220;Ba\u015fbakan, bu i\u015f ortaya \u00e7\u0131kt\u0131\u011f\u0131 zaman k\u0131yameti kopard\u0131 ama d\u00fcn AB b\u00fcy\u00fckel\u00e7ilerine, &#8216;kurumlar, partiler, hepimiz tek y\u00fcre\u011fiz. Demokrasi anlay\u0131\u015f\u0131 etraf\u0131nda bir ve beraberiz. Bu, T\u00fcrkiye&#8217;yi etkilememi\u015ftir, sarsmam\u0131\u015ft\u0131r. Tam bir anlay\u0131\u015f birli\u011fi i\u00e7indeyiz&#8217; diye \u00e7ok sevindirici, \u00e7ok uyumlu, \u00e7ok olumlu de\u011ferlendirmeler yapt\u0131. 12 g\u00fcn i\u00e7inde, Ba\u015fbakan&#8217;\u0131n olaya ili\u015fkin te\u015fhisini, iktidara kar\u015f\u0131 bir komplo noktas\u0131ndan, uyum ve birlik i\u00e7inde kurumlar\u0131yla, siyasetiyle, H\u00fck\u00fcmetiyle hep beraber, bu olay\u0131 g\u00f6t\u00fcr\u00fcyoruz noktas\u0131na getiren hangi s\u00fcre\u00e7tir, ne olmu\u015ftur?<\/p>\n<p style=\"text-align: justify;\">Bizim bilgimiz dahilinde bir \u015fey yok. Bizim anlay\u0131\u015f\u0131m\u0131z\u0131 etkileyecek yeni bir unsur yok. Biz, sadece Genelkurmay Ba\u015fkan\u0131&#8217;n\u0131n &#8216;askeri hiyerar\u015fi i\u00e7inde emir komuta zinciri i\u00e7inde b\u00f6yle bir belgenin haz\u0131rlanm\u0131\u015f olabilece\u011fi ihtimalinin d\u00fc\u015f\u00fcn\u00fclmesini dahi kendime hakaret sayar\u0131m&#8217; s\u00f6z\u00fcnden yola \u00e7\u0131karak, kurumsal olarak Silahl\u0131 Kuvvetler bu i\u015fin i\u00e7inde de\u011fil, rahatl\u0131\u011f\u0131na ula\u015fm\u0131\u015f noktaday\u0131z.<\/p>\n<p style=\"text-align: justify;\">Ama Silahl\u0131 Kuvvetlerin i\u00e7inde b\u00f6yle bir \u00f6rg\u00fctlenme var m\u0131d\u0131r, yok mudur? O konuda hi\u00e7bir bilgi yok. Yukar\u0131da bir uyum var. O uyumu g\u00f6rmekten mutlulukduyuyoruz. Onlar aras\u0131ndaki bu uyumun nas\u0131l ger\u00e7ekle\u015fti\u011fiyle ilgili tespitlerini, bilgilerini, l\u00fctfedip bizlerle, milletle payla\u015fsalar da biz de millet olarak kayg\u0131lanacak hi\u00e7bir \u015fey olmad\u0131\u011f\u0131n\u0131 g\u00f6r\u00fcversek. Bu belgenin alt\u0131nda imzas\u0131 olan Say\u0131n Albay Dursun \u00c7i\u00e7ek g\u00f6revinde oturmaya devam ediyor.&#8221;<\/p>\n<p style=\"text-align: justify;\"><strong>-FOTOKOP\u0130 M\u0130, OR\u0130J\u0130NAL M\u0130 TARTI\u015eMASI-<\/strong><\/p>\n<p style=\"text-align: justify;\">Baykal, belgeyle konusunda &#8220;fotokopi mi, orijinal belge mi&#8221; tart\u0131\u015fmas\u0131ya\u015fand\u0131\u011f\u0131n\u0131, bu konunun netle\u015fmedi\u011fini ifade ederek, \u015f\u00f6yle konu\u015ftu:<\/p>\n<p style=\"text-align: justify;\">&#8220;Fotokopideki imza benziyor, benzemiyor tart\u0131\u015fmas\u0131 yap\u0131l\u0131yor. E\u011fer fotokopideki imza benzemiyorsa, buna \u015fa\u015fmak laz\u0131md\u0131r. Elbette imza benzeyecektir.<\/p>\n<p style=\"text-align: justify;\">\u00c7\u00fcnk\u00fc, belli bir ki\u015fiye ait oldu\u011fu iddia edilmek i\u00e7in bu belge ortaya konmu\u015ftur.G\u00fcn\u00fcm\u00fczde imzan\u0131n ta\u015f\u0131nmas\u0131 kadar, hele fotokopide imzan\u0131n ta\u015f\u0131nmas\u0131 kadars\u0131radan bir uygulama yoktur. Neyi, ni\u00e7in tart\u0131\u015f\u0131yoruz? Bu kayg\u0131 verici tablodur.<\/p>\n<p style=\"text-align: justify;\">Bu konudaki s\u00fckuneti, sessizli\u011fi ve b\u00fct\u00fcn bu dedikodular, birbiriyle \u00e7eli\u015fen iddialar kar\u015f\u0131s\u0131ndaki rahatl\u0131\u011f\u0131 izah etmek \u00e7ok g\u00fc\u00e7t\u00fcr. \u00d6yle bir noktaya gelinmi\u015ftir ki art\u0131k bu belge do\u011fru olsa da \u00f6nemli de\u011fildir, do\u011fru olmasa da \u00f6nemli de\u011fildir. Bunu, hazmettirmeyi, i\u00e7imize sindirmeyi sanki birileri sa\u011flamak istiyor gibi bir tav\u0131r var. Halbuki biz, bunu hazmetmek istemiyoruz. B\u00f6yle bir belgeyi i\u00e7imize sindirmeye haz\u0131r de\u011filiz. E\u011fer ger\u00e7ekten b\u00f6yle bir belge varsa,onun gere\u011finin mutlaka yap\u0131lmas\u0131n\u0131 talep ediyoruz. E\u011fer b\u00f6yle bir belge yoksa, bu bir tertipse, Genelkurmay Ba\u015fkan\u0131&#8217;n\u0131n s\u00f6yledi\u011fi &#8216;E\u011fer do\u011fru de\u011filse, ne olaca\u011f\u0131n\u0131 o zaman g\u00f6r\u00fcrs\u00fcn\u00fcz&#8230;&#8217; tablosunun ne oldu\u011funu biran \u00f6nce g\u00f6rmek istiyoruz.<\/p>\n<p style=\"text-align: justify;\">Efendim, ger\u00e7ekse de \u00f6nemli de\u011fil, ger\u00e7ek de\u011filse de \u00f6nemli de\u011fil&#8230; \u0130\u015fte bunu hazmetmeye haz\u0131r de\u011filiz. Bunu i\u00e7imize sindirmemizi kimse bizden beklemesin&#8230; Bu konuda ger\u00e7ekten tela\u015f\u0131 gerektiren bir durum yok mudur? \u00d6yle anla\u015f\u0131yor ki yoktur.<\/p>\n<p style=\"text-align: justify;\">Albay yerinde. E\u011fer yoksa, niye k\u0131yamet kopuyor?&#8221;<\/p>\n<p style=\"text-align: justify;\"><strong>-&#8220;\u00c7EK KANUNU, MECL\u0130S TAT\u0130LE G\u0130RMEDEN \u00c7IKARILMALI&#8221;- <\/strong><\/p>\n<p style=\"text-align: justify;\">Konu\u015fmas\u0131nda, ekonomiyle ilgili de\u011ferlendirmelerde de bulunan Baykal, ekonomik sorunlara kar\u015f\u0131 do\u011fru politikalar\u0131n uygulamaya konulamad\u0131\u011f\u0131n\u0131 iddia etti.<\/p>\n<p style=\"text-align: justify;\">Baykal, CHP&#8217;nin, T\u00fcrkiye ekonomisini rahatlatacak, vergi indirimi gibi \u00e7\u00f6z\u00fcm \u00f6nerilerinde bulundu\u011funu, bunlar\u0131n gecikmeli uygulamaya onuldu\u011funu ifade ederek, bir an \u00f6nce \u00e7al\u0131\u015fanlar \u00fczerindeki vergi y\u00fck\u00fcn\u00fcn azalt\u0131lmas\u0131n\u0131 istedi.<\/p>\n<p style=\"text-align: justify;\">Kredi kart\u0131 bor\u00e7lar\u0131n\u0131n yap\u0131land\u0131r\u0131lmas\u0131na ili\u015fkin Meclis g\u00fcndeminde bulunan yasa tasar\u0131s\u0131n\u0131 ele\u015ftiren Baykal, tasar\u0131n\u0131n, bankalar\u0131 g\u00f6zeten ve sorunlar\u0131n\u0131 \u00e7\u00f6zmeyi \u00f6ncelikli olarak d\u00fc\u015f\u00fcnen bir anlay\u0131\u015fla d\u00fczenlendi\u011fini iddia etti. Baykal, d\u00fczenlemenin \u015fu an ya da daha sonra ortaya \u00e7\u0131kmas\u0131 muhtemel kredi kart\u0131 t\u0131kan\u0131kl\u0131klar\u0131n\u0131 \u00e7\u00f6zmeye y\u00f6nelik hi\u00e7bir \u00f6nlem i\u00e7ermedi\u011fini \u00f6ne s\u00fcrerek,&#8221;Kredi kart\u0131 bor\u00e7lar\u0131n\u0131n, faizler d\u00fc\u015f\u00fcr\u00fclerek makul s\u00fcrede ve makul \u00f6demelerle t\u00fcm\u00fcn\u00fcn \u00f6denebilir hale d\u00f6n\u00fc\u015ft\u00fcr\u00fclmesi gerekti\u011fini&#8221; kaydetti.<\/p>\n<p style=\"text-align: justify;\">Baykal, \u00e7eklerle ilgili ya\u015fanan sorunlara da dikkati \u00e7ekerek, konunun,toplumsal bir sorun haline d\u00f6n\u00fc\u015fmeye ba\u015flad\u0131\u011f\u0131n\u0131 belirtti. Bu konuda, derhal bir d\u00fczenlemeye ihtiya\u00e7 oldu\u011funu ifade eden Baykal, &#8220;Meclis, ba\u015f\u0131n\u0131 kuma sokmamal\u0131d\u0131r. Olay\u0131n \u00fczerine y\u00fcr\u00fcmelidir. Meclis, \u00e7ek ma\u011fdurlar\u0131n\u0131n sorunlar\u0131n\u0131 \u00e7\u00f6zecek kanunu \u00e7\u0131karmadan tatile girmemelidir&#8221; dedi.<\/p>\n<p style=\"text-align: justify;\">Baykal, ekonomik krizden en \u00e7ok etkilenen \u00e7ift\u00e7i ve esnafa y\u00f6nelik h\u00fck\u00fcmetin tedbir almad\u0131\u011f\u0131n\u0131 da iddia etti.<\/p>\n<p style=\"text-align: justify;\"><span style=\"color: #888888;\">Kaynak :\u00a0 Vatan<\/span><\/p>\n","protected":false},"excerpt":{"rendered":"<\/p>\n<p style=\"text-align: justify;\">\n<p style=\"text-align: justify;\">CHP Genel Ba\u015fkan\u0131 Deniz Baykal, GenelkurmayBa\u015fkanl\u0131\u011f\u0131nda haz\u0131rland\u0131\u011f\u0131 iddia edilen &#8220;irtica ile m\u00fccadele plan\u0131na&#8221; ili\u015fkin bir belge varsa, gere\u011finin mutlaka yap\u0131lmas\u0131n\u0131 talep ettiklerini belirterek,&#8221;E\u011fer b\u00f6yle bir belge yoksa, bir tertipse, Genelkurmay Ba\u015fkan\u0131&#8217;n\u0131n s\u00f6yledi\u011fi &#8216; E\u011fer do\u011fru de\u011filse, ne olaca\u011f\u0131n\u0131 o zaman g\u00f6r\u00fcrs\u00fcn\u00fcz&#8230;&#8217; tablosunun, ne oldu\u011funubiran \u00f6nce g\u00f6rmek istiyoruz&#8221; dedi.<\/p>\n<p  \n\n","protected":false},"author":1,"featured_media":0,"comment_status":"open","ping_status":"closed","sticky":false,"template":"","format":"standard","meta":{"footnotes":""},"categories":[105],"tags":[],"class_list":["post-10399","post","type-post","status-publish","format-standard","hentry","category-gundem","odd"],"_links":{"self":[{"href":"http:\/\/www.korhanyilmaz.com\/index.php?rest_route=\/wp\/v2\/posts\/10399","targetHints":{"allow":["GET"]}}],"collection":[{"href":"http:\/\/www.korhanyilmaz.com\/index.php?rest_route=\/wp\/v2\/posts"}],"about":[{"href":"http:\/\/www.korhanyilmaz.com\/index.php?rest_route=\/wp\/v2\/types\/post"}],"author":[{"embeddable":true,"href":"http:\/\/www.korhanyilmaz.com\/index.php?rest_route=\/wp\/v2\/users\/1"}],"replies":[{"embeddable":true,"href":"http:\/\/www.korhanyilmaz.com\/index.php?rest_route=%2Fwp%2Fv2%2Fcomments&post=10399"}],"version-history":[{"count":0,"href":"http:\/\/www.korhanyilmaz.com\/index.php?rest_route=\/wp\/v2\/posts\/10399\/revisions"}],"wp:attachment":[{"href":"http:\/\/www.korhanyilmaz.com\/index.php?rest_route=%2Fwp%2Fv2%2Fmedia&parent=10399"}],"wp:term":[{"taxonomy":"category","embeddable":true,"href":"http:\/\/www.korhanyilmaz.com\/index.php?rest_route=%2Fwp%2Fv2%2Fcategories&post=10399"},{"taxonomy":"post_tag","embeddable":true,"href":"http:\/\/www.korhanyilmaz.com\/index.php?rest_route=%2Fwp%2Fv2%2Ftags&post=10399"}],"curies":[{"name":"wp","href":"https:\/\/api.w.org\/{rel}","templated":true}]}}