{"id":10395,"date":"2009-06-23T02:06:46","date_gmt":"2009-06-22T23:06:46","guid":{"rendered":"http:\/\/www.korhanyilmaz.com\/?p=10395"},"modified":"2009-06-23T02:06:46","modified_gmt":"2009-06-22T23:06:46","slug":"iste-yas-listesi%e2%80%a6","status":"publish","type":"post","link":"http:\/\/www.korhanyilmaz.com\/?p=10395","title":{"rendered":"\u0130\u015fte YA\u015e listesi\u2026"},"content":{"rendered":"<p><img loading=\"lazy\" decoding=\"async\" class=\"aligncenter size-full wp-image-10396\" src=\"http:\/\/www.korhanyilmaz.com\/wp-content\/uploads\/2009\/06\/577477762.jpg\" alt=\"\" width=\"250\" height=\"190\" \/><\/p>\n<p style=\"text-align: justify;\">A\u011fustos ay\u0131 ba\u015f\u0131nda yap\u0131lacak olan YA\u015e toplant\u0131s\u0131nda, 124 General ve Amiral\u2019in terfi ve emeklilikleri g\u00f6r\u00fc\u015f\u00fclecek. Hava ve Deniz Kuvvetleri Komutanlar\u0131 ile \u0130stanbul 1. Ordu Komutan\u0131 emekli oluyor. Listede, askeri yarg\u0131dan da, 4 hakim General var.<\/p>\n<p style=\"text-align: justify;\">T\u00fcrk Silahl\u0131 Kuvvetlerinin A\u011fustos ay\u0131 ba\u015f\u0131nda yap\u0131lacak olan Y\u00fcksek Askeri \u015eura toplant\u0131s\u0131nda, 124 General ve Amiral\u2019in terfi ve emeklilikleri g\u00f6r\u00fc\u015f\u00fclecek. Bu y\u0131l 35 civar\u0131nda General ve Amiralin bir \u00fcst r\u00fctbeye terfi etmesi, yakla\u015f\u0131k 45 Albay\u2019\u0131n General ve Amiral olmas\u0131 ve 40 civar\u0131nda General ve Amiralin de r\u00fctbe bekleme s\u00fcrelerinin bir y\u0131l uzat\u0131lmas\u0131 \u00f6ng\u00f6r\u00fcl\u00fcyor. <!--more--><\/p>\n<p style=\"text-align: justify;\">Ba\u015fbakan Erdo\u011fan\u2019\u0131n da kat\u0131laca\u011f\u0131 YA\u015e toplant\u0131s\u0131 sonras\u0131, Hava Kuvvetleri Komutan\u0131 Orgeneral Aydo\u011fan Babao\u011flu ile Deniz Kuvvetleri Komutan\u0131 Oramiral Metin Ata\u00e7 emekli olacak. Deniz Kuvvetleri Komutanl\u0131\u011f\u0131na, Donanma Komutan\u0131 Oramiral E\u015fref U\u011fur Yi\u011fit, Hava Kuvvetleri Komutanl\u0131\u011f\u0131na da, Orgeneral Hasan Aksay\u2019\u0131n atanmas\u0131 bekleniyor. Bu y\u0131l \u0130stanbul 1. Ordu Komutan\u0131 Orgeneral Ergin Saygun da emekli olacak. Saygun\u2019un yerine Genelkurmay 2. Ba\u015fkan\u0131 Orgeneral Hasan I\u011fs\u0131z\u2019\u0131n atanmas\u0131 bekleniyor.<\/p>\n<p style=\"text-align: justify;\">Toplant\u0131da, Kara Kuvvetlerindeki 8 Korgeneral\u2019in durumu g\u00f6r\u00fc\u015f\u00fclecek ve bu isimlerden sadece biri Orgeneral olacak. Bu y\u0131l, Askeri Yarg\u0131tay Ba\u015fkan\u0131, Askeri Y\u00fcksek \u0130dare Mahkemesi Ba\u015fkan\u0131, Genelkurmay Adli M\u00fc\u015faviri ve MSB Kanunlar Dairesi Ba\u015fkan\u0131 olan 4 hakim General de, listede bulunuyor. YA\u015e\u2019ta durumlar\u0131 ele al\u0131nacak olan 124 General ve Amiral\u2019in tam listesi \u015f\u00f6yle:<\/p>\n<p style=\"text-align: justify;\"><strong>KARA KUVVETLER\u0130 KOMUTANLI\u011eI:<\/strong><\/p>\n<p style=\"text-align: justify;\"><strong>ORGENERAL: Ergin Saygun (1. Ordu Komutan\u0131)<\/strong><\/p>\n<p style=\"text-align: justify;\"><strong>KORGENERALLER: <\/strong>Hasan Memi\u015fo\u011flu (GATA Komutan\u0131 &#8211; temditli), H\u00fcseyin Nusret Ta\u015fdeler (Genelkurmay, Plan Prensipler Ba\u015fkan\u0131- temditli), Selahattin U\u011furlu (Harp Akademileri Komutan Yard\u0131mc\u0131s\u0131 &#8211; temditli), Bekir Kalyoncu (7. Kolordu Komutan\u0131), Hilmi Ak\u0131n Zorlu (K\u0131br\u0131s Bar\u0131\u015f Kuvvetleri Komutan\u0131), Servet Y\u00f6r\u00fck (\u00d6zel Kuvvetler Komutan\u0131), Yal\u00e7\u0131n Ataman (3. Kolordu Komutan\u0131), Ey\u00fcp Kaptan (8. Kolordu Komutan\u0131)<\/p>\n<p style=\"text-align: justify;\"><strong>T\u00dcMGENERALLER:<\/strong> Adem Huduti (temditli), Mehmet Ta\u015f (temditli), U\u011fur Uzal (temditli), Tuncay \u00c7akan (temditli), Necmettin Baykul (temditli), Salih Zeki \u00c7olak, \u00dcmit D\u00fcndar, H\u00fcsmen Akdeniz, \u0130smail Serdar Sava\u015f, Ahmet Yavuz, Hakk\u0131 Y\u0131lmaz \u00c7iyan, Salim Erkal Bekta\u015f, Ya\u015far G\u00fcler, Naz\u0131m Alt\u0131nta\u015f, Ali Erdin\u00e7, Orhan Akba\u015f, Kenan Ko\u00e7ak.<\/p>\n<p style=\"text-align: justify;\"><strong>TU\u011eGENERALLER:<\/strong> Sezai Bostanc\u0131 (temditli), H\u00fcseyin \u015eent\u00fcrk (temditli), Ayd\u0131n Semerci (temditli), Fikret Salih Tolung\u00fc\u00e7 (temditli), Muharrem Yava\u015f (temditli), Bahad\u0131r U\u00e7kan (temditli), U\u011fur Tar\u0131k \u00d6zkut (temditli), Birol Erdem (temditli), Mehmet Tevfik Bed\u00fck (temditli), Ahmet Kemal Emren (temditli), \u00dcnal Akbulut (temditli), \u0130zzet Ocak (Temditli), Atakan Alt\u0131parmak (Temditli), H\u0131fz\u0131 \u00c7ubuklu (temditli), \u015eahin Tarlan (temditli), Orhan K\u00f6pr\u00fc (temditli), Fahri K\u0131r, \u0130lhan Talu, Mustafa Serdar Ekizo\u011flu, \u0130smail Metin Temel, Ahmet Baki Erdo\u011fan, Fahri Erenel, Taner D\u00fcvenci, Abdullah Barut\u00e7u, Turgay Bakkal, Erg\u00fcder Topta\u015f, Mustafa Bak\u0131c\u0131, Ercan Okan, \u00d6mer Esenyel, Nurettin I\u015f\u0131k, Haluk Cumali \u00c7etinkaya, \u0130smail \u00c7evikba\u015f, Sad\u0131k \u00c7elik\u00f6rs, Mehmet Faruk \u015eeng\u00fcn, \u0130shak Ceylan, Nam\u0131k Kemal \u00c7al\u0131\u015fkan, Tuncer Aka, Enver Topuz, H\u00fcseyin Birhan, Kadir Ak\u00e7izmeci.<\/p>\n<p style=\"text-align: justify;\"><strong>DEN\u0130Z KUVVETLER\u0130 KOMUTANLI\u011eI:<\/strong><\/p>\n<p style=\"text-align: justify;\"><strong>ORAM\u0130RAL: <\/strong>Muzaffer Metin Ata\u00e7 (Deniz Kuvvetleri Komutan\u0131)<\/p>\n<p style=\"text-align: justify;\"><strong>KORAM\u0130RALLER: <\/strong>\u015eevki Erdal Bucak (G\u00fcney Deniz Saha Komutan\u0131-temditli) Ahmet Feyyaz \u00d6\u011f\u00fct\u00e7\u00fc (Kuzey Deniz Saha Komutan\u0131) Emin Murat Bilgel (Deniz Kuvvetleri Kurmay Ba\u015fkan\u0131)<\/p>\n<p style=\"text-align: justify;\"><strong>T\u00dcMAM\u0130RALLER: <\/strong>Recep B\u00fclent Bostano\u011flu (temditli) Mustafa Baha Eren, Abdullah Can Ereno\u011flu, H\u00fcseyin Yal\u00e7\u0131n Kavuk\u00e7uo\u011flu<\/p>\n<p style=\"text-align: justify;\"><strong>TU\u011eAM\u0130RALLER: <\/strong>Deniz Da\u011fl\u0131lar (temditli) Do\u011fan Bozkurt (temditli) Hasan U\u015fakl\u0131o\u011flu (temditli) Ahmet Serdar Ak\u0131nsel (temditli) Ali Semih \u00c7etin, Abdullah Gavremo\u011flu, Soner Polat, Erhan Akporay, Mustafa Karasabun, \u0130smail Dikmen, Naci Tayfun Tansan.<\/p>\n<p style=\"text-align: justify;\"><strong>HAVA KUVVETLER\u0130 KOMUTANLI\u011eI:<\/strong><\/p>\n<p style=\"text-align: justify;\"><strong>ORGENERAL<\/strong>: Aydo\u011fan Babao\u011flu (Hava Kuvvetleri Komutan\u0131)<\/p>\n<p style=\"text-align: justify;\"><strong>KORGENERALLER:<\/strong> Bilgin Balanl\u0131 (1. Hava Kuvvet Komutan\u0131-temditli) S\u00fcleyman \u015eevket Dingilo\u011flu (Hava Lojistik Komutan\u0131) Rasim Aslan (2. Hava Kuvvet Komutan\u0131)<\/p>\n<p style=\"text-align: justify;\"><strong>T\u00dcMGENERALLER: <\/strong>Osman Y\u0131ld\u0131r\u0131m (temditli) Ak\u0131n \u00d6zt\u00fcrk (temditli) \u015eirin \u00dcnal (temditli) Fuat \u00d6zakda\u011f, R\u0131dvan Ulug\u00fcler, \u00d6zden Bayram Erguz<\/p>\n<p style=\"text-align: justify;\"><strong>TU\u011eGENERALLER: <\/strong>Ahmet Bertan Nogaylaro\u011flu (temditli) Muzaffer Ok (temditli) Mehmet Y\u0131lmaz Erdo\u011fan (temditli) Osman Kapani Akta\u015f (temditli) \u0130smail Ta\u015f, Tayfur Fikret Erbilgin, Mehmet Burhan \u00d6zbayram, Yal\u00e7\u0131n Erg\u00fcl, Kaz\u0131m \u00d6ndil, Haluk Terzi, Muaammer Akp\u0131nar, Aziz Atlanel.<\/p>\n<p style=\"text-align: justify;\"><strong>JANDARMA GENEL KOMTANLI\u011eI:<\/strong><\/p>\n<p style=\"text-align: justify;\"><strong>T\u00dcMGENERALLER:<\/strong> Mehmet Tayfun Y\u0131ld\u0131z (temditli) Halil Helvac\u0131op\u011flu, H\u00fcseyin G\u00fc\u00e7l\u00fc,<\/p>\n<p style=\"text-align: justify;\"><strong>TU\u011eGENERALLER: <\/strong>Mustafa \u0130hsan Bat\u0131 (temditli) Osman Baykurt (temditli) Faik Canbolat (temditli) Selahattin Y\u0131ld\u0131r\u0131m (temditli) Harun Ocakl\u0131, Ata Kalkan, Ali Ayd\u0131n, Erhan G\u00fcder.<\/p>\n<p style=\"text-align: justify;\"><strong>ASKER\u0130 YARGITAY<\/strong><\/p>\n<p style=\"text-align: justify;\"><strong>TU\u011eGENERAL:<\/strong> Ahmet Alk\u0131\u015f<\/p>\n<p style=\"text-align: justify;\"><strong>ASKER\u0130 Y\u00dcKSEK \u0130DARE MAHKEMES\u0130:<\/strong><\/p>\n<p style=\"text-align: justify;\"><strong>TU\u011eGENERAL:<\/strong> Turgut Ar\u0131bal<\/p>\n<p style=\"text-align: justify;\"><strong>GATA:<\/strong><\/p>\n<p style=\"text-align: justify;\"><strong>TU\u011eGENERAL:<\/strong> Harun Tatar (temditli) Ersoy I\u015f\u0131k (temditli) Sadettin \u00c7etiner, Yusuf Ziya Yerg\u00f6k.<\/p>\n<p style=\"text-align: justify;\"><strong>TU\u011eAM\u0130RAL: <\/strong>Cemli Turgut Tufan (temditli)<\/p>\n<p style=\"text-align: justify;\"><span style=\"color: #888888;\">Kaynak : Emin \u00d6zg\u00f6n\u00fcl &#8211; Gazeteport \/ ANKARA<\/span><\/p>\n","protected":false},"excerpt":{"rendered":"<\/p>\n<p style=\"text-align: justify;\">A\u011fustos ay\u0131 ba\u015f\u0131nda yap\u0131lacak olan YA\u015e toplant\u0131s\u0131nda, 124 General ve Amiral\u2019in terfi ve emeklilikleri g\u00f6r\u00fc\u015f\u00fclecek. Hava ve Deniz Kuvvetleri Komutanlar\u0131 ile \u0130stanbul 1. Ordu Komutan\u0131 emekli oluyor. Listede, askeri yarg\u0131dan da, 4 hakim General var.<\/p>\n<p style=\"text-align: justify;\">T\u00fcrk Silahl\u0131 Kuvvetlerinin A\u011fustos ay\u0131 ba\u015f\u0131nda yap\u0131lacak olan Y\u00fcksek Askeri \u015eura toplant\u0131s\u0131nda, 124 General ve <\/p>\n","protected":false},"author":1,"featured_media":0,"comment_status":"open","ping_status":"closed","sticky":false,"template":"","format":"standard","meta":{"footnotes":""},"categories":[105],"tags":[],"class_list":["post-10395","post","type-post","status-publish","format-standard","hentry","category-gundem","odd"],"_links":{"self":[{"href":"http:\/\/www.korhanyilmaz.com\/index.php?rest_route=\/wp\/v2\/posts\/10395","targetHints":{"allow":["GET"]}}],"collection":[{"href":"http:\/\/www.korhanyilmaz.com\/index.php?rest_route=\/wp\/v2\/posts"}],"about":[{"href":"http:\/\/www.korhanyilmaz.com\/index.php?rest_route=\/wp\/v2\/types\/post"}],"author":[{"embeddable":true,"href":"http:\/\/www.korhanyilmaz.com\/index.php?rest_route=\/wp\/v2\/users\/1"}],"replies":[{"embeddable":true,"href":"http:\/\/www.korhanyilmaz.com\/index.php?rest_route=%2Fwp%2Fv2%2Fcomments&post=10395"}],"version-history":[{"count":0,"href":"http:\/\/www.korhanyilmaz.com\/index.php?rest_route=\/wp\/v2\/posts\/10395\/revisions"}],"wp:attachment":[{"href":"http:\/\/www.korhanyilmaz.com\/index.php?rest_route=%2Fwp%2Fv2%2Fmedia&parent=10395"}],"wp:term":[{"taxonomy":"category","embeddable":true,"href":"http:\/\/www.korhanyilmaz.com\/index.php?rest_route=%2Fwp%2Fv2%2Fcategories&post=10395"},{"taxonomy":"post_tag","embeddable":true,"href":"http:\/\/www.korhanyilmaz.com\/index.php?rest_route=%2Fwp%2Fv2%2Ftags&post=10395"}],"curies":[{"name":"wp","href":"https:\/\/api.w.org\/{rel}","templated":true}]}}