{"id":10391,"date":"2009-06-22T16:41:51","date_gmt":"2009-06-22T13:41:51","guid":{"rendered":"http:\/\/www.korhanyilmaz.com\/?p=10391"},"modified":"2009-06-22T16:41:51","modified_gmt":"2009-06-22T13:41:51","slug":"%e2%80%98gokcek%e2%80%99e-veresiye-dogalgaz-yok%e2%80%99","status":"publish","type":"post","link":"http:\/\/www.korhanyilmaz.com\/?p=10391","title":{"rendered":"\u2018G\u00f6k\u00e7ek\u2019e veresiye do\u011falgaz yok\u2019"},"content":{"rendered":"<p style=\"text-align: center;\"><a href=\"http:\/\/www.korhanyilmaz.com\/wp-content\/uploads\/2009\/06\/230620090947195875916.jpg\"  class=\"lightview\"><img loading=\"lazy\" decoding=\"async\" class=\"aligncenter size-full wp-image-10392\" src=\"http:\/\/www.korhanyilmaz.com\/wp-content\/uploads\/2009\/06\/230620090947195875916.jpg\" alt=\"\" width=\"329\" height=\"210\" \/><\/a><\/p>\n<p style=\"text-align: justify;\">BOTA\u015e\u2019\u0131n alacaklar\u0131 konusunda yap\u0131sal de\u011fi\u015fikliklere gideceklerini a\u00e7\u0131klayan Enerji Bakan\u0131 Taner Y\u0131ld\u0131z, \u201cBundan sonra geriye d\u00f6n\u00fck bor\u00e7 birikmeleri olmayacak \u015fekilde Ankara B\u00fcy\u00fck\u015fehir Belediyesi ile \u00e7al\u0131\u015fma yap\u0131yoruz\u201d dedi.<\/p>\n<p style=\"text-align: justify;\"><span style=\"text-decoration: underline;\">Ankara B\u00fcy\u00fck\u015fehir\u2019in BOTA\u015e\u2019a birikmi\u015f bor\u00e7lar\u0131 1.2 milyar liray\u0131 buluyor. <\/span><\/p>\n<p style=\"text-align: justify;\">Enerji ve Tabii Kaynaklar Bakan\u0131 Taner Y\u0131ld\u0131z, BOTA\u015e\u2019\u0131n Ba\u015fkent Do\u011falgaz Da\u011f\u0131t\u0131m A.\u015e\u2019den alaca\u011f\u0131 ile ilgili olarak, \u201cBaz\u0131 yap\u0131sal de\u011fi\u015fikliklere gidece\u011fiz. Bundan sonra geriye d\u00f6n\u00fck bor\u00e7 birikmeleri olmayacak bir \u015fekilde Ankara B\u00fcy\u00fck\u015fehir Belediyesi ile \u00e7al\u0131\u015fma yap\u0131yoruz\u201d dedi. <!--more--><\/p>\n<p style=\"text-align: justify;\"><strong>Ayn\u0131 hataya d\u00fc\u015fmeyiz <\/strong><\/p>\n<p style=\"text-align: justify;\">BOTA\u015e\u2019\u0131n, Ba\u015fkent Do\u011falgaz Da\u011f\u0131t\u0131m A.\u015e\u2019den alaca\u011f\u0131 ile ilgili bir ba\u015fka soru \u00fczerine de Y\u0131ld\u0131z, BOTA\u015e\u2019\u0131n ge\u00e7en hafta Ba\u015fkent Do\u011falgaz\u2019a \u00f6deme talimat\u0131 g\u00f6nderdi\u011fini, ayr\u0131ca Ankara B\u00fcy\u00fck\u015fehir Belediye Ba\u015fkan\u0131 ile g\u00f6r\u00fc\u015ft\u00fcklerini s\u00f6yledi. Bu konuda kar\u015f\u0131l\u0131kl\u0131 anlay\u0131\u015f g\u00f6sterilmesinin \u00f6nemli oldu\u011funu ifade eden Y\u0131ld\u0131z, Ankara\u2019da yap\u0131lan tahsilat\u0131n y\u00fczde 92\u2019ler civar\u0131nda direkt BOTA\u015e\u2019\u0131n kasas\u0131na akacak \u015fekilde bundan sonraki cari ak\u0131\u015fla ilgili bir d\u00fczenleme yapt\u0131klar\u0131n\u0131 kaydetti.<\/p>\n<p style=\"text-align: justify;\">Herhangi bir haciz i\u015fleminin s\u00f6z konusu olmad\u0131\u011f\u0131n\u0131 ifade eden Y\u0131ld\u0131z, \u015f\u00f6yle devam etti: \u201cAma \u00f6demelerin yap\u0131land\u0131r\u0131lmas\u0131 ve bundan sonra tekrar bu hatalara d\u00fc\u015f\u00fclmemesi a\u00e7\u0131s\u0131ndan kendi tahsilatlar\u0131n\u0131n en az y\u00fczde 92\u2019sini BOTA\u015e\u2019a devredecekler. Hangi yolla devredilece\u011fi konusunda \u00e7al\u0131\u015fmalar yap\u0131l\u0131yor. Bunun \u00fczerinde yap\u0131sal d\u00fczenleme \u00fczerinde \u00e7al\u0131\u015faca\u011f\u0131z. \u00d6n\u00fcm\u00fczdeki g\u00fcnlerde teknik detaylar a\u00e7\u0131klanacak.\u201d<\/p>\n<p style=\"text-align: justify;\">BOTA\u015e\u2019\u0131n gaz al\u0131p satan ve bu piyasada \u00f6nemli a\u011f\u0131rl\u0131\u011f\u0131 olan bir kamu kurulu\u015fu oldu\u011funu, bir kredi kurulu\u015fu olmad\u0131\u011f\u0131n\u0131 vurgulayan Y\u0131ld\u0131z, \u201c\u00d6n\u00fcm\u00fczdeki g\u00fcnlerde baz\u0131 yap\u0131sal de\u011fi\u015fikliklere gidece\u011fiz. Bundan sonra geriye d\u00f6n\u00fck bor\u00e7 birikmeleri olmayacak bir \u015fekilde Ankara B\u00fcy\u00fck\u015fehir Belediye ile \u00e7al\u0131\u015fma yap\u0131yoruz. Bunu bir s\u00fcre sonra kamuoyuna a\u00e7\u0131klayaca\u011f\u0131z\u201d diye konu\u015ftu.<\/p>\n<p style=\"text-align: justify;\"><strong>Elektri\u011fe zam yok <\/strong><\/p>\n<p style=\"text-align: justify;\">* Bakan Y\u0131ld\u0131z, \u201c1 Temmuz itibariyle elektri\u011fe zam veya indirim yap\u0131lacak m\u0131\u201d soruna da \u201cZam d\u00fc\u015f\u00fcnm\u00fcyoruz\u201d yan\u0131t\u0131n\u0131 verdi.<\/p>\n<p style=\"text-align: justify;\"><strong>Irak\u2019a ayl\u0131k 500 metrek\u00fcp\/ saniye su verilecek <\/strong><\/p>\n<p style=\"text-align: justify;\">* Bakan Y\u0131ld\u0131z, Irak Elektrik Bakan\u0131 Kerim Vahid Hasan ile biraraya geldi. Bas\u0131na kapal\u0131 g\u00f6r\u00fc\u015fmenin ard\u0131ndan konuk bakan ile gazetecilere a\u00e7\u0131klama yapan Y\u0131ld\u0131z, Irak\u2019a verilecek su ile ilgili daha \u00f6nce yap\u0131lan anla\u015fma do\u011frultusunda g\u00fcnl\u00fck bazda 400 ile 600-650 metrek\u00fcp\/saniye, ayl\u0131k bazda ise 500 metrek\u00fcp\/saniyenin alt\u0131na d\u00fc\u015fmemesi kayd\u0131yla bir mutabakat olu\u015fturduklar\u0131n\u0131 kaydetti.<\/p>\n<p style=\"text-align: justify;\"><span style=\"color: #888888;\">Kaynak : Vatan<\/span><\/p>\n","protected":false},"excerpt":{"rendered":"<p style=\"text-align: center;\">\n<p style=\"text-align: justify;\">BOTA\u015e\u2019\u0131n alacaklar\u0131 konusunda yap\u0131sal de\u011fi\u015fikliklere gideceklerini a\u00e7\u0131klayan Enerji Bakan\u0131 Taner Y\u0131ld\u0131z, \u201cBundan sonra geriye d\u00f6n\u00fck bor\u00e7 birikmeleri olmayacak \u015fekilde Ankara B\u00fcy\u00fck\u015fehir Belediyesi ile \u00e7al\u0131\u015fma yap\u0131yoruz\u201d dedi.<\/p>\n<p style=\"text-align: justify;\">Ankara B\u00fcy\u00fck\u015fehir\u2019in BOTA\u015e\u2019a birikmi\u015f bor\u00e7lar\u0131 1.2 milyar liray\u0131 buluyor. <\/p>\n<p style=\"text-align: justify;\">Enerji ve Tabii Kaynaklar Bakan\u0131 Taner Y\u0131ld\u0131z, BOTA\u015e\u2019\u0131n Ba\u015fkent Do\u011falgaz <\/p>\n","protected":false},"author":1,"featured_media":0,"comment_status":"open","ping_status":"closed","sticky":false,"template":"","format":"standard","meta":{"footnotes":""},"categories":[7],"tags":[],"class_list":["post-10391","post","type-post","status-publish","format-standard","hentry","category-ekonomi","odd"],"_links":{"self":[{"href":"http:\/\/www.korhanyilmaz.com\/index.php?rest_route=\/wp\/v2\/posts\/10391","targetHints":{"allow":["GET"]}}],"collection":[{"href":"http:\/\/www.korhanyilmaz.com\/index.php?rest_route=\/wp\/v2\/posts"}],"about":[{"href":"http:\/\/www.korhanyilmaz.com\/index.php?rest_route=\/wp\/v2\/types\/post"}],"author":[{"embeddable":true,"href":"http:\/\/www.korhanyilmaz.com\/index.php?rest_route=\/wp\/v2\/users\/1"}],"replies":[{"embeddable":true,"href":"http:\/\/www.korhanyilmaz.com\/index.php?rest_route=%2Fwp%2Fv2%2Fcomments&post=10391"}],"version-history":[{"count":0,"href":"http:\/\/www.korhanyilmaz.com\/index.php?rest_route=\/wp\/v2\/posts\/10391\/revisions"}],"wp:attachment":[{"href":"http:\/\/www.korhanyilmaz.com\/index.php?rest_route=%2Fwp%2Fv2%2Fmedia&parent=10391"}],"wp:term":[{"taxonomy":"category","embeddable":true,"href":"http:\/\/www.korhanyilmaz.com\/index.php?rest_route=%2Fwp%2Fv2%2Fcategories&post=10391"},{"taxonomy":"post_tag","embeddable":true,"href":"http:\/\/www.korhanyilmaz.com\/index.php?rest_route=%2Fwp%2Fv2%2Ftags&post=10391"}],"curies":[{"name":"wp","href":"https:\/\/api.w.org\/{rel}","templated":true}]}}