{"id":10385,"date":"2009-06-23T09:34:01","date_gmt":"2009-06-23T06:34:01","guid":{"rendered":"http:\/\/www.korhanyilmaz.com\/?p=10385"},"modified":"2009-06-23T09:34:01","modified_gmt":"2009-06-23T06:34:01","slug":"abdullah-gul-irtica-belgesindeki-hangi-sirri-ogrendi","status":"publish","type":"post","link":"http:\/\/www.korhanyilmaz.com\/?p=10385","title":{"rendered":"ABDULLAH G\u00dcL \u0130RT\u0130CA BELGES\u0130NDEK\u0130 HANG\u0130 SIRRI \u00d6\u011eREND\u0130?"},"content":{"rendered":"<p><img loading=\"lazy\" decoding=\"async\" class=\"aligncenter size-full wp-image-10386\" src=\"http:\/\/www.korhanyilmaz.com\/wp-content\/uploads\/2009\/06\/2009-06-23_092733.jpg\" alt=\"\" width=\"405\" height=\"182\" \/><\/p>\n<p style=\"text-align: justify;\"><strong>Aradan ka\u00e7 g\u00fcn hesaplamad\u0131m ama \u201cBelge sahte mi, ger\u00e7ek mi\u201d sorusundan s\u0131k\u0131ld\u0131k galiba.<\/strong><\/p>\n<p style=\"text-align: justify;\">Peki H\u00fck\u00fcmet ve Cumhurba\u015fkan\u0131 da s\u0131k\u0131lm\u0131\u015f m\u0131d\u0131r?<\/p>\n<p style=\"text-align: justify;\">Sanm\u0131yorum.<\/p>\n<p style=\"text-align: justify;\">Belge diye adland\u0131rd\u0131\u011f\u0131m\u0131z \u015fey malum; \u201c\u0130rtica ile M\u00fccadele Plan\u0131\u201d ad\u0131 verilen fotokopi bir metin.<\/p>\n<p style=\"text-align: justify;\">Olay\u0131 k\u00fc\u00e7\u00fcmsedi\u011fim d\u00fc\u015f\u00fcn\u00fclmesinin ama belge denilen metnin \u015fimdilik hukuki hi\u00e7bir de\u011feri yok.<\/p>\n<p style=\"text-align: justify;\">(Kald\u0131 ki yaz\u0131 usul\u00fc, b\u00fcrokratik rumuzlar vb. unsurlar\u0131 ta\u015f\u0131mayan bir metnin pe\u015finen Genelkurmay\u2019a havale edilmesi de hakkaniyetli olmayacakt\u0131r.)<\/p>\n<p style=\"text-align: justify;\">Hatta \u015f\u00f6yle bir iddia da bulunay\u0131m. Genelkurmay Ba\u015fkanl\u0131\u011f\u0131 haberin hemen ard\u0131ndan \u201cSoru\u015fturma ba\u015flatt\u0131k\u201d a\u00e7\u0131klamas\u0131nda bulunmasayd\u0131, bug\u00fcn belki de bu konuyu tart\u0131\u015fm\u0131yor olacakt\u0131k. <!--more--><\/p>\n<p style=\"text-align: justify;\">Tabi s\u00fcreci t\u0131rmand\u0131ran bir de H\u00fck\u00fcmet taraf\u0131 var.<\/p>\n<p style=\"text-align: justify;\">\u00d6yle ifadeler var ki, farkl\u0131 a\u00e7\u0131lardan okundu\u011funda \u015fa\u015f\u0131rt\u0131c\u0131 ama analitik sonu\u00e7lara varabiliyorsunuz.<\/p>\n<p style=\"text-align: justify;\"><strong>Asker i\u00e7indeki casuslar <\/strong><\/p>\n<p style=\"text-align: justify;\">Ba\u015fbakan Recep Tayyip Erdo\u011fan rahats\u0131zlanmadan hemen \u00f6nce (20 Haziran) \u015f\u00f6yle konu\u015ftu:  \u201c<strong>Belgeyi istihbarat buldu.<\/strong>\u201d<\/p>\n<p style=\"text-align: justify;\">Nas\u0131l yani?<\/p>\n<p style=\"text-align: justify;\">Askeriyenin i\u00e7inde istihbarat faaliyeti y\u00fcr\u00fcten, bizim bilmedi\u011fimiz ama Ba\u015fbakan\u2019\u0131n bildi\u011fi bir birim mi var?<\/p>\n<p style=\"text-align: justify;\">Merak eden olur diye Erdo\u011fan\u2019\u0131n ifadesini tam aktar\u0131yorum:<\/p>\n<p style=\"text-align: justify;\">\u201cBiz savc\u0131l\u0131\u011fa su\u00e7 duyurusunda bulunuruz. Savc\u0131l\u0131k bizden y\u00fcr\u00fctme olarak \u015fu konularda \u015funlar\u0131 yap\u0131n dedi\u011fi anda bizim g\u00fcvenlik g\u00fc\u00e7lerimiz, istihbarat\u0131m\u0131z devreye girer. Nitekim bu evraklar da bu vesileyle istihbarat taraf\u0131ndan bulunarak meydana \u00e7\u0131kar\u0131lm\u0131\u015f oland\u0131r. \u201d<\/p>\n<p style=\"text-align: justify;\">Bu paragraftan \u00e7\u0131kan sonu\u00e7 nedir?<\/p>\n<p style=\"text-align: justify;\">\u00c7ok a\u00e7\u0131k; Ba\u015fbakan bu belgenin bir istihbarat birimince meydana \u00e7\u0131kar\u0131ld\u0131\u011f\u0131n\u0131 s\u00f6yl\u00fcyor.<\/p>\n<p style=\"text-align: justify;\">Kim olabilir bu birimler? Emniyet \u0130stihbarat Daire Ba\u015fkanl\u0131\u011f\u0131, Milli \u0130stihbarat Te\u015fkilat\u0131 (M\u0130T) ve askeri istihbarat.<\/p>\n<p style=\"text-align: justify;\"><strong>Ergenekon Savc\u0131s\u0131na randevu yok <\/strong><\/p>\n<p style=\"text-align: justify;\">Ba\u015fbakan\u2019\u0131n asker ve M\u0130T\u2019i kastetmedi\u011fini varsaymam\u0131z mant\u0131kl\u0131 olur. \u00c7\u00fcnk\u00fc Ergenekon Savc\u0131lar\u0131 polisle \u00e7al\u0131\u015fabiliyor. Ba\u015fbakan\u2019da zaten savc\u0131 \u2013 polis ili\u015fkisine vurgu yap\u0131yor.<\/p>\n<p style=\"text-align: justify;\">Bu arada k\u00fc\u00e7\u00fck bir s\u0131r aktaray\u0131m.<\/p>\n<p style=\"text-align: justify;\">M\u0130T, Ergenekon Savc\u0131lar\u0131yla mahkeme \u00fczerinden ili\u015fki kuruyor. \u0130ddialara g\u00f6re bug\u00fcne kadar M\u0130T Savc\u0131lar\u0131n \u0131srarl\u0131 randevu taleplerine hi\u00e7bir \u015fekilde olumlu yan\u0131t vermedi.<\/p>\n<p style=\"text-align: justify;\">Neyse \u2026<\/p>\n<p style=\"text-align: justify;\"><strong>Kar\u015f\u0131 casusluk <\/strong><\/p>\n<p style=\"text-align: justify;\">Ba\u015fbakan\u2019\u0131n s\u00f6zlerinden polisin asker i\u00e7inde (hatta Genelkurmay Ba\u015fkanl\u0131\u011f\u0131 Karargah\u0131nda) istihbarat \u00e7al\u0131\u015fmas\u0131 yapt\u0131\u011f\u0131 ve k\u0131y\u0131da k\u00f6\u015fede bekleyen darbeci unsurlar\u0131 tespit etti\u011fi anla\u015f\u0131l\u0131yor.<\/p>\n<p style=\"text-align: justify;\">Peki bu durum askeri otoritenin g\u00f6z\u00fcnden nas\u0131l alg\u0131lanmaktad\u0131r?<\/p>\n<p style=\"text-align: justify;\">Kar\u015f\u0131 casusluk faaliyeti olarak m\u0131?<\/p>\n<p style=\"text-align: justify;\">M\u0130T\u2019in ordunun \u00f6zellikle \u00fcst komuta kademelerini s\u0131k\u0131 bi\u00e7imde takip etti\u011fi bilinir. Bu faaliyet belli \u00f6l\u00e7\u00fcde Genelkurmay Ba\u015fkan\u0131\u2019n\u0131n s\u00f6zs\u00fcz icazetiyle yap\u0131l\u0131r.<\/p>\n<p style=\"text-align: justify;\">Ama M\u0130T\u2019in polisten bir fark\u0131 var. Polis gibi ev basmaz, subay tutuklamaz.<\/p>\n<p style=\"text-align: justify;\">Belki \u015fu olabilir. M\u0130T asker hakk\u0131nda elde etti\u011fi istihbarat\u0131 ba\u011fl\u0131 bulundu\u011fu Ba\u015fbakanl\u0131k M\u00fcste\u015far Yard\u0131mc\u0131s\u0131 arac\u0131l\u0131\u011f\u0131yla Ba\u015fbakan\u2019a iletir. Gerekirse M\u00fcste\u015far Ba\u015fbakan\u2019a arz eder. Ba\u015fbakan\u2019da  istihbari bilgi ve kan\u0131tlar\u0131 emniyet \u2013 savc\u0131l\u0131k hatt\u0131 \u00fczerinden adli  \/ cezai soru\u015fturmaya d\u00f6n\u00fc\u015ft\u00fcrebilir.<\/p>\n<p style=\"text-align: justify;\">\u015eimdi, Ba\u015fbakan\u2019\u0131n yukar\u0131daki ifadelerini bir de b\u00f6yle okuyun.<\/p>\n<p style=\"text-align: justify;\"><strong>Polisin asker alerjisi <\/strong><\/p>\n<p style=\"text-align: justify;\">Bu noktada, polisin askere ili\u015fkin \u201ctehdit alg\u0131lamas\u0131\u201d nereden ileri geliyor diye sormak laz\u0131m.<\/p>\n<p style=\"text-align: justify;\">Savc\u0131 emri var, bunu ak\u0131lda tutuyorum. Ama Ergenekon davas\u0131nda da g\u00f6rd\u00fck ki, Savc\u0131n\u0131n askerden \u015f\u00fcphe etmesine sebep olan ilk belgeler bir yerlerden ortal\u0131\u011fa sa\u00e7\u0131ld\u0131 ve sonras\u0131nda polis s\u00fcrecin her a\u015famas\u0131nda fena halde y\u00f6nlendirici oldu.<\/p>\n<p style=\"text-align: justify;\">Peki polisin darbe alg\u0131s\u0131, asker alerjisi nereden kaynaklan\u0131yor? Polis, Cumhuriyet mitinglerini neden sevmedi? Polis neden Sabih Kanado\u011flu gibi H\u00fck\u00fcmetin nefret etti\u011fi her ismin \u00fczerine gitti?<\/p>\n<p style=\"text-align: justify;\">Cevap basit. Polis, h\u00fck\u00fcmetin emrindedir.<\/p>\n<p style=\"text-align: justify;\">H\u00fck\u00fcmetlerin iktidardaki s\u00fcreleri uzad\u0131k\u00e7a devletin polisi olmakla, h\u00fck\u00fcmetin polisi olmak aras\u0131ndaki gerilim, h\u00fck\u00fcmet lehine \u00e7\u00f6z\u00fcm bulur. AKP iktidar\u0131 d\u00f6neminde de b\u00f6yle olmu\u015ftur.<\/p>\n<p style=\"text-align: justify;\"><strong>Askerin d\u00fc\u015f\u00fcnce su\u00e7u <\/strong><\/p>\n<p style=\"text-align: justify;\">Erdo\u011fan, \u201cBelgeyi istihbarat buldu\u201d s\u00f6zlerinden be\u015f g\u00fcn \u00f6nce bak\u0131n ne demi\u015f?<\/p>\n<p style=\"text-align: justify;\">&#8220;&#8230;AK Parti \u00fczerinde oynanmas\u0131 d\u00fc\u015f\u00fcn\u00fclen oyunlar\u0131 g\u00f6r\u00fcyorsunuz. \u015eu anda bizler de bunlar\u0131 ara\u015ft\u0131r\u0131yoruz. Gerekirse biz de ilgililerle onlara y\u00f6nelik olarak davalar\u0131 a\u00e7aca\u011f\u0131z.\u201c<\/p>\n<p style=\"text-align: justify;\">AKP, iktidar\u0131na y\u00f6nelik oyun \u2013 tertip haz\u0131rland\u0131\u011f\u0131na inan\u0131yor. Buraya kadar tamam. Ama ifadenin \u015fu k\u0131sm\u0131 \u00e7ok dikkat \u00e7ekici: \u201c<strong>Oynanmas\u0131 d\u00fc\u015f\u00fcn\u00fclen oyunlar.<\/strong>\u201d<\/p>\n<p style=\"text-align: justify;\">Yani ger\u00e7ekte bir tertip yapma niyeti var. Ancak hen\u00fcz uygulamaya ge\u00e7irilmemi\u015f. D\u00fc\u015f\u00fcnce a\u015famas\u0131ndayken polis taraf\u0131ndan tespit edilmi\u015f.<\/p>\n<p style=\"text-align: justify;\">Ba\u015fka bir deyi\u015fle askeri \u201cD\u00fc\u015f\u00fcnce su\u00e7lusu\u201d bile ilan edebiliriz.<\/p>\n<p style=\"text-align: justify;\">\u015eaka bir yana; s\u00f6z\u00fc edilen tertip darbe giri\u015fimidir, iddias\u0131d\u0131r. Bu iddian\u0131n AKP\u2019nin Savc\u0131l\u0131\u011fa yapt\u0131\u011f\u0131 su\u00e7 duyurusunda da dillendirdi\u011fini tekrar etmeye gerek yok herhalde.<\/p>\n<p style=\"text-align: justify;\"><strong>Cumhurba\u015fkan\u0131 \u00e7ok \u015fey biliyor <\/strong><\/p>\n<p style=\"text-align: justify;\">Gelelim i\u015fin bam teline. Cumhurba\u015fkan\u0131 Abdullah, G\u00fcl Karaman\u2019da (21 Haziran) \u015f\u00f6yle konu\u015ftu:<\/p>\n<p style=\"text-align: justify;\">\u201cKonuyla ilgili hukuki s\u00fcre\u00e7 i\u015fliyor\u2026 Ama art\u0131k T\u00fcrkiye\u2019de hi\u00e7bir \u015fey gizli kalmaz.\u201d<\/p>\n<p style=\"text-align: justify;\">\u0130ki c\u00fcmle aras\u0131ndaki ifadeleri ger\u00e7ekten gereksiz oldu\u011fu i\u00e7in al\u0131nt\u0131lamad\u0131m.<\/p>\n<p style=\"text-align: justify;\">B\u00fct\u00fcn ifadeyi iki c\u00fcmleyle okumak bana g\u00f6re \u00e7ok \u00f6nemli. G\u00fcl, \u201chukuki s\u00fcre\u00e7ten\u201d haberdar ama sonucunu beklemeden bir h\u00fck\u00fcm veriyor.<\/p>\n<p style=\"text-align: justify;\">S\u00f6ze benim gibi \u201cAma\u201d diye ba\u015fl\u0131yor; \u201cart\u0131k\u201d bundan sonra diye devam ediyor.<\/p>\n<p style=\"text-align: justify;\">Ne diyor?<\/p>\n<p style=\"text-align: justify;\">\u0130rtica belgesi olay\u0131 Ergenekon mahkemesine gider gitmez, \u00f6nemli de\u011fil.  Ama sonu\u00e7ta diyor Cumhurba\u015fkan\u0131 \u201cBundan sonra hi\u00e7bir \u015fey gizli kalmaz, asker de bunu art\u0131k \u00f6\u011frenmelidir\u201d.<\/p>\n<p style=\"text-align: justify;\">G\u00fcl b\u00f6yle s\u00f6yl\u00fcyor. Yoksa ifadelerini ba\u015fka t\u00fcrl\u00fc okumak m\u00fcmk\u00fcn m\u00fc?<\/p>\n<p style=\"text-align: justify;\">Ba\u015fkomutan G\u00fcl askerine \u00e7a\u011fr\u0131 da yap\u0131yor. Bundan sonra gizli i\u015fler yapma \u00e7\u00fcnk\u00fc, \u201cyakalar\u0131z\u201d diyor.<\/p>\n<p style=\"text-align: justify;\">Orduya \u201c\u015feffaf ol\u201d diyor.<\/p>\n<p style=\"text-align: justify;\">Tam ifadesi \u015f\u00f6yle: \u201dT\u00fcrkiye \u015feffaf bir \u00fclkedir. Bu \u015feffafl\u0131k i\u00e7inde bir yanl\u0131\u015fl\u0131k varsa hukuk yoluyla ortaya \u00e7\u0131kar.\u201d<\/p>\n<p style=\"text-align: justify;\">\u201cT\u00fcrkiye \u015feffaf \u00fclkedir\u201d ifadesi sanki yurti\u00e7ine de\u011fil de, yurtd\u0131\u015f\u0131na s\u00f6ylenmi\u015f gibi duruyor. Yoksa Cumhurba\u015fkan\u0131\u2019n\u0131n \u00fclke vatanda\u015flar\u0131na \u201csiz \u015feffafs\u0131n\u0131z\u201d diye seslenmesinin anlam\u0131 yok. Ama b\u00f6yle s\u00f6yl\u00fcyor.<\/p>\n<p style=\"text-align: justify;\">\u00d6zetle, \u00fclke g\u00fcvenli\u011finden sorumlu kuruma \u201cHer \u015feyini a\u00e7\u0131k yap, \u015feffaf ol\u201d diyor. Silahlar\u0131n, personelin, savunma planlar\u0131n hep a\u00e7\u0131kta olsun diyor.<\/p>\n<p style=\"text-align: justify;\">Asl\u0131nda T\u00fcrk ordusu AKKA anla\u015fmas\u0131ndan dolay\u0131 zaten \u015feffaft\u0131r. Anla\u015fmaya taraf olan \u00fclkeler hangi birlikte ka\u00e7 t\u00fcfek, ka\u00e7 law silah\u0131, ka\u00e7 mermi oldu\u011funu bilir.<\/p>\n<p style=\"text-align: justify;\">Bilinmeyen, daha do\u011frusu d\u0131\u015far\u0131ya kapal\u0131 olan iki birlik vard\u0131r. \u00d6zel kuvvetler (Sas ve Sat\u2019lar da dahil) ve 2\u2019inci ordu.<\/p>\n<p style=\"text-align: justify;\">2\u2019inci Ordu G\u00fcneydo\u011fu\u2019da en \u00f6nde sava\u015fan birliktir. \u00d6zel kuvvetleri ise tarife gerek yok. \u00c7\u00fcnk\u00fc haritalarda yerleri yok.<\/p>\n<p style=\"text-align: justify;\">Dikkat edin, bug\u00fcn Ergenekon davas\u0131nda yarg\u0131lanan asker ki\u015filerin tamam\u0131 K\u00fcrt b\u00f6lgesindeki sava\u015fta yer alm\u0131\u015f, kimi Abdullah \u00d6calan\u2019\u0131 sorgulam\u0131\u015f, kimi de gerilla ter\u00f6r\u00fcne kar\u015f\u0131 gayri nizami harp usul\u00fcyle \u00e7arp\u0131\u015fm\u0131\u015f insanlard\u0131r.<\/p>\n<p style=\"text-align: justify;\">Ne garip noktalara ula\u015ft\u0131k de\u011fil mi?<\/p>\n<p style=\"text-align: justify;\"><strong>\u201cAskere pes et\u201d dedi <\/strong><\/p>\n<p style=\"text-align: justify;\">G\u00fcl\u2019\u00fcn bir ba\u015fka \u00f6zelli\u011fi daha var. Genellikle iddialar\u0131n\u0131 saklamay\u0131 biliyor. Oysa \u201cArt\u0131k T\u00fcrkiye\u2019de hi\u00e7bir \u015fey gizli kalmaz\u201d s\u00f6zleri acayip iddial\u0131. G\u00fcl acaba nas\u0131l bu kadar emin kendinden?<\/p>\n<p style=\"text-align: justify;\">Bana g\u00f6re G\u00fcl, Ergenekon davas\u0131n\u0131n yap\u0131lanma s\u00fcrecine ve ba\u015flang\u0131\u00e7taki derin s\u0131rlar\u0131na son derece vak\u0131f durumdayd\u0131; halen de \u00f6yle.<\/p>\n<p style=\"text-align: justify;\">Yoksa bug\u00fcn askere \u201cArt\u0131k pes etti\u011fini a\u00e7\u0131kla\u201d demenin ne zaman\u0131, ne de yeri.<\/p>\n<p style=\"text-align: justify;\">Hat\u0131rlar m\u0131s\u0131n\u0131z bilmem. M\u00fcstafi Y\u00fczba\u015f\u0131 Muzaffer Tekin ad\u0131n\u0131 da biz \u00f6nce G\u00fcl\u2019den duyduk. G\u00fcl, o zamanlar Ba\u015fbakan Yard\u0131mc\u0131s\u0131 ve D\u0131\u015fi\u015fleri Bakan\u0131yd\u0131.<\/p>\n<p style=\"text-align: justify;\">Ajanslar 19 May\u0131s 2006 tarihinde \u015fu haberi ge\u00e7ti:<\/p>\n<p style=\"text-align: justify;\">\u201cBa\u015fbakan Yard\u0131mc\u0131s\u0131 Abdullah G\u00fcl, Dan\u0131\u015ftay\u2019a silahl\u0131 sald\u0131r\u0131 d\u00fczenleyen Alparslan Aslan\u2019\u0131 y\u00f6nlendiren \u00e7etenin eleba\u015f\u0131s\u0131n\u0131n 12 Eyl\u00fcl \u00f6ncesi y\u00fczba\u015f\u0131 iken ordudan at\u0131lan ve ekip i\u00e7inde &#8220;Albay Muzaffer&#8221; diye tan\u0131nan Muzaffer Tekin oldu\u011funu s\u00f6yledi.\u201d<\/p>\n<p style=\"text-align: justify;\">Tekin sonra ortadan kayboldu, intihar giri\u015fiminde bulundu, yakaland\u0131 vs. Ama hep merak ettik, G\u00fcl Tekin ad\u0131yla neden bu kadar ilgilenmi\u015fti; neden bu ismi kamuoyuna a\u00e7\u0131klad\u0131?<\/p>\n<p style=\"text-align: justify;\">G\u00fcl, ne zaman \u201c\u00c7ete var. \u00c7etenin eleba\u015f\u0131s\u0131 Tekin. Tekin de Dan\u0131\u015ftay\u2019a silahl\u0131 sald\u0131r\u0131 yapan Aslan\u2019\u0131 y\u00f6nlendiren ki\u015fidir\u201d dedi? 2006 y\u0131l\u0131nda s\u00f6yledi bunlar\u0131.<\/p>\n<p style=\"text-align: justify;\">O tarihte Ergenekon soru\u015fturmas\u0131 yoktu. Tam bir sene sonra ba\u015flad\u0131 Ergenekon soru\u015fturmas\u0131.<\/p>\n<p style=\"text-align: justify;\">Tekin, halen Ergenekon davas\u0131nda tutuklu yarg\u0131lan\u0131yor. \u00d6rg\u00fct\u00fcn \u00fcst d\u00fczey y\u00f6neticisi oldu\u011fu iddia ediliyor.<\/p>\n<p style=\"text-align: justify;\">Bu arada Dan\u0131\u015ftay sald\u0131r\u0131s\u0131 ile Ergenekon davalar\u0131 da birle\u015ftirildi. B\u00f6ylece Aslan ile Tekin\u2019de bir araya gelmi\u015f oldu. Dava birle\u015ftirme 2009 y\u0131l\u0131nda ya\u015fand\u0131.<\/p>\n<p style=\"text-align: justify;\">Peki G\u00fcl \u00fc\u00e7 y\u0131l \u00f6ncesinden bug\u00fcnleri nas\u0131l g\u00f6rd\u00fc?<\/p>\n<p style=\"text-align: justify;\">Ergenekon davas\u0131n\u0131n bug\u00fcnk\u00fc tutuklular\u0131, belki de daha o vakit (2006\u2019da) listeler halinde H\u00fck\u00fcmetin \u00f6n\u00fcne gelmi\u015fti. Kim getirmi\u015fti filan diye soracak olursan\u0131z, \u015fimdilik kan\u0131tlayacak kadar bilgiye sahip de\u011filim. Ama G\u00fcl\u2019\u00fcn y\u0131llard\u0131r bu bilgilere sahip oldu\u011funa eminim.<\/p>\n<p style=\"text-align: justify;\"><span style=\"color: #888888;\">Ahmet Erhan \u00c7elik<br \/>\n<\/span>\n<\/p>\n<p style=\"text-align: justify;\"><a href=\"http:\/\/www.odatv.com\/Siyaset\/abdullah_gul_irtica_belgesindeki_hangi_sirri_ogrendi-16618.html\" target=\"_blank\"><span style=\"color: #888888;\">Odatv.com<\/span><\/a><\/p>\n","protected":false},"excerpt":{"rendered":"<\/p>\n<p style=\"text-align: justify;\">Aradan ka\u00e7 g\u00fcn hesaplamad\u0131m ama \u201cBelge sahte mi, ger\u00e7ek mi\u201d sorusundan s\u0131k\u0131ld\u0131k galiba.<\/p>\n<p style=\"text-align: justify;\">Peki H\u00fck\u00fcmet ve Cumhurba\u015fkan\u0131 da s\u0131k\u0131lm\u0131\u015f m\u0131d\u0131r?<\/p>\n<p style=\"text-align: justify;\">Sanm\u0131yorum.<\/p>\n<p style=\"text-align: justify;\">Belge diye adland\u0131rd\u0131\u011f\u0131m\u0131z \u015fey malum; \u201c\u0130rtica ile M\u00fccadele Plan\u0131\u201d ad\u0131 verilen fotokopi bir metin.<\/p>\n<p style=\"text-align: justify;\">Olay\u0131 k\u00fc\u00e7\u00fcmsedi\u011fim d\u00fc\u015f\u00fcn\u00fclmesinin ama belge denilen metnin \u015fimdilik hukuki <\/p>\n","protected":false},"author":1,"featured_media":0,"comment_status":"open","ping_status":"closed","sticky":false,"template":"","format":"standard","meta":{"footnotes":""},"categories":[105],"tags":[],"class_list":["post-10385","post","type-post","status-publish","format-standard","hentry","category-gundem","odd"],"_links":{"self":[{"href":"http:\/\/www.korhanyilmaz.com\/index.php?rest_route=\/wp\/v2\/posts\/10385","targetHints":{"allow":["GET"]}}],"collection":[{"href":"http:\/\/www.korhanyilmaz.com\/index.php?rest_route=\/wp\/v2\/posts"}],"about":[{"href":"http:\/\/www.korhanyilmaz.com\/index.php?rest_route=\/wp\/v2\/types\/post"}],"author":[{"embeddable":true,"href":"http:\/\/www.korhanyilmaz.com\/index.php?rest_route=\/wp\/v2\/users\/1"}],"replies":[{"embeddable":true,"href":"http:\/\/www.korhanyilmaz.com\/index.php?rest_route=%2Fwp%2Fv2%2Fcomments&post=10385"}],"version-history":[{"count":0,"href":"http:\/\/www.korhanyilmaz.com\/index.php?rest_route=\/wp\/v2\/posts\/10385\/revisions"}],"wp:attachment":[{"href":"http:\/\/www.korhanyilmaz.com\/index.php?rest_route=%2Fwp%2Fv2%2Fmedia&parent=10385"}],"wp:term":[{"taxonomy":"category","embeddable":true,"href":"http:\/\/www.korhanyilmaz.com\/index.php?rest_route=%2Fwp%2Fv2%2Fcategories&post=10385"},{"taxonomy":"post_tag","embeddable":true,"href":"http:\/\/www.korhanyilmaz.com\/index.php?rest_route=%2Fwp%2Fv2%2Ftags&post=10385"}],"curies":[{"name":"wp","href":"https:\/\/api.w.org\/{rel}","templated":true}]}}