{"id":10381,"date":"2009-01-30T19:22:42","date_gmt":"2009-01-30T16:22:42","guid":{"rendered":"http:\/\/www.korhanyilmaz.com\/?p=10381"},"modified":"2009-01-30T19:22:42","modified_gmt":"2009-01-30T16:22:42","slug":"dunya-basini-davos-sokunu-boyle-duyurdu","status":"publish","type":"post","link":"http:\/\/www.korhanyilmaz.com\/?p=10381","title":{"rendered":"D\u00fcnya bas\u0131n\u0131 Davos \u015fokunu b\u00f6yle duyurdu"},"content":{"rendered":"<p style=\"text-align: center;\"><img loading=\"lazy\" decoding=\"async\" class=\"aligncenter size-full wp-image-10382\" src=\"http:\/\/www.korhanyilmaz.com\/wp-content\/uploads\/2009\/06\/LiveImages_Foto-Haber_Davostan-kareler_F29221912.jpg\" alt=\"\" width=\"282\" height=\"189\" \/><\/p>\n<p style=\"text-align: justify;\"><strong>Ba\u015fbakan Erdo\u011fan\u2019\u0131n Davos\u2019taki paneli terk etmesi haber ajanslar\u0131 taraf\u0131ndan son dakika geli\u015fmesi olarak verildi. <\/strong><\/p>\n<p style=\"text-align: justify;\">\u0130STANBUL &#8211; \u0130svi\u00e7re\u2019nin Davos kentinde &#8220;Gazze: Orta Do\u011fu\u2019da Bar\u0131\u015f Modeli&#8221; oturumunda ve sonras\u0131nda ya\u015fanan geli\u015fmeler, d\u00fcnya bas\u0131n\u0131nda geni\u015f yank\u0131 buldu.<\/p>\n<p style=\"text-align: justify;\"><strong>AJANSLAR VE TELEV\u0130ZYONLAR<\/strong><\/p>\n<p style=\"text-align: justify;\">CNN International: CNN International&#8217;da canl\u0131 yay\u0131nda Erdo\u011fan&#8217;\u0131n tepkisi ele al\u0131nd\u0131. CNN muhabirinin yorumu, &#8220;Erdo\u011fan&#8217;\u0131n ger\u00e7ekten kendini mi kaybetti\u011fi yoksa se\u00e7imler \u00f6ncesi i\u00e7 deste\u011fini art\u0131rmak i\u00e7in mi yapt\u0131\u011f\u0131 net de\u011fil. T\u00fcrk halk\u0131 Gazze&#8217;deki operasyona en \u00e7ok tepki g\u00f6steren halk. \u0130lk kez Erdo\u011fan&#8217;\u0131n bir yurtd\u0131\u015f\u0131 gezisinden d\u00f6n\u00fc\u015f\u00fcnde, \u00fcstelik gecenin bu saati olmas\u0131na ra\u011fmen, bu kadar b\u00fcy\u00fck bir kalabal\u0131k taraf\u0131ndan kar\u015f\u0131land\u0131\u011f\u0131 g\u00f6r\u00fcl\u00fcyor&#8221; oldu.<br \/>\nReuters: &#8220;\u0130srail Cumhurba\u015fkan\u0131 Gazze sald\u0131r\u0131lar\u0131n\u0131 sesini y\u00fckselterek ve parma\u011f\u0131n\u0131 Erdo\u011fan\u2019a uzatarak ate\u015fli bi\u00e7imde savundu. Cevap vermeye \u00e7al\u0131\u015f\u0131rken s\u00f6z\u00fc yar\u0131da kesilen Erdo\u011fan da paneli terk etti. <!--more--><br \/>\nAFP: &#8220;T\u00fcrk Ba\u015fbakan\u0131 Tayyip Erdo\u011fan, Gazze hakk\u0131nda \u0130srail Cumhurba\u015fkan\u0131 \u015eimon Peres\u2019le girdi\u011fi ate\u015fli tart\u0131\u015fman\u0131n ard\u0131ndan paneli f\u0131rt\u0131na gibi terk etti.&#8221;<br \/>\nAP: &#8220;T\u00fcrk Ba\u015fbakan\u0131 Recep Tayyip Erdo\u011fan, Peres\u2019in Gazze sald\u0131r\u0131lar\u0131n\u0131 savunan ate\u015fli monolo\u011funu dinleyen moderat\u00f6r\u00fcn kendisinin s\u00f6z\u00fcn\u00fc kesmesine sinirlendi.&#8221; AP, haberinde Ba\u015fbakan Erdo\u011fan\u2019\u0131n Peres\u2019e &#8220;\u0130nsanlar\u0131 \u00f6ld\u00fcr\u00fcyorsunuz&#8221; dedi\u011fi, Peres\u2019in ise parma\u011f\u0131 ile i\u015faret ederek, &#8220;\u0130stanbul\u2019a roketler d\u00fc\u015fse siz de ayn\u0131s\u0131n\u0131 yapars\u0131n\u0131z&#8221; dedi\u011fi kaydedildi.\n<\/p>\n<p style=\"text-align: justify;\"><strong>-KAHRAMAN G\u0130B\u0130 KAR\u015eILANDI-<\/strong><\/p>\n<p style=\"text-align: justify;\">BBC: &#8220;\u0130srail Cumhurba\u015fkan\u0131 Peres\u2019in Gazze sald\u0131r\u0131lar\u0131n\u0131 ate\u015fli \u015fekilde savunmas\u0131na cevap vermeye \u00e7al\u0131\u015f\u0131rken s\u00f6zleri kesilen Erdo\u011fan paneli terk etti. Erdo\u011fan, T\u00fcrkiye\u2019ye d\u00f6n\u00fc\u015f\u00fcnde kahraman gibi kar\u015f\u0131land\u0131.\u00a0 Erdo\u011fan\u2019\u0131n Gazze konusundaki tavr\u0131na geni\u015f destek var.\u00a0 Ba\u015fbakan\u0131 kar\u015f\u0131lamaya gelenlerin baz\u0131lar\u0131n\u0131n \u2019d\u00fcnyan\u0131n yeni lideri\u2019 yaz\u0131l\u0131 pankartlar ta\u015f\u0131yordu.<\/p>\n<p style=\"text-align: justify;\">El Cezire: Merkezi Katar&#8217;da bulunan uluslararas\u0131 Arap haber kanal\u0131 El Cezire de internet sitesinde haberi acil haber olarak tek c\u00fcmle olarak verdikten sonra, geni\u015f bir haber yay\u0131mlad\u0131. El Cezire haberinde, Ba\u015fbakan Erdo\u011fan&#8217;\u0131n, panel y\u00f6neticisinin Peres&#8217;in \u0130srail&#8217;in Gazze sald\u0131r\u0131s\u0131n\u0131 me\u015frula\u015ft\u0131ran s\u00f6zlerine itirazlar\u0131n\u0131 s\u00f6ylemesine izin vermemesinden sonra televizyondan canl\u0131 yay\u0131nlanan tart\u0131\u015fmay\u0131 terk etti\u011fini belirtti.<\/p>\n<p style=\"text-align: justify;\"><strong>\u0130SRA\u0130L BASINI<\/strong><\/p>\n<p style=\"text-align: justify;\">Jerusalem Post: Per\u015fembe ak\u015fam\u0131 Ba\u015fbakan Erdo\u011fan&#8217;\u0131n k\u0131pk\u0131rm\u0131z\u0131 bir suratla D\u00fcnya Ekonomik Forumu toplant\u0131s\u0131n\u0131 terk etmesiyle birlikte \u0130srail-T\u00fcrkiye ili\u015fkileri olumsuz bir s\u00fcrece do\u011fru dramatik bir y\u00f6n ald\u0131.<\/p>\n<p style=\"text-align: justify;\">Haaretz:Gazetenin web sayfas\u0131 da ayn\u0131 haberle okuyucular\u0131n\u0131 durumdan haberdar etti. \u0130ki gazetenin \u0130ngilizce web sayfas\u0131 da Amerikan AP ajans\u0131n\u0131n haberini kulland\u0131.<\/p>\n<p style=\"text-align: justify;\"><strong>\u0130NG\u0130LTERE BASINI<\/strong><\/p>\n<p style=\"text-align: justify;\">\u0130ngiliz Daily Telegraph gazetesi, &#8220;T\u00fcrkiye Ba\u015fbakan\u0131 Recep Tayyip Erdo\u011fan, \u0130srail Cumhurba\u015fkan\u0131 \u015eimon Peres ile yapt\u0131\u011f\u0131 ate\u015fli tart\u0131\u015fman\u0131n ard\u0131ndan toplant\u0131y\u0131 h\u0131\u015f\u0131mla terk etti&#8221; ba\u015fl\u0131\u011f\u0131yla verdi\u011fi haberde, &#8220;Erdo\u011fan\u2019\u0131n \u00f6fkesini, \u2019Benim i\u00e7in Davos bitmi\u015ftir\u2019 s\u00f6zleriyle ifade etti\u011fini&#8221; yazd\u0131. &#8220;Erdo\u011fan\u2019\u0131n s\u00f6z\u00fcn\u00fcn kesilmesine, Peres\u2019e 25 dakika, kendisine ise bunun ancak yar\u0131s\u0131 kadar konu\u015fma s\u00fcresi verilmesine tepki g\u00f6sterdi\u011fi&#8221; kaydedilen haberde, &#8220;Ba\u015fbakan\u0131n daha sonra d\u00fczenledi\u011fi bas\u0131n toplant\u0131s\u0131nda, hem oturum y\u00f6neticisinin hem de Peres\u2019in yakla\u015f\u0131m\u0131ndan duydu\u011fu rahats\u0131zl\u0131\u011f\u0131 dile getirdi\u011fi&#8221; belirtildi. Gazete, \u0130srail Cumhurba\u015fkan\u0131n\u0131n olaydan sonra Ba\u015fbakan Erdo\u011fan\u2019\u0131 telefonla arad\u0131\u011f\u0131n\u0131 da duyurdu.<\/p>\n<p style=\"text-align: justify;\"><strong>-OBAMA\u2019NIN DANI\u015eMANI \u2018DONDU\u2019-<\/strong><\/p>\n<p style=\"text-align: justify;\">&#8220;Erdo\u011fan\u2019\u0131n Gazze y\u00fcz\u00fcnden Davos\u2019u terk etti\u011fini&#8221; yazan Guardian gazetesi de &#8220;Ba\u015fbakan\u0131n Davos\u2019u terk etmesine \u0130srail Cumhurba\u015fkan\u0131 Peres ile girdi\u011fi sert tart\u0131\u015fman\u0131n yol a\u00e7t\u0131\u011f\u0131n\u0131&#8221; kaydetti. &#8220;Erdo\u011fan\u2019\u0131n tart\u0131\u015fma s\u0131ras\u0131nda \u0130srail Cumhurba\u015fkan\u0131na \u2019Yapt\u0131\u011f\u0131n\u0131z \u00e7ok yanl\u0131\u015f\u2019, \u2019\u00c7ok say\u0131da insan \u00f6ld\u00fcr\u00fcld\u00fc\u2019 gibi ifadeler kulland\u0131\u011f\u0131n\u0131&#8221; yazan gazete, &#8220;tart\u0131\u015fmay\u0131 izleyen kalabal\u0131k grubun aras\u0131nda ABD Ba\u015fkan\u0131 Barack Obama\u2019n\u0131n dan\u0131\u015fman\u0131 Valerie Jarrett\u2019in de bulundu\u011funu&#8221; belirterek, &#8220;Jarrett\u2019in g\u00f6rd\u00fckleri kar\u015f\u0131s\u0131nda hayretten donup kald\u0131\u011f\u0131n\u0131&#8221; \u00f6ne s\u00fcrd\u00fc.<br \/>\n&#8220;Toplant\u0131y\u0131 izleyen i\u015f ve siyaset d\u00fcnyas\u0131n\u0131n liderleri olan, nazik diyalog ve uzla\u015fma aray\u0131\u015f\u0131yla tan\u0131nan insanlar i\u00e7in Peres ve Erdo\u011fan\u2019\u0131n seslerini y\u00fckseltmeleri son derece al\u0131\u015f\u0131lmam\u0131\u015f bir \u015feydi&#8221; yorumunda bulunan gazete, &#8220;oturumdan sonra D\u00fcnya Ekonomik Forumu Ba\u015fkan\u0131 Klaus Schwab\u2019\u0131n Erdo\u011fan ile konu\u015ftu\u011funu, eski Norve\u00e7 Ba\u015fbakan\u0131 Kjell Bondevik\u2019in de Erdo\u011fan\u2019\u0131n salondan ayr\u0131lmas\u0131na \u00fcz\u00fcld\u00fc\u011f\u00fcn\u00fc ve bunu durumun g\u00fc\u00e7l\u00fc\u011f\u00fcn\u00fc ortaya koyan bir ifade bi\u00e7imi olarak g\u00f6rd\u00fc\u011f\u00fcn\u00fc s\u00f6yledi\u011fini&#8221; yazd\u0131.<br \/>\nHaberde, &#8220;Arap Birli\u011fi Genel Sekreteri Amr Musa\u2019n\u0131n ise Erdo\u011fan\u2019\u0131n tavr\u0131n\u0131 \u00f6vd\u00fc\u011f\u00fc, Ba\u015fbakan\u0131n e\u015fi Emine Erdo\u011fan\u2019\u0131n da \u2019Peres yalan s\u00f6yl\u00fcyor. Bu kabul edilemez\u2019 dedi\u011fi&#8221; belirtildi.<\/p>\n<p style=\"text-align: justify;\">G\u00fcnl\u00fck siyaset ve ekonomi gazetesi Financial Times ise &#8220;Erdo\u011fan\u2019\u0131n Orta Do\u011fu bar\u0131\u015f\u0131yla ilgili tart\u0131\u015fmay\u0131 k\u0131zg\u0131nl\u0131kla terk etti\u011fi&#8221; ba\u015fl\u0131\u011f\u0131yla verdi\u011fi haberde, &#8220;Davos\u2019taki D\u00fcnya Ekonomik Forumu\u2019nun bu diplomatik kavgayla sars\u0131ld\u0131\u011f\u0131n\u0131&#8221; yazd\u0131.<br \/>\n&#8220;Ya\u015fananlar\u0131n, milletler aras\u0131nda anlay\u0131\u015f olu\u015fturulmas\u0131\u2019 amac\u0131yla yap\u0131lan Davos toplant\u0131lar\u0131nda bug\u00fcne kadar ortaya \u00e7\u0131kan en b\u00fcy\u00fck olaylardan biri oldu\u011fu&#8221; savunulan haberde, &#8220;Erdo\u011fan\u2019\u0131n olaydan sonra d\u00fczenledi\u011fi bas\u0131n toplant\u0131s\u0131nda ise toplant\u0131 moderat\u00f6r\u00fc, Amerikal\u0131 gazeteci David Ignatius\u2019u kendisine s\u00f6z hakk\u0131 vermemekle ele\u015ftirdi\u011fi&#8221; kaydedildi.<br \/>\n&#8220;\u0130ki \u00fclke ili\u015fkilerinin \u0130srail\u2019in Gazze\u2019ye y\u00f6nelik sald\u0131r\u0131lar\u0131ndan k\u00f6t\u00fc etkilendi\u011fi&#8221; de belirtilen haberde, &#8220;T\u00fcrk liderlerin \u0130srail\u2019i s\u0131k s\u0131k a\u011f\u0131r sivil kay\u0131plardan dolay\u0131 ele\u015ftirdikleri&#8221; hat\u0131rlat\u0131ld\u0131.\n<\/p>\n<p style=\"text-align: justify;\"><strong>-BEL\u00c7\u0130KA BASINI-<\/strong><\/p>\n<p style=\"text-align: justify;\">Bel\u00e7ika bas\u0131n\u0131 da konuyla ilgili haberlerinde, &#8220;Erdo\u011fan \u00e7ok k\u0131zd\u0131, Peres \u00f6z\u00fcr diledi&#8221;, &#8220;Erdo\u011fan\u2019dan \u015eimon Peres\u2019e: Siz insanlar\u0131 \u00f6ld\u00fcr\u00fcyorsunuz&#8221;, &#8220;Erdo\u011fan k\u0131zarak Davos tart\u0131\u015fmas\u0131n\u0131 terk etti&#8221; gibi ba\u015fl\u0131klar kulland\u0131.<br \/>\nHaberlerde, &#8220;Erdo\u011fan\u2019\u0131n Davos\u2019taki Gazze tart\u0131\u015fmas\u0131n\u0131 k\u0131zg\u0131nl\u0131kla terk ederken, \u0130srail Cumhurba\u015fkan\u0131 \u015eimon Peres\u2019in uzun konu\u015fmas\u0131na cevap verme hakk\u0131 tan\u0131nmamas\u0131 nedeniyle toplant\u0131y\u0131 d\u00fczenleyenleri k\u0131nad\u0131\u011f\u0131&#8221; ifade edildi.<br \/>\nErdo\u011fan\u2019\u0131n &#8220;Davos\u2019a bir daha gelmem&#8221; \u015feklindeki tepkisine de yer verilen haberlerde, Ba\u015fbakan Erdo\u011fan ve \u0130srail Cumhurba\u015fkan\u0131 aras\u0131ndaki tart\u0131\u015fma detayl\u0131 \u015fekilde anlat\u0131ld\u0131.\n<\/p>\n<p style=\"text-align: justify;\"><strong>-\u0130SPANYA BASINI-<\/strong><\/p>\n<p style=\"text-align: justify;\">\u0130spanya\u2019n\u0131n sa\u011f g\u00f6r\u00fc\u015fl\u00fc ABC gazetesi ise &#8220;Uluslararas\u0131 tansiyon: Gazze diplomasiyi tats\u0131zla\u015ft\u0131r\u0131yor&#8221; ifadesini \u00f6n plana \u00e7\u0131kararak verdi\u011fi haberinde, &#8220;Gerek Davos\u2019ta Erdo\u011fan\u2019\u0131n \u00f6fkelenerek paneli terk etmesi gerekse \u0130spanya Ulusal Mahkemesi\u2019nin 22 temmuz 2002 tarihinde Gazze\u2019de yap\u0131lan sald\u0131r\u0131dan dolay\u0131 \u0130srail hakk\u0131nda soru\u015fturma ba\u015flatmas\u0131 \u0130srail\u2019in Gazze\u2019ye d\u00fczenledi\u011fi son sald\u0131r\u0131lar\u0131n somut sonu\u00e7lar\u0131d\u0131r&#8221; ifadesine yer verdi.<br \/>\nEl Mundo da &#8220;Erdo\u011fan, Gazze\u2019deki \u00f6l\u00fcmlerden Peres\u2019i su\u00e7lad\u0131ktan sonra \u00f6fkelenerek Davos\u2019u terk etti&#8221; ba\u015fl\u0131\u011f\u0131 alt\u0131nda verdi\u011fi haberinde, &#8220;Davos\u2019ta iki g\u00fcnd\u00fcr g\u00f6r\u00fclen sakin ortam\u0131n Erdo\u011fan\u2019\u0131n \u00f6fkeli \u015fekilde panel salonunu terk etmesinden sonra bozuldu\u011funu&#8221; savundu.<br \/>\nKatalan gazetelerinden La Vanguardia ise &#8220;Erdo\u011fan\u2019\u0131n kendisine cevap hakk\u0131 verilmemesine sinirlenerek oturumu terk etti\u011fini&#8221; belirtti, &#8220;ancak bu olaydan dolay\u0131 T\u00fcrkiye ile \u0130srail aras\u0131ndaki tarihi ittifak\u0131n bozulma ihtimalinin oldu\u011funu&#8221; savundu.\n<\/p>\n<p style=\"text-align: justify;\"><strong>-\u00d6LD\u00dcRMEN\u0130N NE OLDU\u011eUNU \u0130Y\u0130 B\u0130L\u0130RS\u0130N- <\/strong><\/p>\n<p style=\"text-align: justify;\">L\u00fcbnan\u2019da Arap\u00e7a olarak yay\u0131mlanan As Safir gazetesi ise konuyla ilgili haberini, &#8220;Erdo\u011fan\u2019dan Peres\u2019e: Sen \u00f6ld\u00fcrmenin ne oldu\u011funu iyi bilirsin&#8221; ba\u015fl\u0131\u011f\u0131yla verdi. Gazete,\u00a0Davos\u2019ta ya\u015fanan olay\u0131n &#8220;T\u00fcrk-\u0130srail ili\u015fkilerindeki en b\u00fcy\u00fck bomba oldu\u011fu&#8221; yorumunu yapt\u0131.<br \/>\nNahar gazetesi ise konuyla ilgili haberini birinci sayfadan verdi ve &#8220;Ba\u015fbakan Erdo\u011fan, Davos\u2019ta Gazze konulu tart\u0131\u015fmay\u0131 terk etti&#8221; ba\u015fl\u0131\u011f\u0131n\u0131 kulland\u0131.\n<\/p>\n<p style=\"text-align: justify;\"><strong>YUNAN\u0130STAN BASININDAN ERDO\u011eAN\u2019A DESTEK<\/strong><\/p>\n<p style=\"text-align: justify;\">Yunan devlet televizyonu NET, Ba\u015fbakan Recep Tayyip Erdo\u011fan\u2019\u0131n d\u00fcn Davos\u2019ta, &#8220;Gezegendeki \u00e7ok ki\u015finin s\u00f6ylemek istediklerini dile getirdi\u011fi&#8221; yorumunu yapt\u0131.<br \/>\nNet, \u0130svi\u00e7re\u2019nin Davos kentinde d\u00fcn yap\u0131lan panelde ya\u015fananlara \u00f6\u011fle haber b\u00fclteninde geni\u015f yer verdi.<br \/>\nOturuma ili\u015fkin geli\u015fmeleri Anadolu Ajans\u0131\u2019n\u0131 kaynak g\u00f6stererek izleyicilerine aktaran NET, ayr\u0131ca \u0130srail Cumhurba\u015fkan\u0131 \u015eimon Perez ve Ba\u015fbakan Erdo\u011fan\u2019\u0131n konu\u015fmalar\u0131ndan baz\u0131 b\u00f6l\u00fcmlerini, g\u00f6r\u00fcnt\u00fc e\u015fli\u011finde yay\u0131mlad\u0131.<br \/>\nNET, yorumsuz olarak geli\u015fmeleri aktard\u0131\u011f\u0131 haberini, &#8220;Asl\u0131nda Ba\u015fbakan Erdo\u011fan gezegenimizdeki \u00e7ok ki\u015finin s\u00f6ylemek istediklerini dile getirdi&#8221; ifadesiyle bitirdi.\n<\/p>\n<p style=\"text-align: justify;\"><strong>&#8220;T\u00dcRK\u0130YE BA\u015eBAKANI, YAHUD\u0130LERE KAR\u015eI DE\u011e\u0130L, KATL\u0130AMLARA KAR\u015eI&#8221;<\/strong><\/p>\n<p style=\"text-align: justify;\">Peres\u2019in &#8220;Gazze\u2019deki katliam\u0131 savunmas\u0131na&#8221; Ba\u015fbakan Erdo\u011fan\u2019\u0131n g\u00f6sterdi\u011fi tepki, \u0130ran bas\u0131n\u0131n\u0131n ana g\u00fcndem maddesini olu\u015fturdu.<br \/>\n\u0130ran devlet televizyonlar\u0131 ve haber ajanslar\u0131, Ba\u015fbakan Erdo\u011fan\u2019\u0131n, &#8220;\u0130srail\u2019in Gazze\u2019de Filistin halk\u0131na y\u00f6nelik katliamlar\u0131na tepkisini&#8221; i\u00e7eren s\u00f6zlerine geni\u015f yer verdi.<br \/>\nBa\u015fbakan Erdo\u011fan\u2019\u0131n, Davos\u2019taki konu\u015fmas\u0131n\u0131 kendi sesinden kesintisiz olarak veren televizyonlar, Erdo\u011fan\u2019\u0131n konu\u015fmalar\u0131n\u0131 izleyicilerine Fars\u00e7a alt yaz\u0131yla duyurdu.<br \/>\nYorum ve de\u011ferlendirmelerde, &#8220;T\u00fcrkiye Ba\u015fbakan\u0131\u2019n\u0131n, T\u00fcrk halk\u0131n\u0131n duygular\u0131na terc\u00fcman oldu\u011fu ve \u0130srail katliamlar\u0131na duyulan \u00f6fkeyi yans\u0131tt\u0131\u011f\u0131&#8221; g\u00f6r\u00fc\u015f\u00fc dile getirildi.<br \/>\nBa\u015fbakan Erdo\u011fan\u2019\u0131n, &#8220;T\u00fcrkiye\u2019nin b\u00fcy\u00fck bir devlet ve bar\u0131\u015f i\u00e7in \u00f6nemli bir akt\u00f6r oldu\u011fu&#8221; mesaj\u0131n\u0131 muhataplar\u0131na iletti\u011fi yorumu yap\u0131l\u0131rken, Erdo\u011fan\u2019\u0131n &#8220;Yahudi kar\u015f\u0131tl\u0131\u011f\u0131na de\u011fil, katliam kar\u015f\u0131tl\u0131\u011f\u0131na&#8221; vurgu yapt\u0131\u011f\u0131 de\u011ferlendirmesinde bulunuldu.<br \/>\nDe\u011ferlendirmelerde, &#8220;M\u00fcttefiki bir \u00fclkeden bu \u015fekilde tepki almas\u0131n\u0131n \u0130srail i\u00e7in b\u00fcy\u00fck bir yenilgi oldu\u011fu&#8221; g\u00f6r\u00fc\u015f\u00fc de savunuldu.<br \/>\nYorumlarda, &#8220;D\u00fcnya genelindeki Yahudi lobileriyle onlar\u0131n etkili olduklar\u0131 uluslararas\u0131 kurulu\u015flar\u0131n, T\u00fcrkiye\u2019ye farkl\u0131 alanlarda bask\u0131 yapacaklar\u0131&#8221; iddias\u0131nda da bulunuldu.<br \/>\nHalk\u0131n gece yar\u0131s\u0131ndan sonra so\u011fu\u011fa ra\u011fmen b\u00fcy\u00fck bir co\u015fkuyla Ba\u015fbakan Erdo\u011fan\u2019\u0131, &#8220;T\u00fcrkiye seninle gurur duyuyor&#8221; \u015feklinde kar\u015f\u0131lamas\u0131n\u0131n &#8220;bir ilk&#8221; oldu\u011fu de\u011ferlendirmesi de yap\u0131ld\u0131.\n<\/p>\n<p style=\"text-align: justify;\"><strong>RUSYA\u2019DA \u0130NTERNET S\u0130TELER\u0130 <\/strong><\/p>\n<p style=\"text-align: justify;\">Rus Vesti televizyonunun internet sitesinde, &#8220;Erdo\u011fan, Peres ile kat\u0131ld\u0131\u011f\u0131 toplant\u0131y\u0131 terk etti&#8221; ba\u015fl\u0131\u011f\u0131yla yay\u0131mlanan haberde, Erdo\u011fan\u2019\u0131n oturumdan ayr\u0131lma an\u0131n\u0131n g\u00f6r\u00fcnt\u00fclerine yer verildi.<br \/>\n&#8220;Mignews&#8221; adl\u0131 internet sitesinde de &#8220;T\u00fcrkiye ve \u0130srail liderleri aras\u0131ndaki konu\u015fma skandala d\u00f6n\u00fc\u015ft\u00fc&#8221; ba\u015fl\u0131\u011f\u0131yla yay\u0131mlanan haberde, &#8220;Ba\u015fta y\u00fcksek sesle konu\u015fmayaca\u011f\u0131n\u0131 a\u00e7\u0131klayan Erdo\u011fan, konu\u015fmas\u0131n\u0131n sonunda adeta ba\u011f\u0131rmaya ba\u015flad\u0131&#8221; denildi.<br \/>\n&#8220;Lenta.ru&#8221; adl\u0131 internet sitesi geli\u015fmeleri &#8220;Erdo\u011fan \u0130stanbul havaliman\u0131nda bir milli kahraman gibi kar\u015f\u0131land\u0131&#8221; ba\u015fl\u0131\u011f\u0131yla duyururken, Komsomolskaya Pravda gazetesinin internet sitesi de, &#8220;Peres ile tart\u0131\u015fan Erdo\u011fan \u00fclkesinde milli kahraman oldu&#8221; ba\u015fl\u0131\u011f\u0131n\u0131 kulland\u0131.<br \/>\n(Radikal,aa)<\/p>\n","protected":false},"excerpt":{"rendered":"<p style=\"text-align: center;\">\n<p style=\"text-align: justify;\">Ba\u015fbakan Erdo\u011fan\u2019\u0131n Davos\u2019taki paneli terk etmesi haber ajanslar\u0131 taraf\u0131ndan son dakika geli\u015fmesi olarak verildi. <\/p>\n<p style=\"text-align: justify;\">\u0130STANBUL &#8211; \u0130svi\u00e7re\u2019nin Davos kentinde &#8220;Gazze: Orta Do\u011fu\u2019da Bar\u0131\u015f Modeli&#8221; oturumunda ve sonras\u0131nda ya\u015fanan geli\u015fmeler, d\u00fcnya bas\u0131n\u0131nda geni\u015f yank\u0131 buldu.<\/p>\n<p style=\"text-align: justify;\">AJANSLAR VE TELEV\u0130ZYONLAR<\/p>\n<p style=\"text-align: justify;\">CNN International: CNN International&#8217;da canl\u0131 yay\u0131nda <\/p>\n","protected":false},"author":1,"featured_media":0,"comment_status":"open","ping_status":"closed","sticky":false,"template":"","format":"standard","meta":{"footnotes":""},"categories":[3],"tags":[],"class_list":["post-10381","post","type-post","status-publish","format-standard","hentry","category-dunya","odd"],"_links":{"self":[{"href":"http:\/\/www.korhanyilmaz.com\/index.php?rest_route=\/wp\/v2\/posts\/10381","targetHints":{"allow":["GET"]}}],"collection":[{"href":"http:\/\/www.korhanyilmaz.com\/index.php?rest_route=\/wp\/v2\/posts"}],"about":[{"href":"http:\/\/www.korhanyilmaz.com\/index.php?rest_route=\/wp\/v2\/types\/post"}],"author":[{"embeddable":true,"href":"http:\/\/www.korhanyilmaz.com\/index.php?rest_route=\/wp\/v2\/users\/1"}],"replies":[{"embeddable":true,"href":"http:\/\/www.korhanyilmaz.com\/index.php?rest_route=%2Fwp%2Fv2%2Fcomments&post=10381"}],"version-history":[{"count":0,"href":"http:\/\/www.korhanyilmaz.com\/index.php?rest_route=\/wp\/v2\/posts\/10381\/revisions"}],"wp:attachment":[{"href":"http:\/\/www.korhanyilmaz.com\/index.php?rest_route=%2Fwp%2Fv2%2Fmedia&parent=10381"}],"wp:term":[{"taxonomy":"category","embeddable":true,"href":"http:\/\/www.korhanyilmaz.com\/index.php?rest_route=%2Fwp%2Fv2%2Fcategories&post=10381"},{"taxonomy":"post_tag","embeddable":true,"href":"http:\/\/www.korhanyilmaz.com\/index.php?rest_route=%2Fwp%2Fv2%2Ftags&post=10381"}],"curies":[{"name":"wp","href":"https:\/\/api.w.org\/{rel}","templated":true}]}}