{"id":10366,"date":"2009-06-22T13:14:52","date_gmt":"2009-06-22T10:14:52","guid":{"rendered":"http:\/\/www.korhanyilmaz.com\/?p=10366"},"modified":"2009-06-22T13:14:52","modified_gmt":"2009-06-22T10:14:52","slug":"vani-sel-aldikopruler-yikildi","status":"publish","type":"post","link":"http:\/\/www.korhanyilmaz.com\/?p=10366","title":{"rendered":"Van&#039;\u0131 Sel Ald\u0131,K\u00f6pr\u00fcler Y\u0131k\u0131ld\u0131"},"content":{"rendered":"<p style=\"text-align: center;\"><img loading=\"lazy\" decoding=\"async\" class=\"aligncenter size-full wp-image-10367\" src=\"http:\/\/www.korhanyilmaz.com\/wp-content\/uploads\/2009\/06\/actuel_1245667752.jpg\" alt=\"\" width=\"270\" height=\"207\" \/><\/p>\n<p style=\"text-align: justify;\">Van\u2019\u0131n Muradiye il\u00e7esinde sel nedeniyle \u00e7ok say\u0131da ev ve i\u015f yeri zarar g\u00f6rd\u00fc. \u0130l\u00e7ede bir haftad\u0131r devam eden \u015fiddetli ya\u011f\u0131\u015f nedeniyle meydana gelen selden \u015eehit Mehmetbey, Fevzi \u00c7akmak ve Karao\u011flan mahalleleri etkilendi. \u00c7ok say\u0131da ev ve i\u015f yerini su bast\u0131, ekili alanlar su alt\u0131nda kald\u0131. Ah\u0131r ve samanl\u0131klar zarar g\u00f6rd\u00fc. Mahallelerle il\u00e7e merkezi aras\u0131nda ula\u015f\u0131m\u0131 sa\u011flayan 4 k\u00f6pr\u00fc y\u0131k\u0131ld\u0131.<!--more--><br \/>\nK\u00f6pr\u00fclerin y\u0131k\u0131lmas\u0131 nedeniyle baz\u0131 yurtta\u015flar ara\u00e7larla, baz\u0131lar\u0131 dizlerine kadar su ve \u00e7amura girerek evlerine ula\u015fabildi. Duruma tepki g\u00f6steren yurtta\u015flar, \u2018\u2019Bizler defalarca yetkililere s\u00f6yledik ama dinleyen olmad\u0131. \u0130\u015fin kolay\u0131n\u0131 bulmu\u015flar, ula\u015f\u0131m\u0131 sa\u011flamak i\u00e7in beton b\u00fczden k\u00f6pr\u00fc yap\u0131l\u0131yor. Bu b\u00f6lgede ayakl\u0131 k\u00f6pr\u00fc olmazsa bu t\u00fcr felaketler tekrarlan\u0131r\u2019\u2019 dedi. Belediye ekipleri, belediye ve \u00f6zel ki\u015filere ait i\u015f makineleriyle sel sular\u0131n\u0131n \u00f6n\u00fcn\u00fc kesmeye \u00e7al\u0131\u015ft\u0131. Baz\u0131 vatanda\u015flar, evlerini sudan korumak i\u00e7in k\u00fcrekle m\u00fcdahalede bulundu.\n<\/p>\n<p style=\"text-align: justify;\"><span style=\"color: #888888;\">AA<\/span><\/p>\n","protected":false},"excerpt":{"rendered":"<p style=\"text-align: center;\">\n<p style=\"text-align: justify;\">Van\u2019\u0131n Muradiye il\u00e7esinde sel nedeniyle \u00e7ok say\u0131da ev ve i\u015f yeri zarar g\u00f6rd\u00fc. \u0130l\u00e7ede bir haftad\u0131r devam eden \u015fiddetli ya\u011f\u0131\u015f nedeniyle meydana gelen selden \u015eehit Mehmetbey, Fevzi \u00c7akmak ve Karao\u011flan mahalleleri etkilendi. \u00c7ok say\u0131da ev ve i\u015f yerini su bast\u0131, ekili alanlar su alt\u0131nda kald\u0131. Ah\u0131r ve samanl\u0131klar zarar g\u00f6rd\u00fc. <\/p>\n","protected":false},"author":1,"featured_media":0,"comment_status":"open","ping_status":"closed","sticky":false,"template":"","format":"standard","meta":{"footnotes":""},"categories":[105],"tags":[],"class_list":["post-10366","post","type-post","status-publish","format-standard","hentry","category-gundem","odd"],"_links":{"self":[{"href":"http:\/\/www.korhanyilmaz.com\/index.php?rest_route=\/wp\/v2\/posts\/10366","targetHints":{"allow":["GET"]}}],"collection":[{"href":"http:\/\/www.korhanyilmaz.com\/index.php?rest_route=\/wp\/v2\/posts"}],"about":[{"href":"http:\/\/www.korhanyilmaz.com\/index.php?rest_route=\/wp\/v2\/types\/post"}],"author":[{"embeddable":true,"href":"http:\/\/www.korhanyilmaz.com\/index.php?rest_route=\/wp\/v2\/users\/1"}],"replies":[{"embeddable":true,"href":"http:\/\/www.korhanyilmaz.com\/index.php?rest_route=%2Fwp%2Fv2%2Fcomments&post=10366"}],"version-history":[{"count":0,"href":"http:\/\/www.korhanyilmaz.com\/index.php?rest_route=\/wp\/v2\/posts\/10366\/revisions"}],"wp:attachment":[{"href":"http:\/\/www.korhanyilmaz.com\/index.php?rest_route=%2Fwp%2Fv2%2Fmedia&parent=10366"}],"wp:term":[{"taxonomy":"category","embeddable":true,"href":"http:\/\/www.korhanyilmaz.com\/index.php?rest_route=%2Fwp%2Fv2%2Fcategories&post=10366"},{"taxonomy":"post_tag","embeddable":true,"href":"http:\/\/www.korhanyilmaz.com\/index.php?rest_route=%2Fwp%2Fv2%2Ftags&post=10366"}],"curies":[{"name":"wp","href":"https:\/\/api.w.org\/{rel}","templated":true}]}}