{"id":10363,"date":"2009-06-22T13:17:50","date_gmt":"2009-06-22T10:17:50","guid":{"rendered":"http:\/\/www.korhanyilmaz.com\/?p=10363"},"modified":"2009-06-22T13:17:50","modified_gmt":"2009-06-22T10:17:50","slug":"fsm-koprusunde-trafik-cilesi-basladi","status":"publish","type":"post","link":"http:\/\/www.korhanyilmaz.com\/?p=10363","title":{"rendered":"FSM K\u00d6PR\u00dcS\u00dcNDE TRAF\u0130K \u00c7\u0130LES\u0130 BA\u015eLADI"},"content":{"rendered":"<p style=\"text-align: center;\"><img loading=\"lazy\" decoding=\"async\" class=\"aligncenter size-full wp-image-10364\" src=\"http:\/\/www.korhanyilmaz.com\/wp-content\/uploads\/2009\/06\/actuel_1245667867.jpg\" alt=\"\" width=\"270\" height=\"207\" \/><\/p>\n<p style=\"text-align: justify;\">\u0130stanbul Fatih Sultan Mehmet K\u00f6pr\u00fcs\u00fc\u2019n\u00fcn 2 \u015feridi onar\u0131m \u00e7al\u0131\u015fmas\u0131 nedeniyle trafi\u011fe kapat\u0131ld\u0131. \u00c7al\u0131\u015fmalar 31 Temmuz\u2019a kadar devam edecek. Fatih Sultan Mehmet K\u00f6pr\u00fcs\u00fc\u2019ndeki \u201cgenle\u015fme derzlerinin de\u011fi\u015ftirilmesi \u00e7al\u0131\u015fmas\u0131\u201d, d\u00fcn gece saat 01.00 s\u0131ralar\u0131nda ba\u015flad\u0131. \u201c\u0130stanbul\u2019daki B\u00fcy\u00fck A\u00e7\u0131kl\u0131kl\u0131 K\u00f6pr\u00fclerin Sismik Takviyesi Projesi\u201d kapsam\u0131nda ger\u00e7ekle\u015ftirilecek \u00e7al\u0131\u015fma, 24 saat esas\u0131na g\u00f6re 4 a\u015famada ger\u00e7ekle\u015ftirilecek. 31 Temmuz Cuma g\u00fcn\u00fc saat 06.00\u2019da tamamlanacak \u00e7al\u0131\u015fman\u0131n her a\u015famas\u0131nda Fatih Sultan Mehmet K\u00f6pr\u00fcs\u00fc\u2019n\u00fcn 2 \u015feridi trafi\u011fe kapat\u0131lacak, di\u011fer istikametten bir \u015ferit al\u0131narak trafik ak\u0131\u015f\u0131 \u00e7al\u0131\u015fma s\u00fcresince her 2 y\u00f6nde 3\u2019er \u015ferit olarak sa\u011flanacak.<\/p>\n","protected":false},"excerpt":{"rendered":"<p style=\"text-align: center;\">\n<p style=\"text-align: justify;\">\u0130stanbul Fatih Sultan Mehmet K\u00f6pr\u00fcs\u00fc\u2019n\u00fcn 2 \u015feridi onar\u0131m \u00e7al\u0131\u015fmas\u0131 nedeniyle trafi\u011fe kapat\u0131ld\u0131. \u00c7al\u0131\u015fmalar 31 Temmuz\u2019a kadar devam edecek. Fatih Sultan Mehmet K\u00f6pr\u00fcs\u00fc\u2019ndeki \u201cgenle\u015fme derzlerinin de\u011fi\u015ftirilmesi \u00e7al\u0131\u015fmas\u0131\u201d, d\u00fcn gece saat 01.00 s\u0131ralar\u0131nda ba\u015flad\u0131. \u201c\u0130stanbul\u2019daki B\u00fcy\u00fck A\u00e7\u0131kl\u0131kl\u0131 K\u00f6pr\u00fclerin Sismik Takviyesi Projesi\u201d kapsam\u0131nda ger\u00e7ekle\u015ftirilecek \u00e7al\u0131\u015fma, 24 saat esas\u0131na g\u00f6re 4 a\u015famada ger\u00e7ekle\u015ftirilecek. 31 <\/p>\n","protected":false},"author":1,"featured_media":0,"comment_status":"open","ping_status":"closed","sticky":false,"template":"","format":"standard","meta":{"footnotes":""},"categories":[105],"tags":[],"class_list":["post-10363","post","type-post","status-publish","format-standard","hentry","category-gundem","odd"],"_links":{"self":[{"href":"http:\/\/www.korhanyilmaz.com\/index.php?rest_route=\/wp\/v2\/posts\/10363","targetHints":{"allow":["GET"]}}],"collection":[{"href":"http:\/\/www.korhanyilmaz.com\/index.php?rest_route=\/wp\/v2\/posts"}],"about":[{"href":"http:\/\/www.korhanyilmaz.com\/index.php?rest_route=\/wp\/v2\/types\/post"}],"author":[{"embeddable":true,"href":"http:\/\/www.korhanyilmaz.com\/index.php?rest_route=\/wp\/v2\/users\/1"}],"replies":[{"embeddable":true,"href":"http:\/\/www.korhanyilmaz.com\/index.php?rest_route=%2Fwp%2Fv2%2Fcomments&post=10363"}],"version-history":[{"count":0,"href":"http:\/\/www.korhanyilmaz.com\/index.php?rest_route=\/wp\/v2\/posts\/10363\/revisions"}],"wp:attachment":[{"href":"http:\/\/www.korhanyilmaz.com\/index.php?rest_route=%2Fwp%2Fv2%2Fmedia&parent=10363"}],"wp:term":[{"taxonomy":"category","embeddable":true,"href":"http:\/\/www.korhanyilmaz.com\/index.php?rest_route=%2Fwp%2Fv2%2Fcategories&post=10363"},{"taxonomy":"post_tag","embeddable":true,"href":"http:\/\/www.korhanyilmaz.com\/index.php?rest_route=%2Fwp%2Fv2%2Ftags&post=10363"}],"curies":[{"name":"wp","href":"https:\/\/api.w.org\/{rel}","templated":true}]}}