{"id":10358,"date":"2009-06-22T12:53:10","date_gmt":"2009-06-22T09:53:10","guid":{"rendered":"http:\/\/www.korhanyilmaz.com\/?p=10358"},"modified":"2009-06-22T12:53:10","modified_gmt":"2009-06-22T09:53:10","slug":"alper-tas-odp-baskani","status":"publish","type":"post","link":"http:\/\/www.korhanyilmaz.com\/?p=10358","title":{"rendered":"ALPER TA\u015e, \u00d6DP BA\u015eKANI"},"content":{"rendered":"<p style=\"text-align: center;\"><img loading=\"lazy\" decoding=\"async\" class=\"aligncenter size-full wp-image-10359\" src=\"http:\/\/www.korhanyilmaz.com\/wp-content\/uploads\/2009\/06\/actuel_1245667560.jpg\" alt=\"\" width=\"270\" height=\"207\" \/><\/p>\n<p style=\"text-align: justify;\">6. Kongrede Genel Ba\u015fkan se\u00e7ilen Alper Ta\u015f, \u201c\u00d6DP, antiemperyalist m\u00fccadelenin \u00f6nem kazand\u0131\u011f\u0131 g\u00fcn\u00fcm\u00fczde m\u00fccadele hatt\u0131n\u0131 daha da belirginle\u015ftirecek, kapitalizmin t\u00fcm ma\u011fdurlar\u0131n\u0131 enternasyonalist bir \u00e7izgide \u00f6rg\u00fctleyerek emek\u00e7ilerin partisi olacak\u201d dedi<br \/>\n<strong>\u00d6ZLEM ZORCAN ANKARA<\/strong><\/p>\n<p style=\"text-align: justify;\">\u00d6DP 6. Konferans\u0131\u2019n\u0131n ard\u0131ndan d\u00fczenlenen kongrede, Genel Ba\u015fkan Yard\u0131mc\u0131s\u0131 Alper Ta\u015f, genel ba\u015fkanl\u0131\u011fa se\u00e7ildi. 590 delegenin oy kulland\u0131\u011f\u0131 se\u00e7imde, 13 oy ge\u00e7ersiz say\u0131l\u0131rken 577 oy \u2018Alper Ta\u015f\u2019 dedi.<br \/>\n\u0130n\u015faat M\u00fchendisleri Odas\u0131\u2019nda d\u00fczenlenen kongrede g\u00f6revini Alper Ta\u015f\u2019a devreden Hayri Kozano\u011flu, Ta\u015f\u2019\u0131n soyad\u0131na at\u0131fta bulunarak, \u201cKimileri \u2018\u00d6DP\u2019de Ta\u015f Devri mi ba\u015flad\u0131?\u2019 diyebilir. Ancak as\u0131l olarak sosyalistlerde ta\u015f \u00fcst\u00fcnde ta\u015f b\u0131rakmama, ta\u015f gibi durma zaman\u0131 ba\u015flam\u0131\u015ft\u0131r\u201d dedi.<!--more--><br \/>\nKozano\u011flu, Ba\u015fbakan Recep Tayyip Erdo\u011fan\u2019a seslenerek, \u201cSen uzun boyluysan bizim ba\u015fkan\u0131m\u0131z da uzun boylu, sen futbolcuysan bizim ba\u015fkan\u0131m\u0131z da futbolcu, sen Rizeliysen i\u015fte bizim ba\u015fkan\u0131m\u0131z da Rizeli, hem de vicdanl\u0131s\u0131, devrimcisi, y\u00fcre\u011fi yoksuldan ezilenden yana atan\u0131. G\u00f6revimi karde\u015fim kadar sevdi\u011fim, y\u00fcre\u011fi insan sevgisiyle dolu biri devrald\u0131\u011f\u0131 i\u00e7in \u00e7ok mutluyum\u201d diye konu\u015ftu.<br \/>\nDevrimcili\u011fin \u2018vicdan pusulas\u0131\u2019 oldu\u011funu ifade eden Kozano\u011flu, \u015funlar\u0131 kaydetti:<br \/>\n\u201cO pusula \u2018senin farkl\u0131 sorumluluklar\u0131n var\u2019 der. Bizler, devletin katletti\u011fi devrimci ki\u015filiklerin cuntac\u0131, darbeci ilan edilmesine asla izin vermedik. Bundan sonra da vermeyiz. Bizim tan\u0131k oldu\u011fumuz tarihi birilerinin yeniden yazmas\u0131 s\u00f6z konusu bile olamaz.\u201d<\/p>\n<p style=\"text-align: justify;\"><strong>\u2018SOSYAL\u0130STLER\u0130N \u0130\u015e\u0130 DE\u011e\u0130L\u2019<\/strong><br \/>\nAlk\u0131\u015flarla k\u00fcrs\u00fcye gelen Ta\u015f ise, Kozano\u011flu\u2019nun partideki varl\u0131\u011f\u0131n\u0131 bundan sonra parti meclisi \u00fcyesi olarak s\u00fcrd\u00fcrecek olmas\u0131n\u0131n \u00f6rnek bir davran\u0131\u015f oldu\u011funu belirtti.<br \/>\nTa\u015f, k\u0131sa bir s\u00fcre \u00f6nce partiden istifa edenlere de\u011finerek, \u201cYollar\u0131m\u0131z\u0131n ayr\u0131ld\u0131\u011f\u0131 arkada\u015flarla bu noktaya gelmemizin nedeni politik ayr\u0131l\u0131kt\u0131r. Ayr\u0131lanlar ba\u015fka bir siyasal projeye inan\u0131yorlar ve bunu in\u015fa etmek \u00fczere \u00e7al\u0131\u015facaklard\u0131r. Onlara ba\u015far\u0131lar dilerken \u015funu s\u00f6yleyebiliriz, bu memleketin sosyal demokrat bir partiye ihtiyac\u0131 olabilir ancak bu sosyalistlerin i\u015fi de\u011fildir\u201d diye konu\u015ftu.<\/p>\n<p style=\"text-align: justify;\"><strong>\u2018YET\u0130M HAKKI Y\u0130YENDEN HESAP SORACA\u011eIZ\u2019<\/strong><br \/>\nPiyasa d\u00fczeninin \u2018herkes kendi ba\u015f\u0131n\u0131n \u00e7aresine baks\u0131n\u2019 d\u00fczeni oldu\u011funu vurgulayan Ta\u015f, \u201cYetimlerin hakk\u0131n\u0131 yiyerek zenginle\u015fenlerden, yetimlerin hesab\u0131n\u0131 soraca\u011f\u0131z. Kendisi bu d\u00fcnya nimetlerinden yararlan\u0131rken, yoksullara \u00f6b\u00fcr d\u00fcnyay\u0131 g\u00f6sterenlere \u2018yok \u00f6yle ya\u011fma\u2019 diyece\u011fiz. A\u00e7l\u0131k ve sefalete raz\u0131 olmayaca\u011f\u0131z, sesimizi daha da g\u00fcr bir \u015fekilde \u00e7\u0131karaca\u011f\u0131z. Onlar\u0131n \u2018I\u015f\u0131k Evi\u2019 varsa, devrimcilerin de T\u00fcrkiye\u2019nin d\u00f6rt bir yan\u0131nda \u2018Dayan\u0131\u015fma Evi\u2019 olacak\u201d dedi.<br \/>\nTa\u015f, T\u00fcrkiye toplumunu emek eksenli bir \u00e7izgiyle yeniden kuracak g\u00fcc\u00fcn ba\u011f\u0131ms\u0131z, sosyalist bir g\u00fc\u00e7 oldu\u011funu vurgulayarak \u015funlar\u0131 kaydetti:<br \/>\n\u201c\u00d6DP, antiemperyalist ve sava\u015f kar\u015f\u0131t\u0131 m\u00fccadelenin b\u00fcy\u00fck bir \u00f6nem kazand\u0131\u011f\u0131 g\u00fcn\u00fcm\u00fczde m\u00fccadele hatt\u0131n\u0131 daha da belirginle\u015ftirecektir. \u00d6DP, kapitalist sistemin ma\u011fdurlar\u0131n\u0131n b\u00fct\u00fcn\u00fc \u00f6rg\u00fctleyecek, enternasyonalist bir \u00e7izgide emek\u00e7ilerin ve ezilenlerin partisi olacakt\u0131r. Partimiz, \u00f6rg\u00fctlenme anlay\u0131\u015f\u0131n\u0131 yenileyecek, \u00e7al\u0131\u015fma ve ya\u015fama alanlar\u0131nda yeni pratiklerin yarat\u0131lmas\u0131n\u0131 sa\u011flayacakt\u0131r. \u0130\u00e7 demokrasisini geli\u015ftirecek, ba\u015fkan merkezli de\u011fil, \u00f6rg\u00fct merkezli bir partiyi in\u015fa edecek, parti formuna s\u0131k\u0131\u015fmayacakt\u0131r.\u201d<\/p>\n<p style=\"text-align: justify;\"><strong>\u2018BASKI VE KORKU REJ\u0130M\u0130 OLU\u015eTURULUYOR\u2019<\/strong><br \/>\nErgenekon Davas\u0131\u2019na da de\u011finen Ta\u015f, \u201cErgenekon, ABD, ordu ve AKP aras\u0131ndaki uzla\u015fmayla \u00e7\u0131km\u0131\u015ft\u0131r. Ergenekon, son kullanma tarihi ge\u00e7enlerin tasviyesidir. Biz parti olarak elbette eski rejimin pisliklerinin a\u00e7\u0131\u011fa \u00e7\u0131kmas\u0131na seviniriz. Ancak AKP, Ergenekon\u2019la halka kar\u015f\u0131 su\u00e7 i\u015flemi\u015flerle, AKP\u2019ye muhalefet edenleri ayn\u0131la\u015ft\u0131r\u0131yor. Yeni bir bask\u0131 ve korku rejiminin temelleri at\u0131l\u0131yor. Biz buna kar\u015f\u0131 direnece\u011fiz\u201d diye konu\u015ftu.<\/p>\n<p style=\"text-align: justify;\"><strong>\u2018TUTUKLANAN DTP\u2019L\u0130LER BIRAKILSIN\u2019<\/strong><br \/>\nT\u00fcrkiye\u2019nin en yak\u0131c\u0131 sorununun K\u00fcrt sorunu oldu\u011funu ifade eden Ta\u015f, \u015f\u00f6yle konu\u015ftu:<br \/>\n\u201cK\u00fcrt halk\u0131n\u0131n kendi kimli\u011fiyle var olma hakk\u0131n\u0131n yan\u0131nday\u0131z. K\u00fcrt hareketiyle ele\u015ftirel bir dayan\u0131\u015fma i\u00e7inde olaca\u011f\u0131z. Yerel se\u00e7imleri referanduma d\u00f6n\u00fc\u015ft\u00fcren ancak kaybeden AKP H\u00fck\u00fcmeti, DTP\u2019ye y\u00f6nelik operasyonlar geli\u015ftirdi. Bizler DTP\u2019ye y\u00f6nelik operasyonlardan vazge\u00e7ilmesini ve tutuklananlar\u0131n serbest b\u0131rak\u0131lmas\u0131n\u0131 istiyoruz. Bizler halklar\u0131n bir arada ya\u015fayabilmesini savunuyoruz\u201d diye konu\u015ftu\u201d<br \/>\nTa\u015f, s\u00f6zlerini, \u201c\u00dclkeyi bu hale biz getirmedik, o y\u00fczden bizler ba\u015f\u0131 dik, aln\u0131 a\u00e7\u0131k olarak y\u00fcr\u00fcyebiliriz. Bu halk\u0131n bizim y\u00fcr\u00fcy\u00fc\u015f\u00fcm\u00fcze, bizim de y\u00fcr\u00fcy\u00fc\u015fe ihtiyac\u0131m\u0131z var\u201d diye bitirdi.<br \/>\n**<br \/>\n<strong>PART\u0130 MECL\u0130S\u0130 L\u0130STES\u0130<\/strong><br \/>\n\u00bbGenel Ba\u015fkan: Alper Ta\u015f<br \/>\n\u00bbParti Meclisi: Hayri Kozano\u011flu, \u00c7i\u00e7ek \u00c7atalkaya (K), \u00d6nder \u0130\u015fleyen, Sevgi G\u00f6\u011f\u00e7e (K) (F), Bar\u0131\u015f \u0130nce, Kemal Ulusaler, Erbay Yucak, Sema Solakl\u0131 (K), Halil Ertun\u00e7, H\u00fcseyin Ye\u015fil, \u0130lknur Ba\u015fer (K) (F), Y\u0131lmaz Eren, Deniz Bulunmaz, Kader \u00c7e\u015fmecio\u011flu (K), Onur K\u0131l\u0131\u00e7, Adnan Korkmaz, Ba\u015faran Aksu, Asl\u0131 O\u011fuz (K) (F),<br \/>\n\u0130lknur Kaya Bahad\u0131r (K) (F), Mahmut Memduh Uyan, Ay\u015fen \u00d6z (K) (F), Cemal \u00c7ak\u0131c\u0131, Murat S\u00fcmer, \u0130smail Hakk\u0131 Tombul (F), Metehan Akbulut (F), Ali Pa\u015fa \u015eanl\u0131 (F), Sevim Ula\u015f (K), Deniz Eylem Durgun (K), Dersim G\u00fcl, Feray Aydo\u011fan (K) (F), Ozan S\u00fcrer, Can Hasano\u011flu, Cemal Do\u011fan, Haydar \u0130lker, \u0130brahim Uluta\u015f,<br \/>\nMutlu Arslan, Abdulkerim D\u00f6nmez, Merhamet \u015eahin (K), Naime Turun\u00e7 (K), Necmi Erdo\u011fan, Abdullah Kahraman, Ayd\u0131n Sucu, Deniz Demird\u00f6\u011fen,<br \/>\nSema Yazar \u00d6z\u00e7etin (K), \u015eule Daldal (K), Emine \u00d6zger (K), Ra\u015fit Koparan, Suna Co\u015fkun (K), Kamil Alptekin (F), Nevzat \u00c7olak, Necati Ala\u00e7am, \u015eenol Eskin,<br \/>\n\u00dcnsal Y\u0131ld\u0131z (F), Nilg\u00fcn Y\u0131ld\u0131r\u0131m (K), \u015eaban \u00d6zdemir, Yusuf Yenig\u00fcl, Hasan Hay\u0131r, Zehra Sava\u015f T\u0131naz (K), Turan Ayg\u00fcn (F), Zeliha \u00c7al\u0131k (K) (F)<br \/>\n**<br \/>\n\u00bbMerkez Disiplin Kurulu:<br \/>\nHamiyet K\u0131z\u0131ler (K), Hasan Tatar, D\u00f6ne G\u00fcnay Kahraman (K), Avni G\u00fcndo\u011fan, \u0130smet Ku\u015fkonmaz,<br \/>\nNurten \u00c7a\u011flar Yak\u0131\u015f (K), Nur\u00e7il Soykut (K)<br \/>\n**<br \/>\n\u0130smail Hakk\u0131 Tombul (\u00d6DP Parti Meclisi \u00fcyesi):<br \/>\n\u00d6DP, 6. Konferans ve Kongresiyle \u00f6rg\u00fct merkezli bir parti in\u015fas\u0131 i\u00e7in start verdi.l \u015eimdi kararl\u0131l\u0131k ve co\u015fkuyla T\u00fcrkiye devrimci hareketinin in\u015fas\u0131 i\u00e7in \u00fczerine d\u00fc\u015fen sorumluluklar\u0131 yerine getirecektir.<br \/>\nAbdullah Kahraman (\u00d6DP Parti Meclisi \u00fcyesi):<br \/>\n\u00d6DP, ne \u015feriat ne darbe diyerek, ne refahyol ne haz\u0131r ol diyerek bug\u00fcnlere geldi. Ke\u015fke olmasayd\u0131 ancak y\u00fcr\u00fcy\u00fc\u015f\u00fcm\u00fczde ayr\u0131lanlar oldu. S\u00fcre\u00e7 politik bir ayr\u0131\u015fmay\u0131 zorunlu k\u0131ld\u0131. Ancak konferans ve konfrede g\u00f6rd\u00fck ki, \u00d6DP ve \u00d6DP\u2019lilerin co\u015fkusu ve kalabal\u0131\u011f\u0131 daha da artmaktad\u0131r. Gen\u00e7lerin ve kad\u0131nlar\u0131n ilgili bunun g\u00f6stergesidir. \u00d6n\u00fcm\u00fczdeki d\u00f6nemde i\u00e7 tart\u0131\u015fmalar\u0131ndan ar\u0131nm\u0131\u015f ve sistemle m\u00fccadelesini daha geni\u015f \u00e7apl\u0131 yapan bir \u00d6DP g\u00f6rece\u011fiz.<br \/>\n\u0130mam Canpolat (T\u00fcrkiye Bar\u0131\u015f Meclisi Sekretarya \u00dcyesi):<br \/>\n\u00d6DP, bar\u0131\u015f \u00e7al\u0131\u015fmalar\u0131m\u0131z\u0131n temel dinami\u011fidir. Bundan sonraki s\u00fcre\u00e7te de, \u00d6DP\u2019nin ba\u015fta K\u00fcrt sorununun \u00e7\u00f6z\u00fcm\u00fc olmak \u00fczere pek \u00e7ok T\u00fcrkiye sorununun \u00e7\u00f6z\u00fcm\u00fcne g\u00fc\u00e7l\u00fc bir katk\u0131 sa\u011flayaca\u011f\u0131n\u0131 g\u00f6r\u00fcyoruz.\u201d<br \/>\nOsman Bi\u00e7er (BES Genel Ba\u015fkan\u0131):<br \/>\n\u00d6DP, kendi i\u00e7 bar\u0131\u015f\u0131n\u0131 sa\u011flam\u0131\u015ft\u0131r. Konferans ve kongre \u00d6DP\u2019nin g\u00fc\u00e7l\u00fc bir dinamizm ta\u015f\u0131d\u0131\u011f\u0131n\u0131 g\u00f6stermi\u015ftir. \u00d6n\u00fcm\u00fczdeki s\u00fcre\u00e7te, soka\u011fa daha fazla g\u00f6rev d\u00fc\u015fmektedir.<br \/>\n<strong>**<br \/>\nKongreden notlar<\/strong><br \/>\n\u00bbKongrenin d\u00fczenlendi\u011fi salona, \u201c\u00d6zg\u00fcr demokratik bir T\u00fcrkiye i\u00e7in, bir arada ya\u015fam\u0131 savunmak i\u00e7in, eme\u011fimize, bedenimize kimli\u011fimize sahip \u00e7\u0131kmak i\u00e7in, kad\u0131nlar vard\u0131r!\u201d ve \u201cSen yolunda y\u00fcr\u00fc b\u0131rak ne derlerse desinler\u201d yaz\u0131l\u0131 pankartlar as\u0131ld\u0131.<br \/>\n\u00bb\u00d6DP tarihinden kesitlerin yer ald\u0131\u011f\u0131 slayt g\u00f6sterisinin d\u00fczenlendi\u011fi kongrede, konu\u015fmalara ge\u00e7ilmeden \u00f6nce, devrimci m\u00fccadelede ya\u015fam\u0131n\u0131 yitirenlerin an\u0131s\u0131na sayg\u0131 duru\u015funda bulunuldu.<br \/>\n\u00bbSalonda s\u0131k s\u0131k, \u201cDevrim yolunda, 13 ya\u015f\u0131nda ya\u015fas\u0131n \u00f6zg\u00fcrl\u00fck dayan\u0131\u015fma\u201d, Mahir, H\u00fcseyin, Ula\u015f, kurtulu\u015fa kadar sava\u015f\u201d, \u201cZam, zul\u00fcm i\u015fkence, i\u015fte AKP\u201d sloganlar\u0131 at\u0131ld\u0131.<br \/>\n\u00bbKongrede yer alan konuklar aras\u0131nda, Almanya Sol Parti, Fransa Yeni Anti Kapitalist Parti, Yeni K\u0131br\u0131s Partisi temsilcilerinin yan\u0131 s\u0131ra, KESK Genel Sekreteri Emirali \u015eim\u015fek, E\u011fitim Sen Genel Sekreteri Mehmet Bozbeyik, Tar\u0131m Orkam Sen Genel Ba\u015fkan\u0131 Y\u00fccel G\u00fcl, T\u00fcmbelsen \u00d6rg\u00fctlenme Sekreteri Nurettin K\u0131n\u0131k, TKP Genel Ba\u015fkan\u0131 Erkan Ba\u015f ve \u00fcye Metin \u00c7uhao\u011flu ile Metin B\u0131\u00e7ak, EMEP Genel Ba\u015fkan Yard\u0131mc\u0131s\u0131 Haydar Kaya, Halk Cephesi Temsilcisi Erdin\u00e7 Ero\u011flu, DTP Parti Meclisi \u00fcyesi Ali R\u0131za Yurtsever, Yeni H\u00fcrses\u2019den Murat Kanatl\u0131, Toplumsal \u00d6zg\u00fcrl\u00fck Platformu\u2019ndan Turgay Y\u0131lmaz, 78\u2019liler Giri\u015fimi Vakf\u0131 \u0130stanbul \u015eube Ba\u015fkan\u0131 Celalettin Can, T\u00fcrkiye Bar\u0131\u015f Meclisi Y\u00fcr\u00fctme \u00fcyelerinden \u0130mam Canpolat ve Ali \u015e\u00fckran Akta\u015f da yer ald\u0131.\n<\/p>\n<p style=\"text-align: justify;\"><a href=\"http:\/\/www.birgun.net\/actuel_index.php?news_code=1245664389&amp;year=2009&amp;month=06&amp;day=22\" target=\"_blank\">Kaynak : Birg\u00fcn<\/a><\/p>\n","protected":false},"excerpt":{"rendered":"<p style=\"text-align: center;\">\n<p style=\"text-align: justify;\">6. Kongrede Genel Ba\u015fkan se\u00e7ilen Alper Ta\u015f, \u201c\u00d6DP, antiemperyalist m\u00fccadelenin \u00f6nem kazand\u0131\u011f\u0131 g\u00fcn\u00fcm\u00fczde m\u00fccadele hatt\u0131n\u0131 daha da belirginle\u015ftirecek, kapitalizmin t\u00fcm ma\u011fdurlar\u0131n\u0131 enternasyonalist bir \u00e7izgide \u00f6rg\u00fctleyerek emek\u00e7ilerin partisi olacak\u201d dedi \u00d6ZLEM ZORCAN ANKARA<\/p>\n<p style=\"text-align: justify;\">\u00d6DP 6. Konferans\u0131\u2019n\u0131n ard\u0131ndan d\u00fczenlenen kongrede, Genel Ba\u015fkan Yard\u0131mc\u0131s\u0131 Alper Ta\u015f, genel ba\u015fkanl\u0131\u011fa se\u00e7ildi. 590 delegenin <\/p>\n","protected":false},"author":1,"featured_media":0,"comment_status":"open","ping_status":"closed","sticky":false,"template":"","format":"standard","meta":{"footnotes":""},"categories":[105],"tags":[],"class_list":["post-10358","post","type-post","status-publish","format-standard","hentry","category-gundem","odd"],"_links":{"self":[{"href":"http:\/\/www.korhanyilmaz.com\/index.php?rest_route=\/wp\/v2\/posts\/10358","targetHints":{"allow":["GET"]}}],"collection":[{"href":"http:\/\/www.korhanyilmaz.com\/index.php?rest_route=\/wp\/v2\/posts"}],"about":[{"href":"http:\/\/www.korhanyilmaz.com\/index.php?rest_route=\/wp\/v2\/types\/post"}],"author":[{"embeddable":true,"href":"http:\/\/www.korhanyilmaz.com\/index.php?rest_route=\/wp\/v2\/users\/1"}],"replies":[{"embeddable":true,"href":"http:\/\/www.korhanyilmaz.com\/index.php?rest_route=%2Fwp%2Fv2%2Fcomments&post=10358"}],"version-history":[{"count":0,"href":"http:\/\/www.korhanyilmaz.com\/index.php?rest_route=\/wp\/v2\/posts\/10358\/revisions"}],"wp:attachment":[{"href":"http:\/\/www.korhanyilmaz.com\/index.php?rest_route=%2Fwp%2Fv2%2Fmedia&parent=10358"}],"wp:term":[{"taxonomy":"category","embeddable":true,"href":"http:\/\/www.korhanyilmaz.com\/index.php?rest_route=%2Fwp%2Fv2%2Fcategories&post=10358"},{"taxonomy":"post_tag","embeddable":true,"href":"http:\/\/www.korhanyilmaz.com\/index.php?rest_route=%2Fwp%2Fv2%2Ftags&post=10358"}],"curies":[{"name":"wp","href":"https:\/\/api.w.org\/{rel}","templated":true}]}}