{"id":10353,"date":"2009-06-22T13:05:06","date_gmt":"2009-06-22T10:05:06","guid":{"rendered":"http:\/\/www.korhanyilmaz.com\/?p=10353"},"modified":"2009-06-22T13:05:06","modified_gmt":"2009-06-22T10:05:06","slug":"%e2%80%98belge%e2%80%99-gulen%e2%80%99i-mesrulastiriyor","status":"publish","type":"post","link":"http:\/\/www.korhanyilmaz.com\/?p=10353","title":{"rendered":"\u2018BELGE\u2019 G\u00dcLEN\u2019\u0130 ME\u015eRULA\u015eTIRIYOR"},"content":{"rendered":"<p style=\"text-align: center;\"><img loading=\"lazy\" decoding=\"async\" class=\"aligncenter size-full wp-image-10354\" src=\"http:\/\/www.korhanyilmaz.com\/wp-content\/uploads\/2009\/06\/report_1245666651.jpg\" alt=\"\" width=\"324\" height=\"214\" \/><\/p>\n<p style=\"text-align: justify;\">\u2018Belge\u2019nin ortaya \u00e7\u0131kmas\u0131yla AKP ile G\u00fclen cemaati de me\u015frula\u015ft\u0131r\u0131l\u0131yor. B\u00f6ylece bu cemaati de demokratik siyasal ya\u015fam\u0131n bir par\u00e7as\u0131 olarak g\u00f6rmeye \u00e7a\u011fr\u0131ld\u0131k.<\/p>\n<p style=\"text-align: justify;\"><strong>\u2018BELGE ERGENEKON SAVCILARINDAYDI\u2019<\/strong><br \/>\nS\u00f6z\u00fc edilen \u2018belge\u2019 zaten Ergenekon savc\u0131lar\u0131n\u0131n elindeydi, Ergenekon soru\u015fturmas\u0131n\u0131n kan\u0131tlar\u0131 aras\u0131ndayd\u0131. Ama zaten soru\u015fturuluyordu. Soru\u015fturulmas\u0131 zorunluydu. B\u00f6ylece ba\u015fland\u0131\u011f\u0131 yere d\u00f6n\u00fcl\u00fcrken AKP m\u00fcdahil olma hakk\u0131n\u0131 kullanmaya sevk edildi. Ancak bu s\u00fcre\u00e7te AKP ile birlikte Fethullah G\u00fclen cemaati de me\u015frula\u015ft\u0131r\u0131l\u0131yor. Bu tart\u0131\u015fmayla, Fethullah G\u00fclen cemaatini de demokratik siyasal ya\u015fam\u0131n bir par\u00e7as\u0131 olarak g\u00f6rmeye \u00e7a\u011fr\u0131lm\u0131\u015f olduk.<\/p>\n<p style=\"text-align: justify;\"><strong>EN K\u00c2RLI \u00c7IKAN \u2018CEMAAT\u2019 OLDU<\/strong><br \/>\nBu \u2018plan\u2019 tart\u0131\u015fmas\u0131ndan en k\u00e2rl\u0131 \u00e7\u0131kan Fethullah G\u00fclen cemaati oldu. AKP h\u00fck\u00fcmetinin yan\u0131 s\u0131ra kendisinin de demokrasi icab\u0131 savunulmas\u0131 zorunlu \u2018haklar\u0131\u2019n\u0131n var oldu\u011fu kanaatini kontrol alt\u0131nda tuttu\u011fu medya ve siyaset kanallar\u0131yla topluma dayatm\u0131\u015f oldu. Sanki iktidarda AKP-G\u00fclen koalisyonu varm\u0131\u015f gibi oldu. O y\u00fczden Genelkurmay da art\u0131k AKP\u2019den de\u011fil, \u2018cemaat\u2019ten \u015fik\u00e2yet\u00e7i. AKP ile asker aras\u0131ndaki yak\u0131nla\u015fma bununla da ilgili olabilir.<!--more--><\/p>\n<p style=\"text-align: justify;\">\u201cT\u00fcrkiye\u2019de asker, benzetmek m\u00fcmk\u00fcnse gidi\u015fata &#8216;\u015eili usul\u00fc&#8217; uyum g\u00f6stermeyi tercih ediyor. Askerler de k\u00fcresel denklemin ve bunun i\u00e7e yans\u0131mas\u0131n\u0131n ne oldu\u011funun fark\u0131nda. Fakat kurumun tamam\u0131n\u0131 yeniden d\u00fczenlemek istemiyor. T\u00fcrkiye sermayesinin de durumu ayn\u0131\u201d<br \/>\n10 g\u00fcnd\u00fcr Kurmay Albay Dursun \u00c7i\u00e7ek\u2019e ait oldu\u011fu iddia edilen belge tart\u0131\u015f\u0131l\u0131yor. Genelkurmay Ba\u015fkanl\u0131\u011f\u0131 3. Bilgi Destek M\u00fcd\u00fcr\u00fc Deniz Kurmay Albay Dursun \u00c7i\u00e7ek\u2019e eski mesai arkada\u015f\u0131 ve Ergenekon soru\u015fturmas\u0131nda tutuklu avukat Serdar \u00d6zt\u00fcrk\u2019\u00fcn b\u00fcrosunda ele ge\u00e7irildi\u011fi s\u00f6ylenen belgenin Taraf gazetesinde yay\u0131nlanmas\u0131yla kamuoyu bilgi sahibi oldu.<br \/>\nAKP ve Fettullah G\u00fclen cemaatini hedef ald\u0131\u011f\u0131 ileri s\u00fcr\u00fclen &#8216;\u0130lticayla M\u00fccadele Eylem Plan\u0131&#8217; ba\u015fl\u0131kl\u0131 belgeyle ilgili geli\u015fmeleri, tart\u0131\u015fmalar\u0131 ve bu tart\u0131\u015fmalarda \u00f6nemli yere sahip Taraf gazetesinin yay\u0131n politikas\u0131na ili\u015fkin dillendirilen ele\u015ftirileri Ba\u011f\u0131ms\u0131z \u0130leti\u015fim A\u011f\u0131\u2019n\u0131n Genel Koordinat\u00f6r\u00fc, gazeteci, yazar Ertu\u011frul K\u00fcrk\u00e7\u00fc ile konu\u015ftuk. Ayr\u0131ca SHP Genel Ba\u015fkan\u0131 H\u00fcseyin Erg\u00fcn\u2019\u00fcn, sol \u00fczerine yapm\u0131\u015f oldu\u011fu de\u011ferlendirme konusunda K\u00fcrk\u00e7\u00fc\u2019n\u00fcn g\u00f6r\u00fc\u015f\u00fcn\u00fc de ald\u0131k.<\/p>\n<p style=\"text-align: justify;\">\u00bbAKP ve Fettullah G\u00fclen cemaatini hedef ald\u0131\u011f\u0131 ileri s\u00fcr\u00fclen &#8216;\u0130rticayla M\u00fccadele Eylem Plan\u0131&#8217; belgesiyle ilgili s\u00fcren tart\u0131\u015fmalar\u0131 nas\u0131l de\u011ferlendiriyorsunuz?<br \/>\nBu, asl\u0131nda s\u00fcregelen gerilimin, m\u00fccadelenin bug\u00fcn ald\u0131\u011f\u0131 yeni bi\u00e7imlerden biri. Bu belge yay\u0131mlad\u0131 veya ortaya \u00e7\u0131kt\u0131 diye bir \u00e7at\u0131\u015fma ortaya \u00e7\u0131km\u0131\u015f de\u011fil.<\/p>\n<p style=\"text-align: justify;\">\u00bbDevam eden hangi m\u00fccadelede?<br \/>\nEgemenler aras\u0131ndaki iktidar m\u00fccadelesi. Stat\u00fcko, otoriter\/milliyet\u00e7i bir rejim ekseninde mi, muhafazak\u00e2r\/ liberal bir rejim ekseninde mi tesis edilecek? Sermaye sahipleri ve egemenler aras\u0131ndaki ikilik bu soru \u00e7evresinde d\u00f6nmeye devam ediyor. &#8216;\u0130rticayla M\u00fccadele Plan\u0131&#8217;yla ba\u015flayan tart\u0131\u015fmay\u0131 bu gerilimin bir yans\u0131mas\u0131 veya yeni bir a\u015famas\u0131 olarak g\u00f6rebiliriz. \u015e\u00f6yle olmuyor: Taraf gazetesi, herhangi bir belgeyi yay\u0131nlad\u0131\u011f\u0131 i\u00e7in, T\u00fcrkiye gerilim ya\u015fam\u0131yor. Gerilim var oldu\u011fu i\u00e7in ve \u00e7e\u015fitli y\u00f6nleriyle a\u00e7\u0131\u011fa \u00e7\u0131kt\u0131\u011f\u0131 i\u00e7in taraflardan biri tart\u0131\u015fmaya, Taraf gazetesi \u00fczerinden de kat\u0131l\u0131yor.<\/p>\n<p style=\"text-align: justify;\">\u00bbErgenekon ile ba\u015flayan bu s\u00fcre\u00e7, askerin sivil siyaset \u00fczerindeki vesayetine ve toplumu bi\u00e7imlendirme \u00e7abalar\u0131na kar\u015f\u0131 bir m\u00fccadele mi?<br \/>\nBu s\u00fcrecin Ergenekon\u2019un devam\u0131 oldu\u011funa kat\u0131l\u0131r\u0131m. Fakat Ergenekon\u2019u, merkezi bir devlet \u00f6rg\u00fct\u00fc olarak g\u00f6rm\u00fcyorum. Ergenekon, eksantrik bir \u00f6rg\u00fct. Merkezi devlet ayg\u0131t\u0131n\u0131n d\u0131\u015f\u0131na itilmi\u015f ve at\u0131lm\u0131\u015f ama kar\u0131\u015f\u0131kl\u0131klar \u00e7\u0131kararak devletteki eski konumunu tekrar elde etmek isteyen bir t\u00fcr fesat \u00f6rg\u00fct\u00fc. Silahl\u0131 kuvvetlerle de \u00e7at\u0131\u015farak ilerlemeye \u00e7al\u0131\u015f\u0131yor. Bence bu belge resmi olmayabilir ama hakikidir. Bunda Genelkurmay&#8217;\u0131n onay\u0131 ve r\u0131zas\u0131 olmad\u0131\u011f\u0131 kan\u0131s\u0131nday\u0131m. Genelkurmay&#8217;\u0131 bir m\u00fcdahaleye ikna etmek i\u00e7in a\u015fa\u011f\u0131dan geli\u015ftirilen eylemlerin bir par\u00e7as\u0131 bu. Sadece Silahl\u0131 Kuvvetler ile s\u0131n\u0131rl\u0131 de\u011fil, b\u00fcrokrasi i\u00e7ersinde, medya i\u00e7ersinde, hatta AKP i\u00e7ersinde uzant\u0131lar\u0131 var. Belgenin sahte oldu\u011funu d\u00fc\u015f\u00fcnm\u00fcyorum. Bana polis haz\u0131rlam\u0131\u015f ve koymu\u015f gibi gelmiyor.<\/p>\n<p style=\"text-align: justify;\">\u00bbSizi bu d\u00fc\u015f\u00fcnceye iten nedir?<br \/>\nDaha \u00f6nce haz\u0131rlanan Lahika, and\u0131\u00e7 vb adlarla an\u0131lan ve medyaya d\u00fc\u015fen \u00e7e\u015fitli rapor ve belgelerle s\u00fcreklili\u011fi, benzerlikleri var, bir tutarl\u0131l\u0131k g\u00f6steriyor. Darbe g\u00fcnl\u00fckleriyle ve Eruygur\u2019un \u015femalar\u0131yla ve Kara Kuvvetleri&#8217;nin haz\u0131rlad\u0131\u011f\u0131 s\u00f6ylenen &#8216;sosyete fi\u015flemesi&#8217;yle zihniyet ve yap\u0131 uygunlu\u011fu var. Ama, k\u0131sa zamanda ve \u00e7alakalem haz\u0131rlanm\u0131\u015f. Yok olmamak i\u00e7in direnen Ergenekon\u2019u bata\u011fa sokan ad\u0131mlardan.<\/p>\n<p style=\"text-align: justify;\">\u00bbGenelkurmay&#8217;\u0131n bilgi veya onay\u0131 d\u0131\u015f\u0131nda yap\u0131lan bu t\u00fcr \u00e7al\u0131\u015fmalar\u0131 s\u00fcrekli korumas\u0131n\u0131 neye ba\u011fl\u0131yorsunuz?<br \/>\nBu t\u0131pk\u0131 bir politik partinin kendi i\u00e7indeki a\u00e7mazlar\u0131 d\u0131\u015far\u0131ya yok g\u00f6sterme, sorunlar\u0131 ve krizleri i\u00e7eride halletmeye \u00e7al\u0131\u015fmas\u0131na benzeyen bir \u015fey. Kol k\u0131r\u0131l\u0131r yen i\u00e7inde kal\u0131r anlay\u0131\u015f\u0131. Genelkurmay bunun ayn\u0131 zamanda kendisine kar\u015f\u0131 da bir komplo oldu\u011funu biliyor. Fakat bunu b\u00f6yle s\u00f6yledi\u011fi an, tart\u0131\u015fmal\u0131, g\u00fc\u00e7s\u00fcz duruma d\u00fc\u015fecek ve imaj\u0131 \u00e7izilecek. Benim g\u00f6rd\u00fc\u011f\u00fcm kadar\u0131yla Genelkurmay, Ergenekon\u2019un bir b\u00f6l\u00fcm\u00fcn\u00fc tasfiye ediyor, bir b\u00f6l\u00fcm\u00fcyle uzla\u015f\u0131yor, bir b\u00f6l\u00fcm\u00fcn\u00fc tesirsiz hale getirmeye \u00e7al\u0131\u015farak, yang\u0131n\u0131 kontrol alt\u0131na almaya \u00e7al\u0131\u015f\u0131yor.<br \/>\n\u00bbBug\u00fcne kadar Genelkurmay&#8217;\u0131n bu t\u00fcr olaylar kar\u015f\u0131s\u0131ndaki pozisyonu, cayd\u0131r\u0131c\u0131 de\u011fil, daha \u00e7ok kollayan hatta son tahlilde \u00f6zendirici oluyor.<br \/>\nDo\u011fru. Kendisini sivil denetime a\u00e7mad\u0131ktan sonra, yarg\u0131y\u0131 tekle\u015ftirmedikten sonra bu yap\u0131 kendini hep \u00fcretecek. Genelkurmay&#8217;da kararl\u0131, istikrarl\u0131 bir tutum yok. Genelkurmay, \u015eili ordusu gibi davranmak istiyor.<\/p>\n<p style=\"text-align: justify;\">\u00bb\u015eili ordusu nas\u0131l davrand\u0131?<br \/>\n\u015eili ordusu, \u00f6rne\u011fin kom\u015fusu Arjantin\u2019deki gibi darbe d\u00f6neminin hesab\u0131n\u0131 vermiyor. Darbe d\u00f6neminin su\u00e7lular\u0131n\u0131 koruyor. Cinayetler \u00e7ok a\u00e7\u0131k bi\u00e7imde ortaya \u00e7\u0131kt\u0131k\u00e7a tek tek cezaland\u0131rma yoluna gidiliyor. Sivil y\u00f6netim, Bachelet y\u00f6netimi silahl\u0131 kuvvetlerle \u00e7at\u0131\u015farak de\u011fil anla\u015farak tesis ediyor otoritesini. Unutmayal\u0131m, Pinochet \u015eili\u2019de bir mahkeme kar\u015f\u0131s\u0131na \u00e7\u0131kmadan veda etti d\u00fcnyaya. Oysa Arjantin\u2019de diktat\u00f6rl\u00fc\u011f\u00fcn tasfiyesi s\u00fcreci daha k\u00f6kl\u00fc ve derin oldu, \u0130talya\u2019da ise Gladio bamba\u015fka bir yoldan tasfiye oldu. T\u00fcrkiye\u2019de de asker, benzetmek m\u00fcmk\u00fcnse gidi\u015fata &#8216;\u015eili usul\u00fc&#8217; uyum g\u00f6stermeyi tercih ediyor. Askerler de k\u00fcresel denklemin ve bunun i\u00e7e yans\u0131mas\u0131n\u0131n ne oldu\u011funun fark\u0131nda. Fakat kurumun tamam\u0131n\u0131 yeniden d\u00fczenlemek istemiyor. T\u00fcrkiye sermayesinin de durumu ayn\u0131.<\/p>\n<p style=\"text-align: justify;\">\u00bbNas\u0131l bir benzerlik s\u00f6z konusudur?<br \/>\nSermaye de eski g\u00fcnahlar\u0131n\u0131n hesab\u0131n\u0131 vermeye yana\u015fm\u0131yor. Sermaye 12 Eyl\u00fcl&#8217;\u00fcn, 12 Mart\u2019\u0131n orta\u011f\u0131 de\u011fil miydi? T\u00dcS\u0130AD, T\u0130SK onlar\u0131n s\u00f6zc\u00fcleri bunlar\u0131n hesab\u0131n\u0131 vermeden, yeni y\u00f6neti\u015fim, yeni \u00e7al\u0131\u015fma d\u00fczeni, yeni sendikal d\u00fczen, yeni sol diye herkesin i\u015fine burnunu sokuyor. Askerler de bu a\u00e7\u0131dan t\u0131pk\u0131 sermaye sahipleri gibi davran\u0131yor.<\/p>\n<p style=\"text-align: justify;\">\u00bbAskeri savc\u0131, Ergenekon savc\u0131lar\u0131yla, Ba\u015fbakan, Genelkurmay Ba\u015fkan\u0131 ile g\u00f6r\u00fc\u015ft\u00fc, Meclis&#8217;teki b\u00fct\u00fcn partiler belge konusunda ortak tutum i\u00e7indelermi\u015f gibi g\u00f6r\u00fcl\u00fcyor. Yeni bir uzla\u015fma s\u00f6z konusu mu?<br \/>\nH\u00fck\u00fcmetle, ordunun \u00fcst kademesi aras\u0131nda bir uzla\u015fma asl\u0131nda May\u0131s 2007&#8217;den beri var. Ya\u015far B\u00fcy\u00fckan\u0131t d\u00f6neminde ba\u015flad\u0131. Bu g\u00fcnlerde i\u00e7eri\u011fin a\u00e7\u0131klanmas\u0131 istenen me\u015fhur Dolmabah\u00e7e g\u00f6r\u00fc\u015fmesinde uzla\u015fma sa\u011fland\u0131. \u015e\u00fcphesiz anla\u015fmaya, her iki taraf\u0131n her a\u015famada sad\u0131k kalmas\u0131 s\u00f6z konusu de\u011fil. Herkes kendi \u00e7\u0131kar\u0131na g\u00f6re sa\u011fa sola \u00e7ekebiliyor, e\u011fip b\u00fckebiliyor, yan \u00e7izmeye yeltenebiliyor, ama art\u0131k \u00e7at\u0131\u015fma de\u011fil uzla\u015fma var.<\/p>\n<p style=\"text-align: justify;\">\u00bbH\u00fck\u00fcmet ile ordu aras\u0131ndaki uzla\u015fma neye dayan\u0131yor?<br \/>\nBence \u015f\u00f6yle: Herkes kendi as\u0131l i\u015fini s\u00fcrd\u00fcrecek, ordu siyasetin i\u015fine, h\u00fck\u00fcmete kar\u0131\u015fmayacak, h\u00fck\u00fcmet de, ordunun K\u00fcrt meselesindeki, devlet-din i\u015flerinin ayr\u0131 olmas\u0131 konusundaki hassasiyetine ve g\u00fcvenlik konusundaki ihtiya\u00e7lar\u0131na cevap verecek. Gene de bu &#8216;\u0130rticayla M\u00fccadele Plan\u0131&#8217;n\u0131n h\u00fck\u00fcmet\u00e7e ele al\u0131n\u0131\u015f\u0131nda bir tuhafl\u0131k var.<\/p>\n<p style=\"text-align: justify;\">\u00bbNedir tuhafl\u0131k?<br \/>\nS\u00f6z\u00fc edilen belge zaten Ergenekon savc\u0131lar\u0131n\u0131n elindeydi, Ergenekon soru\u015fturmas\u0131n\u0131n kan\u0131tlar\u0131 aras\u0131ndayd\u0131. Taraf gazetesi de bir bi\u00e7imde belgeyi oradan ele ge\u00e7irdi. Dolay\u0131s\u0131yla, bu zaten re\u2019sen soru\u015fturma alt\u0131ndaki bir belgeydi. Belge Taraf\u2019ta ortaya at\u0131ld\u0131, kamuoyunda, medyada tart\u0131\u015f\u0131ld\u0131, konu\u015fuldu sonunda AKP ve Genelkurmay kendi savc\u0131l\u0131klar\u0131na gitti. Belgede s\u00f6z\u00fc edilen faaliyetlerin soru\u015fturulmas\u0131 yarg\u0131dan istendi. Ama zaten soru\u015fturuluyordu. Soru\u015fturulmas\u0131 zorunluydu. B\u00f6ylece ba\u015fland\u0131\u011f\u0131 yere d\u00f6n\u00fcl\u00fcrken AKP m\u00fcdahil olma hakk\u0131n\u0131 kullanmaya sevk edilmi\u015f oldu. Ancak bu s\u00fcre\u00e7te \u00e7ok daha \u00f6nemli ba\u015fka \u015fey me\u015frula\u015ft\u0131r\u0131lmaya \u00e7al\u0131\u015f\u0131l\u0131yor.<\/p>\n<p style=\"text-align: justify;\">\u00bbNedir bu?<br \/>\nAKP ile birlikte Fettullah G\u00fclen cemaati de me\u015frula\u015ft\u0131r\u0131l\u0131yor. Bu tart\u0131\u015fmayla, G\u00fclen cemaatini de demokratik siyasal ya\u015fam\u0131n bir par\u00e7as\u0131 olarak g\u00f6rmeye \u00e7a\u011fr\u0131lm\u0131\u015f olduk. G\u00fclen kim? ABD&#8217;de ya\u015fayan T\u00fcrkiye\u2019ye \u00e7e\u015fitli sebeplerle gelemeyen, T\u00fcrkiye \u0130slam\u0131&#8217;nda geleneksel olarak mevcut olmayan bir t\u00fcr ruhban s\u0131n\u0131f\u0131 yaratma \u00e7abas\u0131nda, dine dayal\u0131 bir cemaat ili\u015fkisi s\u00fcrd\u00fcren ve bu \u00e7er\u00e7evede bir hakimiyet m\u00fccadelesi i\u00e7inde yer alan bir eski vaiz. Bunu kimi zaman AKP i\u00e7inden yap\u0131yor, kimi zaman AKP ile \u00e7at\u0131\u015farak s\u00fcrd\u00fcr\u00fcyor. AKP ise yasalar \u00e7er\u00e7evesinde kurulmu\u015f, oyunu kural\u0131na g\u00f6re oynayarak se\u00e7im kazanm\u0131\u015f, h\u00fck\u00fcmet olmu\u015f bir siyasi parti. Bu partinin haklar\u0131 pekala bir kamusal tart\u0131\u015fman\u0131n konusu olabilir. Peki, toplum olarak Fettullah G\u00fclen\u2019e neden kefil olmam\u0131z gerekiyor? Do\u011frusu bu &#8216;plan&#8217; tart\u0131\u015fmas\u0131ndan en k\u00e2rl\u0131 \u00e7\u0131kan bu cemaat oldu: Fettullah G\u00fclen cemaati AKP h\u00fck\u00fcmetinin yan\u0131 s\u0131ra kendisinin de demokrasi icab\u0131 savunulmas\u0131 zorunlu &#8216;haklar\u0131&#8217;n\u0131n var oldu\u011fu kanaatini kontrol alt\u0131nda tuttu\u011fu medya ve siyaset kanallar\u0131yla topluma dayatm\u0131\u015f oldu.<br \/>\nAKP ve Tayyip Erdo\u011fan\u2019\u0131n bu belgenin imal edilmi\u015f olmas\u0131ndan ku\u015fkulanmas\u0131n\u0131n bir nedeni de bence bu s\u00fcre\u00e7te G\u00fclen cemaatinin kendilerine e\u015f ko\u015fulmu\u015f olmas\u0131. Sanki iktidarda AKP-G\u00fclen koalisyonu varm\u0131\u015f gibi oldu. O y\u00fczden Genelkurmay da art\u0131k AKP\u2019den de\u011fil, &#8216;cemaat&#8217;ten \u015fik\u00e2yet\u00e7i. AKP ile asker aras\u0131ndaki yak\u0131nla\u015fma bununla da ilgili olabilir. Elimde hi\u00e7bir kan\u0131t olmadan bu belgenin emniyet i\u00e7indeki G\u00fclen cemaatine ba\u011fl\u0131 ki\u015filerce tutuklanan avukat\u0131n b\u00fcrosuna konuldu\u011funu s\u00f6yleyemem. Ancak belgenin soru\u015fturma dosyas\u0131ndan \u00e7\u0131kar\u0131l\u0131p, b\u00f6ylesine a\u00e7\u0131k bir tart\u0131\u015fma sonucunda G\u00fclen cemaatinin me\u015fruiyet d\u00fczeyinin y\u00fckseltilmesi i\u00e7in bir kald\u0131ra\u00e7 olarak kullan\u0131lmas\u0131nda cemaatin ba\u011flant\u0131lar\u0131n\u0131n bir rol\u00fc olmu\u015f olabilir.<br \/>\n**<br \/>\nBunlar ola\u011fan gazetecilik faaliyeti de\u011fil<br \/>\n\u00bbServis edilmi\u015f belgeleri yay\u0131mlamak Taraf gazetesinin neredeyse kimli\u011fi haline geldi. Bu gazetecilik a\u00e7\u0131s\u0131ndan tart\u0131\u015f\u0131l\u0131yor. Siz nas\u0131l yakla\u015f\u0131yorsunuz?<br \/>\nGazetecilik tarihinde b\u00f6yle tek, tek \u015feyler var. \u00d6rne\u011fin Nixon\u2019u bitiren ABD\u2019deki Watergate olay\u0131\u2026 Bu vakada ise sistematik ve s\u00fcrekli bir bi\u00e7imde ba\u015fka hi\u00e7 kimsenin ula\u015famayaca\u011f\u0131 ve onlara ula\u015ft\u0131r\u0131lmayan hacimde ve miktarda dosya ve belge ak\u0131\u015f\u0131ndan s\u00f6z ediyoruz. Bu apayr\u0131 ve yepyeni bir \u015fey, d\u00fcnyada da b\u00f6yle bir \u00f6rnek bilmiyorum, duymad\u0131m. Bence buna gazetecilik diyemeyiz. Bu dosyalar\u0131 Taraf gazetesinin elinden \u00e7ekti\u011fimiz zaman geriye ne kal\u0131r? Bu dosyalar olmadan \u00f6nce ne vard\u0131? Yazar havuzuyla, haber yelpazesiyle sekiz, on bin satan bir gazete vard\u0131, bu belgelerle birlikte tiraj\u0131 artt\u0131. Gitgide Taraf gazetesi belgelere, belgeler de Taraf gazetesine ba\u011f\u0131ml\u0131 hale geldi. Gazetecinin belgeye gitmedi\u011fi, belgenin biteviye gazeteciye gitti\u011fi bir s\u00fcre\u00e7 ola\u011fan bir gazetecilik faaliyeti de\u011fil. Ama do\u011frusu bu belgeler kimin \u00f6n\u00fcne gelse yay\u0131nlamak ister.<\/p>\n<p style=\"text-align: justify;\">\u00bbSiz de yay\u0131mlar m\u0131yd\u0131n\u0131z?<br \/>\nYay\u0131mlar\u0131z. Fakat \u015f\u00f6yle yay\u0131mlar\u0131z. Bunlar\u0131 do\u011frulatmak i\u00e7in \u00e7aba g\u00f6steririz. Oldu\u011fu gibi yay\u0131mlamay\u0131z. Belgeyi yay\u0131mlayan gazetenin ba\u015f\u0131ndaki ki\u015fi yay\u0131ndan sonra \u201cbu belge sahte de olabilir\u201d diye m\u00fctalaada bulunamaz. Bunu yay\u0131mlamadan \u00f6nce ara\u015ft\u0131rmas\u0131 gerekir. Kayna\u011f\u0131na son derece ba\u011f\u0131ml\u0131 hale gelen, kayna\u011f\u0131n\u0131 reddetme g\u00fcc\u00fc kendisinde neredeyse kalmam\u0131\u015f bir yay\u0131nc\u0131l\u0131ktan s\u00f6z ediyoruz.<\/p>\n<p style=\"text-align: justify;\">-Taraf gazetesinin yay\u0131mlad\u0131\u011f\u0131 belgelerin \u00e7o\u011fu do\u011fru \u00e7\u0131kt\u0131. Do\u011fruland\u0131\u011f\u0131 da yay\u0131mlanmal\u0131 m\u0131d\u0131r?<br \/>\nAsl\u0131nda gizli diye bir \u015fey olmamal\u0131. Biz kamu ad\u0131na y\u00fcr\u00fct\u00fclen her \u015feyi saydamca izleyebilmeliyiz. Onun i\u00e7in elbette bizi y\u00f6netenlerin yapt\u0131\u011f\u0131 her \u015feyi ortaya koyup didikleyebilmemiz gerekir. Ama ben hi\u00e7bir \u00e7aba g\u00f6stermeden bu &#8216;gizli&#8217; belgelerin gelip, gelip hep beni bulmas\u0131nda bir tuhafl\u0131k arar\u0131m tabii.<br \/>\n**<br \/>\nM\u0130T\u2019\u00e7i kimmi\u015f bilelim<br \/>\n\u00bbSHP Genel Ba\u015fkan\u0131, H\u00fcseyin Erg\u00fcn\u2019\u00fcn bir s\u00f6yle\u015fide sol \u00fczerine s\u00f6ylediklerini nas\u0131l de\u011ferlendiriyorsunuz?<br \/>\nSol tan\u0131m\u0131na \u00e7ok de\u011fi\u015fik kesimler giriyor. Biz kendi sosyalist gelene\u011fimiz a\u00e7\u0131s\u0131ndan bakal\u0131m. Sosyalist d\u00fcnya g\u00f6r\u00fc\u015f\u00fc i\u00e7ersinde darbeleri mazur g\u00f6steren, i\u015f\u00e7i s\u0131n\u0131f\u0131 ad\u0131na darbeyle iktidar olmay\u0131 \u00e7a\u011fr\u0131\u015ft\u0131ran veya bunu mazur g\u00f6steren bir \u015fey var m\u0131? Yok, bunlar hayali tart\u0131\u015fmalar. \u0130kincisi T\u00fcrkiye\u2019deki, b\u00fct\u00fcn darbeleri g\u00f6z\u00fcm\u00fcz\u00fcn \u00f6n\u00fcne getirelim, 12 Mart, 12 Eyl\u00fcl, 28 \u015eubat\u2019ta ya da 27 May\u0131s\u2019ta bizim konu\u015ftu\u011fumuz manada bir sol etkiden ya da sol varl\u0131ktan s\u00f6z edilebilir mi?<\/p>\n<p style=\"text-align: justify;\">\u00bbErg\u00fcn bu s\u00f6zleri, Do\u011fan Avc\u0131o\u011flu ekibine y\u00f6nelik mi s\u00f6yl\u00fcyor?<br \/>\nTamam da, Do\u011fan Avc\u0131o\u011flu kendini sosyalist olarak tan\u0131mlam\u0131yor. Avc\u0131o\u011flu, kendisine milliyet\u00e7i-devrimci diyordu. Sosyalistler a\u00e7\u0131s\u0131ndan mesele, \u00e7o\u011fu kez bunlar\u0131 me\u015fru g\u00f6r\u00fcp g\u00f6rmemek, bunlarla taktik i\u015fbirli\u011fi yapman\u0131n manal\u0131 olup, olmad\u0131\u011f\u0131na karar vermekti. Ge\u00e7mi\u015fteki tart\u0131\u015fmalar bununla ilgiliydi. \u00d6zellikle 12 Eyl\u00fcl\u2019den bu yana, 12 Eyl\u00fcl darbesinin ger\u00e7ekli\u011fi ortadayken ve gerek darbe s\u00fcrecinde, gerek darbe sonras\u0131nda sosyalistler askeri diktat\u00f6rl\u00fc\u011fe neredeyse tek ba\u015flar\u0131na direnmi\u015fken; \u00f6nceki ony\u0131llarda e\u011fer bir eksiklik veya yanl\u0131\u015f olmu\u015fsa bile bunu atlayarak, d\u00f6n\u00fcp dola\u015f\u0131p, bunlar\u0131 bug\u00fcn g\u00fcndeme getirmenin ne gibi yarar\u0131 olabilir? Ben T\u00fcrkiye\u2019de ayr\u0131m\u0131n buradan ge\u00e7ti\u011fini d\u00fc\u015f\u00fcnm\u00fcyorum. T\u00fcrkiye\u2019de &#8220;darbe iyidir, darbe yoluyla h\u00fck\u00fcmet edebiliriz&#8221; diyen elle tutulur bir sosyalist ak\u0131m yok.<br \/>\n\u00d6te yandan, parlamenter demokrasiden yana olmak zorunlu olarak serbest piyasa ekonomisinden yana olmay\u0131 da \u015fart ko\u015fmuyor. \u00c7\u00fcnk\u00fc devlet\u00e7ilik veya piyasac\u0131l\u0131k, parlamenter demokrasi olsa da \u00e7e\u015fitli \u00fclkelerin y\u00f6netici s\u0131n\u0131flar\u0131n\u0131n de\u011fi\u015fik zamanlarda tercih edebildikleri \u015feyler. Keynes ya da Roosevelt solcu de\u011fillerdi ama sermayenin yeniden \u00fcretiminde kamu giri\u015fimcili\u011fine dayal\u0131 politikalar\u0131 savundular. H\u00fcseyin Erg\u00fcn benim anlad\u0131\u011f\u0131m kadar\u0131yla, bug\u00fcn ancak AKP&#8217;nin a\u00e7t\u0131\u011f\u0131 yoldan siyaset yap\u0131labilece\u011fini d\u00fc\u015f\u00fcn\u00fcyor. Bunu da tart\u0131\u015fabiliriz, ama benimseme ya da benimsememe hakk\u0131m\u0131z var. Ba\u015fka bir yolu savundu\u011fumuz i\u00e7in ni\u00e7in devlet\u00e7i ya da demokrasi istedi\u011fimiz i\u00e7in piyasac\u0131 olmam\u0131z \u015fartm\u0131\u015f? Kapitalizmin \u015fu ya da bu bi\u00e7imi eninde sonunda devlet eliyle, politik bir ayg\u0131t arac\u0131l\u0131\u011f\u0131yla uygulan\u0131r, sosyalistler ise kapitalizmi ve devleti ortadan kald\u0131rmay\u0131 savunduklar\u0131 i\u00e7in mant\u0131ksal olarak da tarihsel olarak da devlet\u00e7i olamaz. Burada kasten kar\u0131\u015ft\u0131r\u0131lan \u015fey devlet\u00e7ilikle kamu \u00e7\u0131kar\u0131n\u0131n savunulmas\u0131. \u00d6rne\u011fin devletin demir \u00e7eli\u011fe yat\u0131r\u0131m yapmas\u0131 bir iktisadi politika sorunudur, yapabilir veya yapmayabilir. Ama paras\u0131z sa\u011fl\u0131k, e\u011fitimden ayr\u0131ms\u0131z herkesin ve kaliteli bir bi\u00e7imde yararlanmas\u0131 bir toplumsal hakt\u0131r.<\/p>\n<p style=\"text-align: justify;\">\u00bbBir ba\u015fkas\u0131, devrimci m\u00fccadelenin ajanlar kanal\u0131yla nas\u0131l maniple edildi\u011fi iddias\u0131 ve sosyalist hareketin tarihine \u00e7ok a\u011f\u0131r ele\u015ftiri var.<br \/>\nYusuf K\u00fcpeli, H\u00fcseyin Erg\u00fcn\u2019e ne demi\u015f?\u00a0 \u201cBen Mahir\u2019e sordum, bizim aram\u0131za \u00e7ok say\u0131da M\u0130T\u2019\u00e7i kar\u0131\u015f\u0131yor, sen buna ne diyorsun\u201d demi\u015f. Mahir de, biz b\u00fcy\u00fck ve etkili hareket oldu\u011fumuz i\u00e7in M\u0130T\u2019in aram\u0131za girmeye \u00e7al\u0131\u015fmas\u0131 normaldir\u201d yan\u0131t\u0131n\u0131 vermi\u015f. Bunda anormal ne var? T\u00fcrkiye \u0130\u015f\u00e7i Partisi&#8217;ne polis hi\u00e7 s\u0131zmam\u0131\u015f m\u0131? Mahir, makul bir \u015f\u00fcpheye makul bir cevap veriyor. \u00dcstelik biliyorsunuz Yusuf bunu yalanlad\u0131 da&#8230;<\/p>\n<p style=\"text-align: justify;\">\u00bbErg\u00fcn, devrimciler kullan\u0131ld\u0131 yorumu yap\u0131yor?<br \/>\nBen \u015fimdi soruyorum devrimci hareketin \u00f6nc\u00fc kadrolar\u0131 aras\u0131nda bir tane M\u0130T\u2019\u00e7i var m\u0131ym\u0131\u015f? Kimden s\u00f6z ediliyor bilelim? A\u015fa\u011f\u0131dan kitle hareketine istihbarat\u00e7\u0131lar s\u0131zm\u0131\u015f olabilir, s\u0131zm\u0131\u015ft\u0131r da\u2026 \u00d6rne\u011fin Erdal G\u00f6ky\u00fcz\u00fc gibi bir polis ajan\u0131n\u0131 Yusuf bizzat kendi elleriyle buldu \u00e7\u0131kard\u0131 saf d\u0131\u015f\u0131 etti. Dev-Gen\u00e7 gibi binlerce \u00fcyesi olan a\u00e7\u0131k kitlesel bir harekette bu t\u00fcr s\u0131zmalar kadar do\u011fal bir \u015fey de olamazd\u0131. Ama bunlar hareketi mi y\u00f6netmi\u015f? Bizim tercihimize ve y\u00f6nelimimize ra\u011fmen bize bir \u015fey mi yapt\u0131r\u0131lm\u0131\u015f? Neymi\u015f o?<br \/>\nDo\u011frusu, 12 Mart m\u00fcdahalesinin as\u0131l b\u00fcy\u00fck toplumsal gerek\u00e7esi 15-16 Haziran 1970\u2019te aya\u011fa kalkan i\u015f\u00e7i hareketiydi. Herkes hat\u0131rlar Genelkurmay Ba\u015fkan\u0131 Ta\u011fma\u00e7\u2019\u0131n \u00fcnl\u00fc s\u00f6zlerini: \u201cToplumsal uyan\u0131\u015f, ekonomik geli\u015fmeyi a\u015ft\u0131.\u201d Erg\u00fcn\u2019\u00fcn ak\u0131l y\u00fcr\u00fctmesine uyarsak i\u015f\u00e7i hareketinin darbeciler taraf\u0131ndan soka\u011fa \u00e7\u0131kar\u0131ld\u0131\u011f\u0131na yemin etmemiz gerekirdi.<br \/>\nBu kadar y\u00fczeysel, kendi ger\u00e7ekli\u011finden kopar\u0131lm\u0131\u015f a\u00e7\u0131klamalara dayanan devrimcili\u011fin ba\u015f\u0131m\u0131z\u0131 eninde sonunda derde sokaca\u011f\u0131n\u0131, h\u00fck\u00fcmetin a\u00e7t\u0131\u011f\u0131 yoldan y\u00fcr\u00fcyerek, kapitalizmin i\u00e7inden giderek, piyasa de\u011ferlerini savunarak solculuk yap\u0131labilece\u011fini d\u00fc\u015f\u00fcnenler acaba neden AKP\u2019ye \u00fcye olmaz?\n<\/p>\n<p style=\"text-align: justify;\"><a href=\"http:\/\/www.birgun.net\/report_index.php?news_code=1245665142&amp;day=22&amp;month=06&amp;year=2009\" target=\"_blank\">Kaynak : Birg\u00fcn<\/a><\/p>\n","protected":false},"excerpt":{"rendered":"<p style=\"text-align: center;\">\n<p style=\"text-align: justify;\">\u2018Belge\u2019nin ortaya \u00e7\u0131kmas\u0131yla AKP ile G\u00fclen cemaati de me\u015frula\u015ft\u0131r\u0131l\u0131yor. B\u00f6ylece bu cemaati de demokratik siyasal ya\u015fam\u0131n bir par\u00e7as\u0131 olarak g\u00f6rmeye \u00e7a\u011fr\u0131ld\u0131k.<\/p>\n<p style=\"text-align: justify;\">\u2018BELGE ERGENEKON SAVCILARINDAYDI\u2019 S\u00f6z\u00fc edilen \u2018belge\u2019 zaten Ergenekon savc\u0131lar\u0131n\u0131n elindeydi, Ergenekon soru\u015fturmas\u0131n\u0131n kan\u0131tlar\u0131 aras\u0131ndayd\u0131. Ama zaten soru\u015fturuluyordu. Soru\u015fturulmas\u0131 zorunluydu. B\u00f6ylece ba\u015fland\u0131\u011f\u0131 yere d\u00f6n\u00fcl\u00fcrken AKP m\u00fcdahil olma hakk\u0131n\u0131 <\/p>\n","protected":false},"author":1,"featured_media":0,"comment_status":"open","ping_status":"closed","sticky":false,"template":"","format":"standard","meta":{"footnotes":""},"categories":[105],"tags":[],"class_list":["post-10353","post","type-post","status-publish","format-standard","hentry","category-gundem","odd"],"_links":{"self":[{"href":"http:\/\/www.korhanyilmaz.com\/index.php?rest_route=\/wp\/v2\/posts\/10353","targetHints":{"allow":["GET"]}}],"collection":[{"href":"http:\/\/www.korhanyilmaz.com\/index.php?rest_route=\/wp\/v2\/posts"}],"about":[{"href":"http:\/\/www.korhanyilmaz.com\/index.php?rest_route=\/wp\/v2\/types\/post"}],"author":[{"embeddable":true,"href":"http:\/\/www.korhanyilmaz.com\/index.php?rest_route=\/wp\/v2\/users\/1"}],"replies":[{"embeddable":true,"href":"http:\/\/www.korhanyilmaz.com\/index.php?rest_route=%2Fwp%2Fv2%2Fcomments&post=10353"}],"version-history":[{"count":0,"href":"http:\/\/www.korhanyilmaz.com\/index.php?rest_route=\/wp\/v2\/posts\/10353\/revisions"}],"wp:attachment":[{"href":"http:\/\/www.korhanyilmaz.com\/index.php?rest_route=%2Fwp%2Fv2%2Fmedia&parent=10353"}],"wp:term":[{"taxonomy":"category","embeddable":true,"href":"http:\/\/www.korhanyilmaz.com\/index.php?rest_route=%2Fwp%2Fv2%2Fcategories&post=10353"},{"taxonomy":"post_tag","embeddable":true,"href":"http:\/\/www.korhanyilmaz.com\/index.php?rest_route=%2Fwp%2Fv2%2Ftags&post=10353"}],"curies":[{"name":"wp","href":"https:\/\/api.w.org\/{rel}","templated":true}]}}