{"id":10339,"date":"2009-06-20T00:39:16","date_gmt":"2009-06-19T21:39:16","guid":{"rendered":"http:\/\/www.korhanyilmaz.com\/?p=10339"},"modified":"2009-06-20T00:39:16","modified_gmt":"2009-06-19T21:39:16","slug":"bizimkisi-bir-ask-hikayesi","status":"publish","type":"post","link":"http:\/\/www.korhanyilmaz.com\/?p=10339","title":{"rendered":"Bizimkisi bir a\u015fk hikayesi&#8230;"},"content":{"rendered":"<p><img loading=\"lazy\" decoding=\"async\" class=\"aligncenter size-full wp-image-10340\" src=\"http:\/\/www.korhanyilmaz.com\/wp-content\/uploads\/2009\/06\/2009-06-20_074224.jpg\" alt=\"\" width=\"298\" height=\"187\" \/><\/p>\n<p style=\"text-align: justify;\">IMF ile T\u00fcrkiye&#8217;nin sonu gelmez hikayesi, neredeyse sevenlerin (ne kadar sevdikleri tart\u0131\u015f\u0131l\u0131r tabii) kavu\u015famad\u0131\u011f\u0131 bir a\u015fk hikayesine d\u00f6n\u00fc\u015ft\u00fc.<\/p>\n<p style=\"text-align: justify;\"><strong>Gazeteport Haber Analiz <\/strong><\/p>\n<p style=\"text-align: justify;\">IMF ile T\u00fcrkiye aras\u0131nda ge\u00e7en y\u0131l\u0131n May\u0131s ay\u0131ndan bu yana devam eden g\u00f6r\u00fc\u015fmeler, adeta &#8220;sevenlerin kavu\u015famad\u0131\u011f\u0131&#8221; bir a\u015fk hikayesine d\u00f6n\u00fc\u015ft\u00fc.<\/p>\n<p style=\"text-align: justify;\">Ge\u00e7en y\u0131l ba\u015f\u0131nda bir \u00f6nceki stand by anla\u015fmas\u0131 bitmeden ba\u015flam\u0131\u015ft\u0131, yeni anla\u015fman\u0131n haz\u0131rl\u0131klar\u0131. \u00d6nce ilk anla\u015fma biter bitmez devam edecek bir &#8220;program sonras\u0131 izleme&#8221;ye d\u00f6n\u00fc\u015ft\u00fc beklentiler. Olmay\u0131nca, yaz d\u00f6nemine kald\u0131. Ancak yaz d\u00f6nemi de h\u00fck\u00fcmetin \u00e7ok istekli olmad\u0131\u011f\u0131 bir d\u00f6nemdi. Yerel se\u00e7imlere yakla\u015f\u0131ld\u0131\u011f\u0131 i\u00e7in h\u00fck\u00fcmet ka\u00e7abildi\u011fi kadar ka\u00e7mak istiyordu IMF&#8217;den. <!--more--><\/p>\n<p style=\"text-align: justify;\">Sonbahara gelindi\u011finde, belirsizlik hala devam ediyordu. Ancak ekonomik kriz Ekim ay\u0131nda t\u00fcm d\u00fcnyay\u0131 sallamaya ba\u015flad\u0131\u011f\u0131nda T\u00fcrkiye ile IMF aras\u0131ndaki g\u00f6r\u00fc\u015fmeler de h\u0131z kazanmaya ba\u015flad\u0131.<\/p>\n<p style=\"text-align: justify;\">T\u00fcrkiye zaruri olarak yine IMF&#8217;nin kap\u0131s\u0131n\u0131 \u00e7alacak gibi g\u00f6r\u00fcn\u00fcyordu.<\/p>\n<p style=\"text-align: justify;\"><strong>RAKAM YARI\u015eI<\/strong><\/p>\n<p style=\"text-align: justify;\">Taraflar\u0131n anla\u015fmaya yak\u0131n oldu\u011fu spek\u00fclasyonlar\u0131 yap\u0131ld\u0131, hatta rakamlar a\u00e7\u0131klanmaya ba\u015fland\u0131. \u0130lk etapta 15 milyar dolarl\u0131k bir finansman paketinden s\u00f6z ediliyordu.<\/p>\n<p style=\"text-align: justify;\">Ancak, Aral\u0131k-Ocak aylar\u0131na gelindi\u011finde anla\u015fma hala tamamlanamam\u0131\u015ft\u0131. Krizin en akut d\u00f6nemi geride kalm\u0131\u015f, nisbi bir iyile\u015fme ba\u015fg\u00f6stermi\u015f ve d\u00fc\u015fen piyasa trendi i\u00e7inde (ay\u0131 piyasas\u0131) bir y\u00fckseli\u015f hareketi (bo\u011fa piyasas\u0131) ortaya \u00e7\u0131km\u0131\u015ft\u0131. \u0130lk yukar\u0131 \u00e7\u0131k\u0131\u015f d\u00f6nemi, anla\u015fmay\u0131 ertelemek i\u00e7in bir f\u0131rsat olmu\u015ftu. Ama g\u00f6r\u00fc\u015fmeler devam ediyor, di\u011fer Do\u011fu Avrupa \u00fclkelerinin yapt\u0131\u011f\u0131 anla\u015fmalar sonras\u0131nda T\u00fcrkiye&#8217;nin de finansman beklentisi art\u0131yordu. \u00d6nce 20 milyar dolar konu\u015fulmaya ba\u015fland\u0131, sonra 30&#8217;a \u00e7\u0131kt\u0131, sonra 40 oldu. Hatta 60 bile diyenler \u00e7\u0131kt\u0131, ama bu ki\u015filerin saymay\u0131 bilmedikleri rivayetleri yap\u0131ld\u0131.<\/p>\n<p style=\"text-align: justify;\"><strong>DAVOS DA \u00c7ARE OLMADI<\/strong><\/p>\n<p style=\"text-align: justify;\">Bu arada Davos&#8217;ta D\u00fcnya Ekonomik Forumu gelip \u00e7atm\u0131\u015f, orada IMF Ba\u015fkan\u0131 Strauss-Kahn ile Ba\u015fbakan Erdo\u011fan bir araya gelmi\u015f, uzla\u015fmaya yak\u0131n olundu\u011fu mesajlar\u0131 verilmi\u015fti.<\/p>\n<p style=\"text-align: justify;\">Ancak yine olmad\u0131.<\/p>\n<p style=\"text-align: justify;\">Bir g\u00fcn Ba\u015fbakan Erdo\u011fan \u00e7\u0131kt\u0131, &#8220;Bizim el s\u0131k\u0131\u015ft\u0131\u011f\u0131m\u0131z konularda ertesi g\u00fcn yeni \u015fartlar \u00f6ne s\u00fcr\u00fcl\u00fcrse biz o anla\u015fmay\u0131 imzalamay\u0131z&#8221; dedi.<\/p>\n<p style=\"text-align: justify;\">O g\u00fcn o \u015fartlar\u0131n ne oldu\u011funu s\u00f6ylememi\u015fti ger\u00e7i, ama sonras\u0131nda bunun Gelir \u0130daresi&#8217;nin \u00f6zerkle\u015ftirmesi oldu\u011fu ortaya \u00e7\u0131kt\u0131.<\/p>\n<p style=\"text-align: justify;\">Oldu-olacak denirken ilkbahara ula\u015f\u0131ld\u0131.<\/p>\n<p style=\"text-align: justify;\">IMF beklentisi, bir taraftan olmad\u0131\u011f\u0131 i\u00e7in sorun yaratmaya devam ederken, di\u011fer taraftan piyasalar\u0131n d\u00fc\u015ft\u00fc\u011f\u00fc d\u00f6nemlerde T\u00fcrkiye piyasas\u0131n\u0131 tutan unsur oluyordu.<\/p>\n<p style=\"text-align: justify;\">Yani bir taraftan finansman s\u0131k\u0131nt\u0131lar\u0131 tart\u0131\u015f\u0131l\u0131rken, di\u011fer tarafta &#8220;\u015ferden hay\u0131r do\u011fuyordu&#8221;.<\/p>\n<p style=\"text-align: justify;\"><strong>YEREL SE\u00c7\u0130M ENGEL\u0130<\/strong><\/p>\n<p style=\"text-align: justify;\">29 Mart yerel se\u00e7imleri \u00f6ncesinde ayn\u0131 konular defalarca g\u00f6r\u00fc\u015f\u00fcld\u00fc, ancak bir noktaya ula\u015f\u0131lamad\u0131.<\/p>\n<p style=\"text-align: justify;\">Bu arada b\u00fct\u00e7e disiplini bozulmu\u015f, harcamalar artm\u0131\u015f ve IMF ile yeni bir anla\u015fmazl\u0131k ortam\u0131 do\u011fmu\u015ftu.<\/p>\n<p style=\"text-align: justify;\">Yerel se\u00e7imler bitti, ancak piyasalar\u0131n anla\u015fma beklentisi yine ger\u00e7ekle\u015fmedi.<\/p>\n<p style=\"text-align: justify;\">Bu kez IMF-D\u00fcnya Bankas\u0131 Bahar toplant\u0131lar\u0131 adres g\u00f6sterildi.<\/p>\n<p style=\"text-align: justify;\">G\u00f6r\u00fc\u015fmeler yap\u0131ld\u0131, ancak yine tart\u0131\u015fmal\u0131 konularda anla\u015fma sa\u011flanamad\u0131.<\/p>\n<p style=\"text-align: justify;\">B\u00fct\u00e7e disiplininin sa\u011flanmas\u0131, vergi sisteminde IMF&#8217;nin \u00f6nerdi\u011fi de\u011fi\u015fiklikler, ekonomik b\u00fcy\u00fckl\u00fck beklentilerindeki farkl\u0131l\u0131klar alt alta konuldu\u011funda u\u00e7urumun derinle\u015fti\u011fi konu\u015fulmaya ba\u015fland\u0131.<\/p>\n<p style=\"text-align: justify;\">Piyasalar art\u0131k yava\u015f yava\u015f &#8220;anla\u015fma olmayacak&#8221; senaryosunu fiyatlamaya ba\u015flam\u0131\u015ft\u0131.<\/p>\n<p style=\"text-align: justify;\"><strong>HEYECANLI BEKLEY\u0130\u015e<\/strong><\/p>\n<p style=\"text-align: justify;\">Ta ki, \u00f6nceki g\u00fcn IMF Birinci Ba\u015fkan Yard\u0131mc\u0131s\u0131 John Lipsky ile Ba\u015fbakan Yard\u0131mc\u0131s\u0131 Ali Babacan bir araya gelene kadar. 4 saat s\u00fcren g\u00f6r\u00fc\u015fmeye heyetler de kat\u0131lm\u0131\u015f, olduk\u00e7a hararetli bir g\u00f6r\u00fc\u015fme oldu\u011fu konu\u015fulmaya ba\u015flanm\u0131\u015ft\u0131.<\/p>\n<p style=\"text-align: justify;\">G\u00f6r\u00fc\u015fmenin ard\u0131ndan deniz kenar\u0131ndan bir s\u00f6ylenti yay\u0131ld\u0131 &#8220;Duydunuz mu, anla\u015fma 18 ayl\u0131k olacakm\u0131\u015f, rakam da 13&#8217;m\u00fc\u015f, hay\u0131r hay\u0131r 15 milyar dolarm\u0131\u015f&#8221; diye.<\/p>\n<p style=\"text-align: justify;\">\u00dcst\u00fcne \u00fcstl\u00fck, Hazine M\u00fcste\u015far\u0131 \u00c7anak\u00e7\u0131 ile IMF T\u00fcrkiye Temsilcisi Elkan da g\u00f6r\u00fc\u015fm\u00fc\u015flerdi.<\/p>\n<p style=\"text-align: justify;\">Borsa bir anda hareketlendi, &#8220;Bu kez bu i\u015f oluyor&#8230; Al al al&#8230;&#8221; sesleri hemen t\u00fcm arac\u0131 kurumlar\u0131n koridorlar\u0131nda yank\u0131land\u0131. G\u00fcn boyu 300 puanl\u0131k bir bantta sallan\u0131p dururken, bir anda 1.000 puan yukar\u0131 f\u0131rlad\u0131.<\/p>\n<p style=\"text-align: justify;\">Ama ilk yalanlama H\u00fcseyin Sami&#8217;den geldi. IMF T\u00fcrkiye Masas\u0131 \u015eefi &#8220;Hen\u00fcz anla\u015fma yok&#8221; dedi.<\/p>\n<p style=\"text-align: justify;\">Ali Babacan sabah &#8220;Zaman\u0131 gelince a\u00e7\u0131klama yap\u0131l\u0131r&#8221; dedi.<\/p>\n<p style=\"text-align: justify;\">Lipsky, &#8220;Biz istekliyiz&#8221; mesaj\u0131 verdi.<\/p>\n<p style=\"text-align: justify;\">Somut geli\u015fme hala yok.<\/p>\n<p style=\"text-align: justify;\">Yani neredeyse 1.5 y\u0131la ula\u015fan a\u015fk hikayesi hala nihayete ermedi.<\/p>\n<p style=\"text-align: justify;\"><span style=\"color: #888888;\">Kaynak : Gazteport<\/span><\/p>\n","protected":false},"excerpt":{"rendered":"<\/p>\n<p style=\"text-align: justify;\">IMF ile T\u00fcrkiye&#8217;nin sonu gelmez hikayesi, neredeyse sevenlerin (ne kadar sevdikleri tart\u0131\u015f\u0131l\u0131r tabii) kavu\u015famad\u0131\u011f\u0131 bir a\u015fk hikayesine d\u00f6n\u00fc\u015ft\u00fc.<\/p>\n<p style=\"text-align: justify;\">Gazeteport Haber Analiz <\/p>\n<p style=\"text-align: justify;\">IMF ile T\u00fcrkiye aras\u0131nda ge\u00e7en y\u0131l\u0131n May\u0131s ay\u0131ndan bu yana devam eden g\u00f6r\u00fc\u015fmeler, adeta &#8220;sevenlerin kavu\u015famad\u0131\u011f\u0131&#8221; bir a\u015fk hikayesine d\u00f6n\u00fc\u015ft\u00fc.<\/p>\n<p style=\"text-align: justify;\">Ge\u00e7en y\u0131l ba\u015f\u0131nda bir <\/p>\n","protected":false},"author":1,"featured_media":0,"comment_status":"open","ping_status":"closed","sticky":false,"template":"","format":"standard","meta":{"footnotes":""},"categories":[7],"tags":[],"class_list":["post-10339","post","type-post","status-publish","format-standard","hentry","category-ekonomi","odd"],"_links":{"self":[{"href":"http:\/\/www.korhanyilmaz.com\/index.php?rest_route=\/wp\/v2\/posts\/10339","targetHints":{"allow":["GET"]}}],"collection":[{"href":"http:\/\/www.korhanyilmaz.com\/index.php?rest_route=\/wp\/v2\/posts"}],"about":[{"href":"http:\/\/www.korhanyilmaz.com\/index.php?rest_route=\/wp\/v2\/types\/post"}],"author":[{"embeddable":true,"href":"http:\/\/www.korhanyilmaz.com\/index.php?rest_route=\/wp\/v2\/users\/1"}],"replies":[{"embeddable":true,"href":"http:\/\/www.korhanyilmaz.com\/index.php?rest_route=%2Fwp%2Fv2%2Fcomments&post=10339"}],"version-history":[{"count":0,"href":"http:\/\/www.korhanyilmaz.com\/index.php?rest_route=\/wp\/v2\/posts\/10339\/revisions"}],"wp:attachment":[{"href":"http:\/\/www.korhanyilmaz.com\/index.php?rest_route=%2Fwp%2Fv2%2Fmedia&parent=10339"}],"wp:term":[{"taxonomy":"category","embeddable":true,"href":"http:\/\/www.korhanyilmaz.com\/index.php?rest_route=%2Fwp%2Fv2%2Fcategories&post=10339"},{"taxonomy":"post_tag","embeddable":true,"href":"http:\/\/www.korhanyilmaz.com\/index.php?rest_route=%2Fwp%2Fv2%2Ftags&post=10339"}],"curies":[{"name":"wp","href":"https:\/\/api.w.org\/{rel}","templated":true}]}}