{"id":10335,"date":"2009-06-19T11:58:47","date_gmt":"2009-06-19T08:58:47","guid":{"rendered":"http:\/\/www.korhanyilmaz.com\/?p=10335"},"modified":"2009-06-19T11:58:47","modified_gmt":"2009-06-19T08:58:47","slug":"shp%e2%80%99de-mahir-cayan-depremi","status":"publish","type":"post","link":"http:\/\/www.korhanyilmaz.com\/?p=10335","title":{"rendered":"SHP\u2019DE MAH\u0130R \u00c7AYAN DEPREM\u0130"},"content":{"rendered":"<p><img loading=\"lazy\" decoding=\"async\" class=\"aligncenter size-full wp-image-10336\" src=\"http:\/\/www.korhanyilmaz.com\/wp-content\/uploads\/2009\/06\/110120090331594051477_2.jpg\" alt=\"\" width=\"350\" height=\"184\" \/><\/p>\n<div id=\"news_content\" style=\"margin: 10px 3px 2px 10px;\">\n<p style=\"text-align: justify;\">SHP Genel Sekreteri Ahmet Abakay, Genel Ba\u015fkan\u0131 H\u00fcseyin Erg\u00fcn\u2019\u00fcn solun \u00f6nderlerine kar\u015f\u0131 etti\u011fi s\u00f6zlerin sol bir partinin ba\u015fkan\u0131na yak\u0131\u015fmad\u0131\u011f\u0131n\u0131 s\u00f6yledi. SHP\u2019de Erg\u00fcn\u2019e tepki b\u00fcy\u00fcyor&#8230;<\/p>\n<p style=\"text-align: justify;\"><strong>TE\u015eK\u0130LATTA \u015eA\u015eKINLIK YARATTI<\/strong><br \/>\nAbakay, Erg\u00fcn\u2019\u00fcn g\u00f6r\u00fc\u015flerinin partinin b\u00fct\u00fcn birimlerinde ve \u00f6rg\u00fctlerinde b\u00fcy\u00fck \u015fa\u015fk\u0131nl\u0131k yaratt\u0131\u011f\u0131n\u0131 ifade ederek, Genel Ba\u015fkan\u2019\u0131n g\u00f6r\u00fc\u015flerinin SHP\u2019nin ilkeleriyle de uyu\u015fmad\u0131\u011f\u0131n\u0131 vurgulad\u0131. Abakay, t\u00fcm solu darbe destek\u00e7isi gibi g\u00f6stermenin kabul edilemez bir tutum oldu\u011funu belirtti. Erg\u00fcn\u2019\u00fcn AKP\u2019yi \u00f6zg\u00fcrl\u00fck\u00e7\u00fc olarak de\u011ferlendirmesinin partinin anlay\u0131\u015f\u0131na ayk\u0131r\u0131 bir g\u00f6r\u00fc\u015f oldu\u011funu dile getiren Abakay, \u201cAKP\u2019yi \u00f6zg\u00fcrl\u00fck\u00e7\u00fc de\u011fil gerici bir parti olarak g\u00f6r\u00fcyorum\u201d dedi.<!--more--><\/p>\n<p style=\"text-align: justify;\"><strong>\u201cMAH\u0130R\u2019LER\u0130 AJAN G\u00d6STEREMEZS\u0130N\u201d<\/strong><br \/>\nErg\u00fcn\u2019\u00fcn bir gazetedeki s\u00f6yle\u015fide Deniz Gezmi\u015f\u2019leri, Mahir \u00c7ayan\u2019lar\u0131 M\u0130T ajan\u0131 gibi g\u00f6sterdi\u011fini ifade eden Abakay, \u201cBu kabul edilemez. Devrimci gen\u00e7lik \u00f6nderlerini M\u0130T\u2019\u00e7i gibi ilan etmek ne benim haddim, ne solda g\u00f6z\u00fcken ba\u015fkas\u0131n\u0131n haddidir. Bunlar \u015fan\u0131yla \u015ferefiyle tarihte yerini alm\u0131\u015f sayg\u0131n insanlard\u0131r. \u00dcstelik onlar ya\u015fam\u0131yorlar ve cevap verme haklar\u0131 da yok. Onlar\u0131 savunmak da bu durumda bana d\u00fc\u015f\u00fcyor. Onlara s\u00f6z s\u00f6ylenmesini do\u011fru bulmuyorum\u201d dedi.<br \/>\nTarihe \u00e7al\u0131nmak istenen kara SHP\u2019yi \u00e7atlatt\u0131<br \/>\nGenel Ba\u015fkan H\u00fcseyin Erg\u00fcn\u2019\u00fcn g\u00f6r\u00fc\u015fleri SHP\u2019de tart\u0131\u015fmaya yol a\u00e7t\u0131. Partinin \u00f6nemli isimleri Erg\u00fcn\u2019\u00fcn g\u00f6r\u00fc\u015flerini kabul edilemez bulup, kendisinden bir a\u00e7\u0131klama istedi.\n<\/p>\n<p style=\"text-align: justify;\">SHP Genel Ba\u015fkan\u0131 H\u00fcseyin Erg\u00fcn\u2019\u00fcn Taraf Gazetesi\u2019nden Ne\u015fe D\u00fczel\u2019le yapt\u0131\u011f\u0131 s\u00f6yle\u015fide a\u00e7\u0131klad\u0131\u011f\u0131 g\u00f6r\u00fc\u015flerine parti i\u00e7inden tepki geldi. SHP Genel Sekreteri Ahmet Abakay, Erg\u00fcn\u2019\u00fcn g\u00f6r\u00fc\u015flerinin partide, MYK\u2019de, Parti Meclisi\u2019nde, il ve il\u00e7e \u00f6rg\u00fctlerinde b\u00fcy\u00fck \u015fa\u015fk\u0131nl\u0131k yaratt\u0131\u011f\u0131n\u0131 ifade etti. Ankara \u0130l Ba\u015fkan\u0131 Celalettin Ko\u00e7, Fehmi I\u015f\u0131klar, U\u011fur Cilasun gibi a\u011f\u0131r toplar da konuyla ilgili BirG\u00fcn\u2019e konu\u015ftu.<\/p>\n<p style=\"text-align: justify;\"><strong>\u201cMAH\u0130R&#8217;LER AJAN G\u0130B\u0130 G\u00d6STER\u0130LEMEZ\u201d<\/strong><br \/>\nErg\u00fcn\u2019\u00fcn s\u00f6yle\u015fide \u201cM\u0130T falan bizim bu kadar i\u00e7imizde. Ne oluyoruz\u2019 diye sordum. Mahir de bana, \u2018Biz g\u00fc\u00e7l\u00fc bir siyasi hareketiz. Elbette M\u0130T de bizimle ili\u015fki kuracak\u2019 dedi\u201d s\u00f6zleriyle Deniz Gezmi\u015f&#8217;leri, Mahir \u00c7ayan\u2019lar\u0131 M\u0130T ajan\u0131 gibi g\u00f6sterdi\u011fini ifade eden Abakay, \u201cBu kabul edilemez. Devrimci gen\u00e7lik \u00f6nderlerini M\u0130T\u2019\u00e7i gibi ilan etmek ne benim haddim, ne solda g\u00f6z\u00fcken ba\u015fkas\u0131n\u0131n haddidir. Bunlar yurtsever ideal ve ama\u00e7larla ya\u015fam\u0131n\u0131 feda eden, \u015fan\u0131yla \u015ferefiyle tarihte yerini alm\u0131\u015f sayg\u0131n insanlard\u0131r. \u00dcstelik onlar ya\u015fam\u0131yorlar ve cevap verme haklar\u0131 da yok. Onlara s\u00f6z s\u00f6ylenmesini do\u011fru bulmuyorum\u201d diye konu\u015ftu.<\/p>\n<p style=\"text-align: justify;\"><strong>\u2018SOLCULUK P\u0130YASACILIK DE\u011e\u0130LD\u0130R\u2019<\/strong><br \/>\nErg\u00fcn\u2019\u00fcn \u201cSol, liberalli\u011fi, piyasa ekonomisini i\u00e7erir\u201d s\u00f6zlerinin de kabul edilemez oldu\u011funu kaydeden Ahmet Abakay, \u015funlar\u0131 s\u00f6yledi:<br \/>\n\u201cSolculuk serbest piyasac\u0131l\u0131k nedeniyle ezilen halka ekonomik olarak alternatif sunan bir siyasal g\u00f6r\u00fc\u015ft\u00fcr. Solculu\u011fun temelinde asla serbest piyasac\u0131l\u0131k yoktur. Tam tersine serbest piyasac\u0131\u011f\u0131n alt\u0131nda ezilen halka umut vaad eden farkl\u0131 bir ekonomik alternatif sunar. SHP emek \u00f6ncelikli demokratik bir siyasal harekettir. SHP\u2019nin \u00f6ncelikli siyasal tercihi de bu kesimlerde vard\u0131r. Bu a\u00e7\u0131klamalar parti program\u0131na da ters d\u00fc\u015f\u00fcyor.\u201d<\/p>\n<p style=\"text-align: justify;\"><strong>ANKARA \u0130L BA\u015eKANI\u2019NDAN DA TEPK\u0130<\/strong><br \/>\nSHP Ankara \u0130l Ba\u015fkan\u0131 Celalettin Ko\u00e7 da gazetemize konu\u015farak, Genel Ba\u015fkan Erg\u00fcn\u2019\u00fcn a\u00e7\u0131klamalar\u0131 hakk\u0131nda Abakay\u2019\u0131n vermi\u015f oldu\u011fu tepkiye kat\u0131ld\u0131\u011f\u0131n\u0131 s\u00f6yledi.<br \/>\nKo\u00e7, \u201cGenel Ba\u015fkan\u0131m\u0131z bu a\u00e7\u0131klamalar\u0131 yaparken belki iyi niyetliydi ama bunlar sol de\u011ferlere, parti program\u0131m\u0131za ve t\u00fcz\u00fc\u011f\u00fcm\u00fcze uygun de\u011fildir. \u00d6rg\u00fctlerimiz i\u00e7inde de Erg\u00fcn\u2019\u00fcn a\u00e7\u0131klamalar\u0131na bir tepki olu\u015ftu. Kendisinden de maksad\u0131n\u0131 a\u015fan de\u011ferlendirmelerinin do\u011fru olmad\u0131\u011f\u0131 ya da r\u00f6portaj\u0131 yapan gazetecinin yanl\u0131\u015f anlad\u0131\u011f\u0131 \u015feklinde bir a\u00e7\u0131klama bekliyorum\u201d dedi.<br \/>\nErg\u00fcn\u2019\u00fcn memurlar\u0131n da t\u00fcrban takabilece\u011fi y\u00f6n\u00fcndeki a\u00e7\u0131klamalar\u0131na de\u011finen Ko\u00e7, \u201cHi\u00e7bir sosyal demokrat d\u00fc\u015f\u00fcn\u00fcr\u00fcn t\u00fcrban\u0131n resmi dairelerde serbest b\u0131rak\u0131lmas\u0131n\u0131 isteyece\u011fini d\u00fc\u015f\u00fcnm\u00fcyorum. Asl\u0131nda Genel Ba\u015fkan\u0131m\u0131z da ayn\u0131 de\u011ferlere sahiptir. Parti meclisindeki de\u011ferlendirmelerinde, kongrelerimizde s\u0131k s\u0131k AKP\u2019nin yetmezliklerini anlatm\u0131\u015ft\u0131r\u201d diye konu\u015ftu. Erg\u00fcn\u2019\u00fcn a\u00e7\u0131klamalar\u0131n\u0131 \u201ctalihsiz\u201d olarak de\u011ferlendiren Ko\u00e7, a\u00e7\u0131klamalar\u0131n SHP\u2019nin d\u00fc\u015f\u00fcnceleriyle ba\u011fda\u015fmad\u0131\u011f\u0131na inand\u0131\u011f\u0131n\u0131 dile getirdi.<br \/>\n***<br \/>\n\u2018Partililerle aras\u0131nda fikir birli\u011fi yok\u2019<br \/>\n<strong>C\u0130LASUN: AKILLA BA\u011eDA\u015eMAZ<\/strong><br \/>\nT\u00fcrkiye solunun bir b\u00f6l\u00fcm\u00fcn\u00fcn cuntalarla ili\u015fkisi oldu\u011funu s\u00f6yleyen eski Genel Ba\u015fkan U\u011fur Cilasun ise \u015funlar\u0131 kaydetti: \u201cFakat solcular\u0131n k\u00fclliyen cuntac\u0131 oldu\u011funu iddia etmek son derece yanl\u0131\u015f. Hepimiz hayatlar\u0131n\u0131 daha \u00f6zg\u00fcr bir \u00fclke kurmaya adam\u0131\u015f insanlar\u0131z. M\u0130T o d\u00f6nemde \u00f6rg\u00fctlerin i\u00e7ine girmek i\u00e7in \u00e7ok \u00e7aba harcam\u0131\u015f olabilir ve girmi\u015f de olabilir. Ne var ki ne Deniz&#8217;in ne de Mahir&#8217;in ajan olabilece\u011fini iddia etmek ak\u0131lla ba\u011fda\u015fmaz.\u201d<\/p>\n<p style=\"text-align: justify;\"><strong>I\u015eIKLAR: \u0130\u015e\u00c7\u0130 SINIFI GER\u0130C\u0130 DE\u011e\u0130L<\/strong><br \/>\nEski sendika liderlerinden SHP\u2019li Fehmi I\u015f\u0131klar, \u201cH\u00fcseyin Erg\u00fcn&#8217;\u00fcn i\u015f\u00e7i s\u0131n\u0131f\u0131na bak\u0131\u015f\u0131n\u0131 do\u011fru bulmuyorum. \u0130\u015f\u00e7i s\u0131n\u0131f\u0131 gerici de\u011fil, ilerici ve \u00e7a\u011fda\u015f bir s\u0131n\u0131ft\u0131r\u201d dedi. \u201cH\u00fcseyin Erg\u00fcn y\u00f6ntem olarak da yanl\u0131\u015f bir yolda\u201d diyen I\u015f\u0131klar \u015funlar\u0131 belirtti: \u201cBu \u00fclkede uzun s\u00fcre i\u015f\u00e7ilerin \u00f6rg\u00fctlenmesinin \u00f6n\u00fc kesildi. \u0130\u015f\u00e7iler \u00e7e\u015fitli engellerle kar\u015f\u0131la\u015ft\u0131. Solda yeni bir birliktelik olacaksa bu eme\u011fe dayanmal\u0131. \u0130\u015f\u00e7i s\u0131n\u0131f\u0131 olmadan sol olmaz. Zor ko\u015fullarda imkanlar\u0131 \u00f6l\u00e7\u00fcs\u00fcnde m\u00fccadele etmi\u015f olan devrimci-demokrat gen\u00e7leri de su\u00e7lamak do\u011fru olmaz. Bu gen\u00e7lerin devrimcilikleri ve demokratl\u0131klar\u0131 tart\u0131\u015f\u0131lamaz.. Bu s\u00f6zleri s\u00f6ylemeden evvel parti organlar\u0131yla g\u00f6r\u00fc\u015fmeliydi. Kendisi uzun zamand\u0131r parti i\u00e7inde olsa da g\u00f6r\u00fc\u015fleri konusunda bir fikir birli\u011fi yoktur.\u201d\n<\/p>\n<p style=\"text-align: justify;\"><span style=\"color: #888888;\">Kaynak : BirG\u00fcn \/\u00a0 SERDAR SA\u011eLAM \/ BA\u015eAK TURAN<\/span><\/p>\n<\/div>\n","protected":false},"excerpt":{"rendered":"<\/p>\n<p style=\"text-align: justify;\">SHP Genel Sekreteri Ahmet Abakay, Genel Ba\u015fkan\u0131 H\u00fcseyin Erg\u00fcn\u2019\u00fcn solun \u00f6nderlerine kar\u015f\u0131 etti\u011fi s\u00f6zlerin sol bir partinin ba\u015fkan\u0131na yak\u0131\u015fmad\u0131\u011f\u0131n\u0131 s\u00f6yledi. SHP\u2019de Erg\u00fcn\u2019e tepki b\u00fcy\u00fcyor&#8230;<\/p>\n<p style=\"text-align: justify;\">TE\u015eK\u0130LATTA \u015eA\u015eKINLIK YARATTI Abakay, Erg\u00fcn\u2019\u00fcn g\u00f6r\u00fc\u015flerinin partinin b\u00fct\u00fcn birimlerinde ve \u00f6rg\u00fctlerinde b\u00fcy\u00fck \u015fa\u015fk\u0131nl\u0131k yaratt\u0131\u011f\u0131n\u0131 ifade ederek, Genel Ba\u015fkan\u2019\u0131n g\u00f6r\u00fc\u015flerinin SHP\u2019nin ilkeleriyle de uyu\u015fmad\u0131\u011f\u0131n\u0131 vurgulad\u0131. Abakay, t\u00fcm <\/p>\n","protected":false},"author":1,"featured_media":0,"comment_status":"open","ping_status":"closed","sticky":false,"template":"","format":"standard","meta":{"footnotes":""},"categories":[105],"tags":[],"class_list":["post-10335","post","type-post","status-publish","format-standard","hentry","category-gundem","odd"],"_links":{"self":[{"href":"http:\/\/www.korhanyilmaz.com\/index.php?rest_route=\/wp\/v2\/posts\/10335","targetHints":{"allow":["GET"]}}],"collection":[{"href":"http:\/\/www.korhanyilmaz.com\/index.php?rest_route=\/wp\/v2\/posts"}],"about":[{"href":"http:\/\/www.korhanyilmaz.com\/index.php?rest_route=\/wp\/v2\/types\/post"}],"author":[{"embeddable":true,"href":"http:\/\/www.korhanyilmaz.com\/index.php?rest_route=\/wp\/v2\/users\/1"}],"replies":[{"embeddable":true,"href":"http:\/\/www.korhanyilmaz.com\/index.php?rest_route=%2Fwp%2Fv2%2Fcomments&post=10335"}],"version-history":[{"count":0,"href":"http:\/\/www.korhanyilmaz.com\/index.php?rest_route=\/wp\/v2\/posts\/10335\/revisions"}],"wp:attachment":[{"href":"http:\/\/www.korhanyilmaz.com\/index.php?rest_route=%2Fwp%2Fv2%2Fmedia&parent=10335"}],"wp:term":[{"taxonomy":"category","embeddable":true,"href":"http:\/\/www.korhanyilmaz.com\/index.php?rest_route=%2Fwp%2Fv2%2Fcategories&post=10335"},{"taxonomy":"post_tag","embeddable":true,"href":"http:\/\/www.korhanyilmaz.com\/index.php?rest_route=%2Fwp%2Fv2%2Ftags&post=10335"}],"curies":[{"name":"wp","href":"https:\/\/api.w.org\/{rel}","templated":true}]}}